{"id":28334,"date":"2022-07-09T19:00:50","date_gmt":"2022-07-09T17:00:50","guid":{"rendered":"https:\/\/www.lauriecornillon.com\/?page_id=28334"},"modified":"2026-03-03T22:12:18","modified_gmt":"2026-03-03T21:12:18","slug":"wedding-extracts","status":"publish","type":"post","link":"https:\/\/www.lauriecornillon.com\/en\/extraits-de-mariages\/","title":{"rendered":"Wedding Moments"},"content":{"rendered":"<div class=\"et_pb_section_0 et_pb_section et_section_regular et_block_section\">\n<div class=\"et_pb_row_0 et_pb_row et_block_row\">\n<div class=\"et_pb_column_0 et_pb_column et_pb_column_4_4 et-last-child et_block_column et_pb_css_mix_blend_mode_passthrough\">\n<div class=\"et_pb_image_0 et_pb_image et_pb_module et_block_module\"><span class=\"et_pb_image_wrap\"><img decoding=\"async\" data-src=\"https:\/\/www.lauriecornillon.com\/wp-content\/smush-webp\/sites\/5\/2021\/02\/wedding-photographer-icon-4-gold.png.webp\" width=\"32\" height=\"32\" data-sizes=\"(max-width: 32px) 100vw, 32px\" class=\"wp-image-35 lazyload\" title=\"wedding-photographer-icon-4-gold\" src=\"data:image\/svg+xml;base64,PHN2ZyB3aWR0aD0iMSIgaGVpZ2h0PSIxIiB4bWxucz0iaHR0cDovL3d3dy53My5vcmcvMjAwMC9zdmciPjwvc3ZnPg==\" style=\"--smush-placeholder-width: 32px; --smush-placeholder-aspect-ratio: 32\/32;\" \/><\/span><\/div>\n\n<div class=\"et_pb_text_0 et_pb_text et_pb_bg_layout_light et_pb_module et_block_module et_pb_text_align_center\"><div class=\"et_pb_text_inner\"><p>Wedding<\/p>\n<\/div><\/div>\n\n<div class=\"et_pb_text_1 et_pb_text et_pb_bg_layout_light et_pb_module et_block_module et_pb_text_align_center\"><div class=\"et_pb_text_inner\"><h1>Wedding Moments<\/h1>\n<\/div><\/div>\n\n<div class=\"et_pb_text_2 et_pb_text et_pb_bg_layout_light et_pb_module et_block_module et_pb_text_align_center\"><div class=\"et_pb_text_inner\"><p>Marriage is an important moment in the lives of all couples. It's the day they make their love and commitment to each other official. For many couples, it's also the day they begin to write a new page in their history together.<\/p>\n<p>In this diary, you'll discover a few examples of wedding photo report excerpts. You'll see that each photograph tells a different story and captures the essence of the newlyweds' happiness.<\/p>\n<\/div><\/div>\n<\/div>\n<\/div>\n\n<div class=\"et_pb_row_1 et_pb_row et_block_row\">\n<div class=\"et_pb_column_1 et_pb_column et_pb_column_4_4 et-last-child et_block_column et_pb_css_mix_blend_mode_passthrough\">\n<div class=\"et_pb_blog_0 et_pb_blog et_pb_bg_layout_light et_pb_text_align_center et_pb_posts et_pb_module\"><div class=\"et_pb_ajax_pagination_container\"><div class=\"et_pb_posts et_block_module\"><article class=\"et_pb_post et_pb_post_id_37404 clearfix et_pb_has_overlay et_pb_blog_item_0_0 post-37404 post type-post status-publish format-standard has-post-thumbnail hentry category-portfolio category-chevre-dor category-plateau-de-la-rose category-proposal category-eze\"><a href=\"https:\/\/www.lauriecornillon.com\/en\/demande-mariage-plateau-rose-chevre-or-coucher-soleil\/\" class=\"entry-featured-image-url\"><img decoding=\"async\" data-src=\"https:\/\/www.lauriecornillon.com\/wp-content\/smush-webp\/sites\/5\/2026\/04\/eze-4306.jpg.webp\" width=\"1365\" height=\"2048\" alt=\"Wedding proposal at Plateau de la Rose in La Ch\u00e8vre d&#039;Or | Sunset in \u00c8ze\" class=\"et_pb_post_main_image lazyload\" src=\"data:image\/svg+xml;base64,PHN2ZyB3aWR0aD0iMSIgaGVpZ2h0PSIxIiB4bWxucz0iaHR0cDovL3d3dy53My5vcmcvMjAwMC9zdmciPjwvc3ZnPg==\" style=\"--smush-placeholder-width: 1365px; --smush-placeholder-aspect-ratio: 1365\/2048;\" data-srcset=\"https:\/\/www.lauriecornillon.com\/wp-content\/smush-webp\/sites\/5\/2026\/04\/eze-4306.jpg.webp 1365w, https:\/\/www.lauriecornillon.com\/wp-content\/smush-webp\/sites\/5\/2026\/04\/eze-4306-1280x1920.jpg.webp 1280w, https:\/\/www.lauriecornillon.com\/wp-content\/smush-webp\/sites\/5\/2026\/04\/eze-4306-980x1470.jpg.webp 980w, https:\/\/www.lauriecornillon.com\/wp-content\/smush-webp\/sites\/5\/2026\/04\/eze-4306-480x720.jpg.webp 480w\" data-sizes=\"auto\" data-original-sizes=\"(min-width: 0px) and (max-width: 480px) 480px, (min-width: 481px) and (max-width: 980px) 980px, (min-width: 981px) and (max-width: 1280px) 1280px, (min-width: 1281px) 1365px, 100vw\" \/><span data-icon=\"\ue089\" class=\"et_overlay et_pb_inline_icon\"><\/span><\/a><h2 class=\"entry-title\"><a href=\"https:\/\/www.lauriecornillon.com\/en\/demande-mariage-plateau-rose-chevre-or-coucher-soleil\/\">Wedding proposal at Plateau de la Rose in La Ch\u00e8vre d'Or | Sunset in \u00c8ze<\/a><\/h2><p class=\"post-meta\"><\/p><div class=\"post-content\"><div class=\"post-content-inner\"><\/div><\/div><\/article><article class=\"et_pb_post et_pb_post_id_37315 clearfix et_pb_has_overlay et_pb_blog_item_0_1 post-37315 post type-post status-publish format-standard has-post-thumbnail hentry category-portfolio category-chevre-dor category-dome category-proposal category-eze\"><a href=\"https:\/\/www.lauriecornillon.com\/en\/demande-mariage-dome-chevre-or-eze\/\" class=\"entry-featured-image-url\"><img decoding=\"async\" data-src=\"https:\/\/www.lauriecornillon.com\/wp-content\/smush-webp\/sites\/5\/2026\/04\/eze-1138.jpg.webp\" width=\"1365\" height=\"2048\" alt=\"Wedding proposal at the D\u00f4me de La Ch\u00e8vre d&#039;Or | Red roses and candles in \u00c8ze\" class=\"et_pb_post_main_image lazyload\" src=\"data:image\/svg+xml;base64,PHN2ZyB3aWR0aD0iMSIgaGVpZ2h0PSIxIiB4bWxucz0iaHR0cDovL3d3dy53My5vcmcvMjAwMC9zdmciPjwvc3ZnPg==\" style=\"--smush-placeholder-width: 1365px; --smush-placeholder-aspect-ratio: 1365\/2048;\" data-srcset=\"https:\/\/www.lauriecornillon.com\/wp-content\/smush-webp\/sites\/5\/2026\/04\/eze-1138.jpg.webp 1365w, https:\/\/www.lauriecornillon.com\/wp-content\/smush-webp\/sites\/5\/2026\/04\/eze-1138-1280x1920.jpg.webp 1280w, https:\/\/www.lauriecornillon.com\/wp-content\/smush-webp\/sites\/5\/2026\/04\/eze-1138-980x1470.jpg.webp 980w, https:\/\/www.lauriecornillon.com\/wp-content\/smush-webp\/sites\/5\/2026\/04\/eze-1138-480x720.jpg.webp 480w\" data-sizes=\"auto\" data-original-sizes=\"(min-width: 0px) and (max-width: 480px) 480px, (min-width: 481px) and (max-width: 980px) 980px, (min-width: 981px) and (max-width: 1280px) 1280px, (min-width: 1281px) 1365px, 100vw\" \/><span data-icon=\"\ue089\" class=\"et_overlay et_pb_inline_icon\"><\/span><\/a><h2 class=\"entry-title\"><a href=\"https:\/\/www.lauriecornillon.com\/en\/demande-mariage-dome-chevre-or-eze\/\">Wedding proposal at the D\u00f4me de La Ch\u00e8vre d'Or | Red roses and candles in \u00c8ze<\/a><\/h2><p class=\"post-meta\"><\/p><div class=\"post-content\"><div class=\"post-content-inner\"><\/div><\/div><\/article><article class=\"et_pb_post et_pb_post_id_37328 clearfix et_pb_has_overlay et_pb_blog_item_0_2 post-37328 post type-post status-publish format-standard has-post-thumbnail hentry category-portfolio category-chevre-dor category-dome category-proposal category-eze\"><a href=\"https:\/\/www.lauriecornillon.com\/en\/demande-mariage-dome-chevre-or-bouquet-roses-rouges\/\" class=\"entry-featured-image-url\"><img decoding=\"async\" data-src=\"https:\/\/www.lauriecornillon.com\/wp-content\/smush-webp\/sites\/5\/2026\/04\/eze-1638.jpg.webp\" width=\"1365\" height=\"2048\" alt=\"Wedding proposal at La Ch\u00e8vre d&#039;Or Dome with bouquet of red roses\" class=\"et_pb_post_main_image lazyload\" src=\"data:image\/svg+xml;base64,PHN2ZyB3aWR0aD0iMSIgaGVpZ2h0PSIxIiB4bWxucz0iaHR0cDovL3d3dy53My5vcmcvMjAwMC9zdmciPjwvc3ZnPg==\" style=\"--smush-placeholder-width: 1365px; --smush-placeholder-aspect-ratio: 1365\/2048;\" data-srcset=\"https:\/\/www.lauriecornillon.com\/wp-content\/smush-webp\/sites\/5\/2026\/04\/eze-1638.jpg.webp 1365w, https:\/\/www.lauriecornillon.com\/wp-content\/smush-webp\/sites\/5\/2026\/04\/eze-1638-1280x1920.jpg.webp 1280w, https:\/\/www.lauriecornillon.com\/wp-content\/smush-webp\/sites\/5\/2026\/04\/eze-1638-980x1470.jpg.webp 980w, https:\/\/www.lauriecornillon.com\/wp-content\/smush-webp\/sites\/5\/2026\/04\/eze-1638-480x720.jpg.webp 480w\" data-sizes=\"auto\" data-original-sizes=\"(min-width: 0px) and (max-width: 480px) 480px, (min-width: 481px) and (max-width: 980px) 980px, (min-width: 981px) and (max-width: 1280px) 1280px, (min-width: 1281px) 1365px, 100vw\" \/><span data-icon=\"\ue089\" class=\"et_overlay et_pb_inline_icon\"><\/span><\/a><h2 class=\"entry-title\"><a href=\"https:\/\/www.lauriecornillon.com\/en\/demande-mariage-dome-chevre-or-bouquet-roses-rouges\/\">Wedding proposal at La Ch\u00e8vre d'Or Dome with bouquet of red roses<\/a><\/h2><p class=\"post-meta\"><\/p><div class=\"post-content\"><div class=\"post-content-inner\"><\/div><\/div><\/article><article class=\"et_pb_post et_pb_post_id_37425 clearfix et_pb_has_overlay et_pb_blog_item_0_3 post-37425 post type-post status-publish format-standard has-post-thumbnail hentry category-portfolio category-chevre-dor category-jardins category-proposal category-eze\"><a href=\"https:\/\/www.lauriecornillon.com\/en\/demande-mariage-jardins-chevre-or-eze\/\" class=\"entry-featured-image-url\"><img decoding=\"async\" data-src=\"https:\/\/www.lauriecornillon.com\/wp-content\/smush-webp\/sites\/5\/2026\/04\/eze-2157.jpg.webp\" width=\"1365\" height=\"2048\" alt=\"Wedding proposal at the Jardins de La Ch\u00e8vre d&#039;Or in \u00c8ze\" class=\"et_pb_post_main_image lazyload\" src=\"data:image\/svg+xml;base64,PHN2ZyB3aWR0aD0iMSIgaGVpZ2h0PSIxIiB4bWxucz0iaHR0cDovL3d3dy53My5vcmcvMjAwMC9zdmciPjwvc3ZnPg==\" style=\"--smush-placeholder-width: 1365px; --smush-placeholder-aspect-ratio: 1365\/2048;\" data-srcset=\"https:\/\/www.lauriecornillon.com\/wp-content\/smush-webp\/sites\/5\/2026\/04\/eze-2157.jpg.webp 1365w, https:\/\/www.lauriecornillon.com\/wp-content\/smush-webp\/sites\/5\/2026\/04\/eze-2157-1280x1920.jpg.webp 1280w, https:\/\/www.lauriecornillon.com\/wp-content\/smush-webp\/sites\/5\/2026\/04\/eze-2157-980x1470.jpg.webp 980w, https:\/\/www.lauriecornillon.com\/wp-content\/smush-webp\/sites\/5\/2026\/04\/eze-2157-480x720.jpg.webp 480w\" data-sizes=\"auto\" data-original-sizes=\"(min-width: 0px) and (max-width: 480px) 480px, (min-width: 481px) and (max-width: 980px) 980px, (min-width: 981px) and (max-width: 1280px) 1280px, (min-width: 1281px) 1365px, 100vw\" \/><span data-icon=\"\ue089\" class=\"et_overlay et_pb_inline_icon\"><\/span><\/a><h2 class=\"entry-title\"><a href=\"https:\/\/www.lauriecornillon.com\/en\/demande-mariage-jardins-chevre-or-eze\/\">Wedding proposal at the Jardins de La Ch\u00e8vre d'Or in \u00c8ze<\/a><\/h2><p class=\"post-meta\"><\/p><div class=\"post-content\"><div class=\"post-content-inner\"><\/div><\/div><\/article><article class=\"et_pb_post et_pb_post_id_37248 clearfix et_pb_has_overlay et_pb_blog_item_0_4 post-37248 post type-post status-publish format-standard has-post-thumbnail hentry category-portfolio category-cafe-du-jardin category-chevre-dor category-proposal category-eze\"><a href=\"https:\/\/www.lauriecornillon.com\/en\/demande-mariage-chevre-or-troisieme-terrasse-cafe-jardin\/\" class=\"entry-featured-image-url\"><img decoding=\"async\" data-src=\"https:\/\/www.lauriecornillon.com\/wp-content\/smush-webp\/sites\/5\/2026\/04\/eze-2933.jpg.webp\" width=\"1365\" height=\"2048\" alt=\"Wedding proposal at La Ch\u00e8vre d&#039;Or | Caf\u00e9 du Jardin in \u00c8ze\" class=\"et_pb_post_main_image lazyload\" src=\"data:image\/svg+xml;base64,PHN2ZyB3aWR0aD0iMSIgaGVpZ2h0PSIxIiB4bWxucz0iaHR0cDovL3d3dy53My5vcmcvMjAwMC9zdmciPjwvc3ZnPg==\" style=\"--smush-placeholder-width: 1365px; --smush-placeholder-aspect-ratio: 1365\/2048;\" data-srcset=\"https:\/\/www.lauriecornillon.com\/wp-content\/smush-webp\/sites\/5\/2026\/04\/eze-2933.jpg.webp 1365w, https:\/\/www.lauriecornillon.com\/wp-content\/smush-webp\/sites\/5\/2026\/04\/eze-2933-1280x1920.jpg.webp 1280w, https:\/\/www.lauriecornillon.com\/wp-content\/smush-webp\/sites\/5\/2026\/04\/eze-2933-980x1470.jpg.webp 980w, https:\/\/www.lauriecornillon.com\/wp-content\/smush-webp\/sites\/5\/2026\/04\/eze-2933-480x720.jpg.webp 480w\" data-sizes=\"auto\" data-original-sizes=\"(min-width: 0px) and (max-width: 480px) 480px, (min-width: 481px) and (max-width: 980px) 980px, (min-width: 981px) and (max-width: 1280px) 1280px, (min-width: 1281px) 1365px, 100vw\" \/><span data-icon=\"\ue089\" class=\"et_overlay et_pb_inline_icon\"><\/span><\/a><h2 class=\"entry-title\"><a href=\"https:\/\/www.lauriecornillon.com\/en\/demande-mariage-chevre-or-troisieme-terrasse-cafe-jardin\/\">Wedding proposal at La Ch\u00e8vre d'Or | Caf\u00e9 du Jardin in \u00c8ze<\/a><\/h2><p class=\"post-meta\"><\/p><div class=\"post-content\"><div class=\"post-content-inner\"><\/div><\/div><\/article><article class=\"et_pb_post et_pb_post_id_37419 clearfix et_pb_has_overlay et_pb_blog_item_0_5 post-37419 post type-post status-publish format-standard has-post-thumbnail hentry category-portfolio category-chevre-dor category-dome category-proposal category-eze\"><a href=\"https:\/\/www.lauriecornillon.com\/en\/demande-mariage-dome-chateau-chevre-or-vue-panoramique-mer\/\" class=\"entry-featured-image-url\"><img decoding=\"async\" data-src=\"https:\/\/www.lauriecornillon.com\/wp-content\/smush-webp\/sites\/5\/2026\/04\/eze-2023.jpg.webp\" width=\"1365\" height=\"2048\" alt=\"Wedding proposal at the D\u00f4me du Ch\u00e2teau de La Ch\u00e8vre d&#039;Or with panoramic sea view\" class=\"et_pb_post_main_image lazyload\" src=\"data:image\/svg+xml;base64,PHN2ZyB3aWR0aD0iMSIgaGVpZ2h0PSIxIiB4bWxucz0iaHR0cDovL3d3dy53My5vcmcvMjAwMC9zdmciPjwvc3ZnPg==\" style=\"--smush-placeholder-width: 1365px; --smush-placeholder-aspect-ratio: 1365\/2048;\" data-srcset=\"https:\/\/www.lauriecornillon.com\/wp-content\/smush-webp\/sites\/5\/2026\/04\/eze-2023.jpg.webp 1365w, https:\/\/www.lauriecornillon.com\/wp-content\/smush-webp\/sites\/5\/2026\/04\/eze-2023-1280x1920.jpg.webp 1280w, https:\/\/www.lauriecornillon.com\/wp-content\/smush-webp\/sites\/5\/2026\/04\/eze-2023-980x1470.jpg.webp 980w, https:\/\/www.lauriecornillon.com\/wp-content\/smush-webp\/sites\/5\/2026\/04\/eze-2023-480x720.jpg.webp 480w\" data-sizes=\"auto\" data-original-sizes=\"(min-width: 0px) and (max-width: 480px) 480px, (min-width: 481px) and (max-width: 980px) 980px, (min-width: 981px) and (max-width: 1280px) 1280px, (min-width: 1281px) 1365px, 100vw\" \/><span data-icon=\"\ue089\" class=\"et_overlay et_pb_inline_icon\"><\/span><\/a><h2 class=\"entry-title\"><a href=\"https:\/\/www.lauriecornillon.com\/en\/demande-mariage-dome-chateau-chevre-or-vue-panoramique-mer\/\">Wedding proposal at the D\u00f4me du Ch\u00e2teau de La Ch\u00e8vre d'Or with panoramic sea view<\/a><\/h2><p class=\"post-meta\"><\/p><div class=\"post-content\"><div class=\"post-content-inner\"><\/div><\/div><\/article><article class=\"et_pb_post et_pb_post_id_37413 clearfix et_pb_has_overlay et_pb_blog_item_0_6 post-37413 post type-post status-publish format-standard has-post-thumbnail hentry category-portfolio category-chevre-dor category-plateau-de-la-rose category-proposal category-eze\"><a href=\"https:\/\/www.lauriecornillon.com\/en\/demande-mariage-plateau-rose-chevre-or\/\" class=\"entry-featured-image-url\"><img decoding=\"async\" data-src=\"https:\/\/www.lauriecornillon.com\/wp-content\/smush-webp\/sites\/5\/2026\/04\/eze-3365.jpg.webp\" width=\"1365\" height=\"2048\" alt=\"Wedding proposal at Plateau de la Rose in La Ch\u00e8vre d&#039;Or\" class=\"et_pb_post_main_image lazyload\" src=\"data:image\/svg+xml;base64,PHN2ZyB3aWR0aD0iMSIgaGVpZ2h0PSIxIiB4bWxucz0iaHR0cDovL3d3dy53My5vcmcvMjAwMC9zdmciPjwvc3ZnPg==\" style=\"--smush-placeholder-width: 1365px; --smush-placeholder-aspect-ratio: 1365\/2048;\" data-srcset=\"https:\/\/www.lauriecornillon.com\/wp-content\/smush-webp\/sites\/5\/2026\/04\/eze-3365.jpg.webp 1365w, https:\/\/www.lauriecornillon.com\/wp-content\/smush-webp\/sites\/5\/2026\/04\/eze-3365-1280x1920.jpg.webp 1280w, https:\/\/www.lauriecornillon.com\/wp-content\/smush-webp\/sites\/5\/2026\/04\/eze-3365-980x1470.jpg.webp 980w, https:\/\/www.lauriecornillon.com\/wp-content\/smush-webp\/sites\/5\/2026\/04\/eze-3365-480x720.jpg.webp 480w\" data-sizes=\"auto\" data-original-sizes=\"(min-width: 0px) and (max-width: 480px) 480px, (min-width: 481px) and (max-width: 980px) 980px, (min-width: 981px) and (max-width: 1280px) 1280px, (min-width: 1281px) 1365px, 100vw\" \/><span data-icon=\"\ue089\" class=\"et_overlay et_pb_inline_icon\"><\/span><\/a><h2 class=\"entry-title\"><a href=\"https:\/\/www.lauriecornillon.com\/en\/demande-mariage-plateau-rose-chevre-or\/\">Wedding proposal at Plateau de la Rose in La Ch\u00e8vre d'Or<\/a><\/h2><p class=\"post-meta\"><\/p><div class=\"post-content\"><div class=\"post-content-inner\"><\/div><\/div><\/article><article class=\"et_pb_post et_pb_post_id_37394 clearfix et_pb_has_overlay et_pb_blog_item_0_7 post-37394 post type-post status-publish format-standard has-post-thumbnail hentry category-portfolio category-engagement category-engagement-chevre-dor category-engagement-eze\"><a href=\"https:\/\/www.lauriecornillon.com\/en\/seance-photo-engagement-eze-chevre-or-village-medieval\/\" class=\"entry-featured-image-url\"><img decoding=\"async\" data-src=\"https:\/\/www.lauriecornillon.com\/wp-content\/smush-webp\/sites\/5\/2026\/04\/eze-3681.jpg.webp\" width=\"1365\" height=\"2048\" alt=\"Engagement photo shoot in \u00c8ze between La Ch\u00e8vre d&#039;Or and the medieval village\" class=\"et_pb_post_main_image lazyload\" src=\"data:image\/svg+xml;base64,PHN2ZyB3aWR0aD0iMSIgaGVpZ2h0PSIxIiB4bWxucz0iaHR0cDovL3d3dy53My5vcmcvMjAwMC9zdmciPjwvc3ZnPg==\" style=\"--smush-placeholder-width: 1365px; --smush-placeholder-aspect-ratio: 1365\/2048;\" data-srcset=\"https:\/\/www.lauriecornillon.com\/wp-content\/smush-webp\/sites\/5\/2026\/04\/eze-3681.jpg.webp 1365w, https:\/\/www.lauriecornillon.com\/wp-content\/smush-webp\/sites\/5\/2026\/04\/eze-3681-1280x1920.jpg.webp 1280w, https:\/\/www.lauriecornillon.com\/wp-content\/smush-webp\/sites\/5\/2026\/04\/eze-3681-980x1470.jpg.webp 980w, https:\/\/www.lauriecornillon.com\/wp-content\/smush-webp\/sites\/5\/2026\/04\/eze-3681-480x720.jpg.webp 480w\" data-sizes=\"auto\" data-original-sizes=\"(min-width: 0px) and (max-width: 480px) 480px, (min-width: 481px) and (max-width: 980px) 980px, (min-width: 981px) and (max-width: 1280px) 1280px, (min-width: 1281px) 1365px, 100vw\" \/><span data-icon=\"\ue089\" class=\"et_overlay et_pb_inline_icon\"><\/span><\/a><h2 class=\"entry-title\"><a href=\"https:\/\/www.lauriecornillon.com\/en\/seance-photo-engagement-eze-chevre-or-village-medieval\/\">Engagement photo shoot in \u00c8ze between La Ch\u00e8vre d'Or and the medieval village<\/a><\/h2><p class=\"post-meta\"><\/p><div class=\"post-content\"><div class=\"post-content-inner\"><\/div><\/div><\/article><article class=\"et_pb_post et_pb_post_id_37268 clearfix et_pb_has_overlay et_pb_blog_item_0_8 post-37268 post type-post status-publish format-standard has-post-thumbnail hentry category-portfolio category-cafe-du-jardin category-chevre-dor category-proposal category-eze\"><a href=\"https:\/\/www.lauriecornillon.com\/en\/demande-mariage-coucher-soleil-chevre-or\/\" class=\"entry-featured-image-url\"><img decoding=\"async\" data-src=\"https:\/\/www.lauriecornillon.com\/wp-content\/smush-webp\/sites\/5\/2026\/04\/eze-2255.jpg.webp\" width=\"1365\" height=\"2048\" alt=\"Sunset proposal at La Ch\u00e8vre d&#039;Or | Third terrace of Caf\u00e9 du Jardin\" class=\"et_pb_post_main_image lazyload\" src=\"data:image\/svg+xml;base64,PHN2ZyB3aWR0aD0iMSIgaGVpZ2h0PSIxIiB4bWxucz0iaHR0cDovL3d3dy53My5vcmcvMjAwMC9zdmciPjwvc3ZnPg==\" style=\"--smush-placeholder-width: 1365px; --smush-placeholder-aspect-ratio: 1365\/2048;\" data-srcset=\"https:\/\/www.lauriecornillon.com\/wp-content\/smush-webp\/sites\/5\/2026\/04\/eze-2255.jpg.webp 1365w, https:\/\/www.lauriecornillon.com\/wp-content\/smush-webp\/sites\/5\/2026\/04\/eze-2255-1280x1920.jpg.webp 1280w, https:\/\/www.lauriecornillon.com\/wp-content\/smush-webp\/sites\/5\/2026\/04\/eze-2255-980x1470.jpg.webp 980w, https:\/\/www.lauriecornillon.com\/wp-content\/smush-webp\/sites\/5\/2026\/04\/eze-2255-480x720.jpg.webp 480w\" data-sizes=\"auto\" data-original-sizes=\"(min-width: 0px) and (max-width: 480px) 480px, (min-width: 481px) and (max-width: 980px) 980px, (min-width: 981px) and (max-width: 1280px) 1280px, (min-width: 1281px) 1365px, 100vw\" \/><span data-icon=\"\ue089\" class=\"et_overlay et_pb_inline_icon\"><\/span><\/a><h2 class=\"entry-title\"><a href=\"https:\/\/www.lauriecornillon.com\/en\/demande-mariage-coucher-soleil-chevre-or\/\">Sunset proposal at La Ch\u00e8vre d'Or | Third terrace of Caf\u00e9 du Jardin<\/a><\/h2><p class=\"post-meta\"><\/p><div class=\"post-content\"><div class=\"post-content-inner\"><\/div><\/div><\/article><article class=\"et_pb_post et_pb_post_id_37367 clearfix et_pb_has_overlay et_pb_blog_item_0_9 post-37367 post type-post status-publish format-standard has-post-thumbnail hentry category-non-classifiee\"><a href=\"https:\/\/www.lauriecornillon.com\/en\/seance-photo-engagement-dome-chevre-or-eze\/\" class=\"entry-featured-image-url\"><img decoding=\"async\" data-src=\"https:\/\/www.lauriecornillon.com\/wp-content\/smush-webp\/sites\/5\/2026\/04\/eze-899.jpg.webp\" width=\"1365\" height=\"2048\" alt=\"Engagement photo session at the D\u00f4me de La Ch\u00e8vre d&#039;Or in \u00c8ze\" class=\"et_pb_post_main_image lazyload\" src=\"data:image\/svg+xml;base64,PHN2ZyB3aWR0aD0iMSIgaGVpZ2h0PSIxIiB4bWxucz0iaHR0cDovL3d3dy53My5vcmcvMjAwMC9zdmciPjwvc3ZnPg==\" style=\"--smush-placeholder-width: 1365px; --smush-placeholder-aspect-ratio: 1365\/2048;\" data-srcset=\"https:\/\/www.lauriecornillon.com\/wp-content\/smush-webp\/sites\/5\/2026\/04\/eze-899.jpg.webp 1365w, https:\/\/www.lauriecornillon.com\/wp-content\/smush-webp\/sites\/5\/2026\/04\/eze-899-1280x1920.jpg.webp 1280w, https:\/\/www.lauriecornillon.com\/wp-content\/smush-webp\/sites\/5\/2026\/04\/eze-899-980x1470.jpg.webp 980w, https:\/\/www.lauriecornillon.com\/wp-content\/smush-webp\/sites\/5\/2026\/04\/eze-899-480x720.jpg.webp 480w\" data-sizes=\"auto\" data-original-sizes=\"(min-width: 0px) and (max-width: 480px) 480px, (min-width: 481px) and (max-width: 980px) 980px, (min-width: 981px) and (max-width: 1280px) 1280px, (min-width: 1281px) 1365px, 100vw\" \/><span data-icon=\"\ue089\" class=\"et_overlay et_pb_inline_icon\"><\/span><\/a><h2 class=\"entry-title\"><a href=\"https:\/\/www.lauriecornillon.com\/en\/seance-photo-engagement-dome-chevre-or-eze\/\">Engagement photo session at the D\u00f4me de La Ch\u00e8vre d'Or in \u00c8ze<\/a><\/h2><p class=\"post-meta\"><\/p><div class=\"post-content\"><div class=\"post-content-inner\"><\/div><\/div><\/article><article class=\"et_pb_post et_pb_post_id_37359 clearfix et_pb_has_overlay et_pb_blog_item_0_10 post-37359 post type-post status-publish format-standard has-post-thumbnail hentry category-non-classifiee\"><a href=\"https:\/\/www.lauriecornillon.com\/en\/demande-mariage-famille-dome-chevre-or\/\" class=\"entry-featured-image-url\"><img decoding=\"async\" data-src=\"https:\/\/www.lauriecornillon.com\/wp-content\/smush-webp\/sites\/5\/2026\/04\/eze-2767.jpg.webp\" width=\"1365\" height=\"2048\" alt=\"Family wedding proposal at La Ch\u00e8vre d&#039;Or Temple of Love\" class=\"et_pb_post_main_image lazyload\" src=\"data:image\/svg+xml;base64,PHN2ZyB3aWR0aD0iMSIgaGVpZ2h0PSIxIiB4bWxucz0iaHR0cDovL3d3dy53My5vcmcvMjAwMC9zdmciPjwvc3ZnPg==\" style=\"--smush-placeholder-width: 1365px; --smush-placeholder-aspect-ratio: 1365\/2048;\" data-srcset=\"https:\/\/www.lauriecornillon.com\/wp-content\/smush-webp\/sites\/5\/2026\/04\/eze-2767.jpg.webp 1365w, https:\/\/www.lauriecornillon.com\/wp-content\/smush-webp\/sites\/5\/2026\/04\/eze-2767-1280x1920.jpg.webp 1280w, https:\/\/www.lauriecornillon.com\/wp-content\/smush-webp\/sites\/5\/2026\/04\/eze-2767-980x1470.jpg.webp 980w, https:\/\/www.lauriecornillon.com\/wp-content\/smush-webp\/sites\/5\/2026\/04\/eze-2767-480x720.jpg.webp 480w\" data-sizes=\"auto\" data-original-sizes=\"(min-width: 0px) and (max-width: 480px) 480px, (min-width: 481px) and (max-width: 980px) 980px, (min-width: 981px) and (max-width: 1280px) 1280px, (min-width: 1281px) 1365px, 100vw\" \/><span data-icon=\"\ue089\" class=\"et_overlay et_pb_inline_icon\"><\/span><\/a><h2 class=\"entry-title\"><a href=\"https:\/\/www.lauriecornillon.com\/en\/demande-mariage-famille-dome-chevre-or\/\">Family wedding proposal at La Ch\u00e8vre d'Or Temple of Love<\/a><\/h2><p class=\"post-meta\"><\/p><div class=\"post-content\"><div class=\"post-content-inner\"><\/div><\/div><\/article><article class=\"et_pb_post et_pb_post_id_37345 clearfix et_pb_has_overlay et_pb_blog_item_0_11 post-37345 post type-post status-publish format-standard has-post-thumbnail hentry category-portfolio category-chevre-dor category-dome category-proposal category-eze\"><a href=\"https:\/\/www.lauriecornillon.com\/en\/demande-mariage-dome-chevre-or-journee\/\" class=\"entry-featured-image-url\"><img decoding=\"async\" data-src=\"https:\/\/www.lauriecornillon.com\/wp-content\/smush-webp\/sites\/5\/2026\/04\/eze-1907.jpg.webp\" width=\"1365\" height=\"2048\" alt=\"Daytime proposal at La Ch\u00e8vre d&#039;Or Dome\" class=\"et_pb_post_main_image lazyload\" src=\"data:image\/svg+xml;base64,PHN2ZyB3aWR0aD0iMSIgaGVpZ2h0PSIxIiB4bWxucz0iaHR0cDovL3d3dy53My5vcmcvMjAwMC9zdmciPjwvc3ZnPg==\" style=\"--smush-placeholder-width: 1365px; --smush-placeholder-aspect-ratio: 1365\/2048;\" data-srcset=\"https:\/\/www.lauriecornillon.com\/wp-content\/smush-webp\/sites\/5\/2026\/04\/eze-1907.jpg.webp 1365w, https:\/\/www.lauriecornillon.com\/wp-content\/smush-webp\/sites\/5\/2026\/04\/eze-1907-1280x1920.jpg.webp 1280w, https:\/\/www.lauriecornillon.com\/wp-content\/smush-webp\/sites\/5\/2026\/04\/eze-1907-980x1470.jpg.webp 980w, https:\/\/www.lauriecornillon.com\/wp-content\/smush-webp\/sites\/5\/2026\/04\/eze-1907-480x720.jpg.webp 480w\" data-sizes=\"auto\" data-original-sizes=\"(min-width: 0px) and (max-width: 480px) 480px, (min-width: 481px) and (max-width: 980px) 980px, (min-width: 981px) and (max-width: 1280px) 1280px, (min-width: 1281px) 1365px, 100vw\" \/><span data-icon=\"\ue089\" class=\"et_overlay et_pb_inline_icon\"><\/span><\/a><h2 class=\"entry-title\"><a href=\"https:\/\/www.lauriecornillon.com\/en\/demande-mariage-dome-chevre-or-journee\/\">Daytime proposal at La Ch\u00e8vre d'Or Dome<\/a><\/h2><p class=\"post-meta\"><\/p><div class=\"post-content\"><div class=\"post-content-inner\"><\/div><\/div><\/article><article class=\"et_pb_post et_pb_post_id_37308 clearfix et_pb_has_overlay et_pb_blog_item_0_12 post-37308 post type-post status-publish format-standard has-post-thumbnail hentry category-portfolio category-cafe-du-jardin category-chevre-dor category-proposal category-eze\"><a href=\"https:\/\/www.lauriecornillon.com\/en\/demande-mariage-chevre-or-seance-photo-engagement\/\" class=\"entry-featured-image-url\"><img decoding=\"async\" data-src=\"https:\/\/www.lauriecornillon.com\/wp-content\/smush-webp\/sites\/5\/2026\/04\/eze-1830.jpg.webp\" width=\"1365\" height=\"2048\" alt=\"Wedding proposal at La Ch\u00e8vre d&#039;Or with photo session | Terrasse du Caf\u00e9 du Jardin\" class=\"et_pb_post_main_image lazyload\" src=\"data:image\/svg+xml;base64,PHN2ZyB3aWR0aD0iMSIgaGVpZ2h0PSIxIiB4bWxucz0iaHR0cDovL3d3dy53My5vcmcvMjAwMC9zdmciPjwvc3ZnPg==\" style=\"--smush-placeholder-width: 1365px; --smush-placeholder-aspect-ratio: 1365\/2048;\" data-srcset=\"https:\/\/www.lauriecornillon.com\/wp-content\/smush-webp\/sites\/5\/2026\/04\/eze-1830.jpg.webp 1365w, https:\/\/www.lauriecornillon.com\/wp-content\/smush-webp\/sites\/5\/2026\/04\/eze-1830-1280x1920.jpg.webp 1280w, https:\/\/www.lauriecornillon.com\/wp-content\/smush-webp\/sites\/5\/2026\/04\/eze-1830-980x1470.jpg.webp 980w, https:\/\/www.lauriecornillon.com\/wp-content\/smush-webp\/sites\/5\/2026\/04\/eze-1830-480x720.jpg.webp 480w\" data-sizes=\"auto\" data-original-sizes=\"(min-width: 0px) and (max-width: 480px) 480px, (min-width: 481px) and (max-width: 980px) 980px, (min-width: 981px) and (max-width: 1280px) 1280px, (min-width: 1281px) 1365px, 100vw\" \/><span data-icon=\"\ue089\" class=\"et_overlay et_pb_inline_icon\"><\/span><\/a><h2 class=\"entry-title\"><a href=\"https:\/\/www.lauriecornillon.com\/en\/demande-mariage-chevre-or-seance-photo-engagement\/\">Wedding proposal at La Ch\u00e8vre d'Or with photo session | Terrasse du Caf\u00e9 du Jardin<\/a><\/h2><p class=\"post-meta\"><\/p><div class=\"post-content\"><div class=\"post-content-inner\"><\/div><\/div><\/article><article class=\"et_pb_post et_pb_post_id_37299 clearfix et_pb_has_overlay et_pb_blog_item_0_13 post-37299 post type-post status-publish format-standard has-post-thumbnail hentry category-portfolio category-cafe-du-jardin category-chevre-dor category-proposal category-eze\"><a href=\"https:\/\/www.lauriecornillon.com\/en\/demande-en-mariage-intime-a-la-chevre-dor-troisieme-terrasse-du-cafe-du-jardin\/\" class=\"entry-featured-image-url\"><img decoding=\"async\" data-src=\"https:\/\/www.lauriecornillon.com\/wp-content\/smush-webp\/sites\/5\/2026\/04\/eze-2707.jpg.webp\" width=\"1365\" height=\"2048\" alt=\"Intimate marriage proposal at La Ch\u00e8vre d&#039;Or | Caf\u00e9 du Jardin\" class=\"et_pb_post_main_image lazyload\" src=\"data:image\/svg+xml;base64,PHN2ZyB3aWR0aD0iMSIgaGVpZ2h0PSIxIiB4bWxucz0iaHR0cDovL3d3dy53My5vcmcvMjAwMC9zdmciPjwvc3ZnPg==\" style=\"--smush-placeholder-width: 1365px; --smush-placeholder-aspect-ratio: 1365\/2048;\" data-srcset=\"https:\/\/www.lauriecornillon.com\/wp-content\/smush-webp\/sites\/5\/2026\/04\/eze-2707.jpg.webp 1365w, https:\/\/www.lauriecornillon.com\/wp-content\/smush-webp\/sites\/5\/2026\/04\/eze-2707-1280x1920.jpg.webp 1280w, https:\/\/www.lauriecornillon.com\/wp-content\/smush-webp\/sites\/5\/2026\/04\/eze-2707-980x1470.jpg.webp 980w, https:\/\/www.lauriecornillon.com\/wp-content\/smush-webp\/sites\/5\/2026\/04\/eze-2707-480x720.jpg.webp 480w\" data-sizes=\"auto\" data-original-sizes=\"(min-width: 0px) and (max-width: 480px) 480px, (min-width: 481px) and (max-width: 980px) 980px, (min-width: 981px) and (max-width: 1280px) 1280px, (min-width: 1281px) 1365px, 100vw\" \/><span data-icon=\"\ue089\" class=\"et_overlay et_pb_inline_icon\"><\/span><\/a><h2 class=\"entry-title\"><a href=\"https:\/\/www.lauriecornillon.com\/en\/demande-en-mariage-intime-a-la-chevre-dor-troisieme-terrasse-du-cafe-du-jardin\/\">Intimate marriage proposal at La Ch\u00e8vre d'Or | Caf\u00e9 du Jardin<\/a><\/h2><p class=\"post-meta\"><\/p><div class=\"post-content\"><div class=\"post-content-inner\"><\/div><\/div><\/article><article class=\"et_pb_post et_pb_post_id_35453 clearfix et_pb_has_overlay et_pb_blog_item_0_14 post-35453 post type-post status-publish format-standard has-post-thumbnail hentry category-portfolio category-grossesse category-menton-grossesse\"><a href=\"https:\/\/www.lauriecornillon.com\/en\/seance-photo-grossesse-menton\/\" class=\"entry-featured-image-url\"><img decoding=\"async\" data-src=\"https:\/\/www.lauriecornillon.com\/wp-content\/uploads\/sites\/5\/2024\/04\/photographe-grossesse-20-scaled.jpg\" width=\"1709\" height=\"2560\" alt=\"Pregnancy photo session Menton\" class=\"et_pb_post_main_image lazyload\" src=\"data:image\/svg+xml;base64,PHN2ZyB3aWR0aD0iMSIgaGVpZ2h0PSIxIiB4bWxucz0iaHR0cDovL3d3dy53My5vcmcvMjAwMC9zdmciPjwvc3ZnPg==\" style=\"--smush-placeholder-width: 1709px; --smush-placeholder-aspect-ratio: 1709\/2560;\" data-srcset=\"https:\/\/www.lauriecornillon.com\/wp-content\/uploads\/sites\/5\/2024\/04\/photographe-grossesse-20-scaled.jpg 1709w, https:\/\/www.lauriecornillon.com\/wp-content\/uploads\/sites\/5\/2024\/04\/photographe-grossesse-20-1280x1917.jpg 1280w, https:\/\/www.lauriecornillon.com\/wp-content\/uploads\/sites\/5\/2024\/04\/photographe-grossesse-20-980x1468.jpg 980w, https:\/\/www.lauriecornillon.com\/wp-content\/uploads\/sites\/5\/2024\/04\/photographe-grossesse-20-480x719.jpg 480w\" data-sizes=\"auto\" data-original-sizes=\"(min-width: 0px) and (max-width: 480px) 480px, (min-width: 481px) and (max-width: 980px) 980px, (min-width: 981px) and (max-width: 1280px) 1280px, (min-width: 1281px) 1709px, 100vw\" \/><span data-icon=\"\ue089\" class=\"et_overlay et_pb_inline_icon\"><\/span><\/a><h2 class=\"entry-title\"><a href=\"https:\/\/www.lauriecornillon.com\/en\/seance-photo-grossesse-menton\/\">Pregnancy photo session Menton<\/a><\/h2><p class=\"post-meta\"><\/p><div class=\"post-content\"><div class=\"post-content-inner\"><\/div><\/div><\/article><article class=\"et_pb_post et_pb_post_id_35182 clearfix et_pb_has_overlay et_pb_blog_item_0_15 post-35182 post type-post status-publish format-standard has-post-thumbnail hentry category-portfolio category-grossesse category-monaco-grossesse\"><a href=\"https:\/\/www.lauriecornillon.com\/en\/seance-photo-plage-mala\/\" class=\"entry-featured-image-url\"><img decoding=\"async\" data-src=\"https:\/\/www.lauriecornillon.com\/wp-content\/smush-webp\/sites\/5\/2026\/04\/grossesse-691.jpg.webp\" width=\"1365\" height=\"2048\" alt=\"Photo session Plage de la Mala\" class=\"et_pb_post_main_image lazyload\" src=\"data:image\/svg+xml;base64,PHN2ZyB3aWR0aD0iMSIgaGVpZ2h0PSIxIiB4bWxucz0iaHR0cDovL3d3dy53My5vcmcvMjAwMC9zdmciPjwvc3ZnPg==\" style=\"--smush-placeholder-width: 1365px; --smush-placeholder-aspect-ratio: 1365\/2048;\" data-srcset=\"https:\/\/www.lauriecornillon.com\/wp-content\/smush-webp\/sites\/5\/2026\/04\/grossesse-691.jpg.webp 1365w, https:\/\/www.lauriecornillon.com\/wp-content\/smush-webp\/sites\/5\/2026\/04\/grossesse-691-1280x1920.jpg.webp 1280w, https:\/\/www.lauriecornillon.com\/wp-content\/smush-webp\/sites\/5\/2026\/04\/grossesse-691-980x1470.jpg.webp 980w, https:\/\/www.lauriecornillon.com\/wp-content\/smush-webp\/sites\/5\/2026\/04\/grossesse-691-480x720.jpg.webp 480w\" data-sizes=\"auto\" data-original-sizes=\"(min-width: 0px) and (max-width: 480px) 480px, (min-width: 481px) and (max-width: 980px) 980px, (min-width: 981px) and (max-width: 1280px) 1280px, (min-width: 1281px) 1365px, 100vw\" \/><span data-icon=\"\ue089\" class=\"et_overlay et_pb_inline_icon\"><\/span><\/a><h2 class=\"entry-title\"><a href=\"https:\/\/www.lauriecornillon.com\/en\/seance-photo-plage-mala\/\">Photo session Plage de la Mala<\/a><\/h2><p class=\"post-meta\"><\/p><div class=\"post-content\"><div class=\"post-content-inner\"><\/div><\/div><\/article><article class=\"et_pb_post et_pb_post_id_35527 clearfix et_pb_has_overlay et_pb_blog_item_0_16 post-35527 post type-post status-publish format-standard has-post-thumbnail hentry category-portfolio category-grossesse category-menton-grossesse\"><a href=\"https:\/\/www.lauriecornillon.com\/en\/seance-grossesse-plage-sablettes-menton\/\" class=\"entry-featured-image-url\"><img decoding=\"async\" data-src=\"https:\/\/www.lauriecornillon.com\/wp-content\/smush-webp\/sites\/5\/2026\/04\/grossesse-662.jpg.webp\" width=\"1365\" height=\"2048\" alt=\"Pregnancy photo session at the Sablettes beach in Menton\" class=\"et_pb_post_main_image lazyload\" src=\"data:image\/svg+xml;base64,PHN2ZyB3aWR0aD0iMSIgaGVpZ2h0PSIxIiB4bWxucz0iaHR0cDovL3d3dy53My5vcmcvMjAwMC9zdmciPjwvc3ZnPg==\" style=\"--smush-placeholder-width: 1365px; --smush-placeholder-aspect-ratio: 1365\/2048;\" data-srcset=\"https:\/\/www.lauriecornillon.com\/wp-content\/smush-webp\/sites\/5\/2026\/04\/grossesse-662.jpg.webp 1365w, https:\/\/www.lauriecornillon.com\/wp-content\/smush-webp\/sites\/5\/2026\/04\/grossesse-662-1280x1920.jpg.webp 1280w, https:\/\/www.lauriecornillon.com\/wp-content\/smush-webp\/sites\/5\/2026\/04\/grossesse-662-980x1470.jpg.webp 980w, https:\/\/www.lauriecornillon.com\/wp-content\/smush-webp\/sites\/5\/2026\/04\/grossesse-662-480x720.jpg.webp 480w\" data-sizes=\"auto\" data-original-sizes=\"(min-width: 0px) and (max-width: 480px) 480px, (min-width: 481px) and (max-width: 980px) 980px, (min-width: 981px) and (max-width: 1280px) 1280px, (min-width: 1281px) 1365px, 100vw\" \/><span data-icon=\"\ue089\" class=\"et_overlay et_pb_inline_icon\"><\/span><\/a><h2 class=\"entry-title\"><a href=\"https:\/\/www.lauriecornillon.com\/en\/seance-grossesse-plage-sablettes-menton\/\">Pregnancy photo session at the Sablettes beach in Menton<\/a><\/h2><p class=\"post-meta\"><\/p><div class=\"post-content\"><div class=\"post-content-inner\"><\/div><\/div><\/article><article class=\"et_pb_post et_pb_post_id_35532 clearfix et_pb_has_overlay et_pb_blog_item_0_17 post-35532 post type-post status-publish format-standard has-post-thumbnail hentry category-portfolio category-grossesse category-menton-grossesse\"><a href=\"https:\/\/www.lauriecornillon.com\/en\/seance-grossesse-menton-vieille-ville-escaliers-bord-de-mer\/\" class=\"entry-featured-image-url\"><img decoding=\"async\" data-src=\"https:\/\/www.lauriecornillon.com\/wp-content\/smush-webp\/sites\/5\/2026\/04\/grossesse-507.jpg.webp\" width=\"1365\" height=\"2048\" alt=\"Pregnancy session in Menton with several settings: old town, staircases and seaside.\" class=\"et_pb_post_main_image lazyload\" src=\"data:image\/svg+xml;base64,PHN2ZyB3aWR0aD0iMSIgaGVpZ2h0PSIxIiB4bWxucz0iaHR0cDovL3d3dy53My5vcmcvMjAwMC9zdmciPjwvc3ZnPg==\" style=\"--smush-placeholder-width: 1365px; --smush-placeholder-aspect-ratio: 1365\/2048;\" data-srcset=\"https:\/\/www.lauriecornillon.com\/wp-content\/smush-webp\/sites\/5\/2026\/04\/grossesse-507.jpg.webp 1365w, https:\/\/www.lauriecornillon.com\/wp-content\/smush-webp\/sites\/5\/2026\/04\/grossesse-507-1280x1920.jpg.webp 1280w, https:\/\/www.lauriecornillon.com\/wp-content\/smush-webp\/sites\/5\/2026\/04\/grossesse-507-980x1470.jpg.webp 980w, https:\/\/www.lauriecornillon.com\/wp-content\/smush-webp\/sites\/5\/2026\/04\/grossesse-507-480x720.jpg.webp 480w\" data-sizes=\"auto\" data-original-sizes=\"(min-width: 0px) and (max-width: 480px) 480px, (min-width: 481px) and (max-width: 980px) 980px, (min-width: 981px) and (max-width: 1280px) 1280px, (min-width: 1281px) 1365px, 100vw\" \/><span data-icon=\"\ue089\" class=\"et_overlay et_pb_inline_icon\"><\/span><\/a><h2 class=\"entry-title\"><a href=\"https:\/\/www.lauriecornillon.com\/en\/seance-grossesse-menton-vieille-ville-escaliers-bord-de-mer\/\">Pregnancy session in Menton with several settings: old town, staircases and seaside.<\/a><\/h2><p class=\"post-meta\"><\/p><div class=\"post-content\"><div class=\"post-content-inner\"><\/div><\/div><\/article><article class=\"et_pb_post et_pb_post_id_33852 clearfix et_pb_has_overlay et_pb_blog_item_0_18 post-33852 post type-post status-publish format-standard has-post-thumbnail hentry category-demande-en-mariage category-tous\"><a href=\"https:\/\/www.lauriecornillon.com\/en\/demande-mariage-chateau-eza\/\" class=\"entry-featured-image-url\"><img decoding=\"async\" data-src=\"https:\/\/www.lauriecornillon.com\/wp-content\/smush-webp\/sites\/5\/2026\/03\/chateaueza-170.jpg.webp\" width=\"2048\" height=\"1365\" alt=\"Ch\u00e2teau Eza wedding Proposal in \u00c8ze | French Riviera Proposal Photographer\" class=\"et_pb_post_main_image lazyload\" src=\"data:image\/svg+xml;base64,PHN2ZyB3aWR0aD0iMSIgaGVpZ2h0PSIxIiB4bWxucz0iaHR0cDovL3d3dy53My5vcmcvMjAwMC9zdmciPjwvc3ZnPg==\" style=\"--smush-placeholder-width: 2048px; --smush-placeholder-aspect-ratio: 2048\/1365;\" data-srcset=\"https:\/\/www.lauriecornillon.com\/wp-content\/smush-webp\/sites\/5\/2026\/03\/chateaueza-170.jpg.webp 2048w, https:\/\/www.lauriecornillon.com\/wp-content\/smush-webp\/sites\/5\/2026\/03\/chateaueza-170-1280x853.jpg.webp 1280w, https:\/\/www.lauriecornillon.com\/wp-content\/smush-webp\/sites\/5\/2026\/03\/chateaueza-170-980x653.jpg.webp 980w, https:\/\/www.lauriecornillon.com\/wp-content\/smush-webp\/sites\/5\/2026\/03\/chateaueza-170-480x320.jpg.webp 480w\" data-sizes=\"auto\" data-original-sizes=\"(min-width: 0px) and (max-width: 480px) 480px, (min-width: 481px) and (max-width: 980px) 980px, (min-width: 981px) and (max-width: 1280px) 1280px, (min-width: 1281px) 2048px, 100vw\" \/><span data-icon=\"\ue089\" class=\"et_overlay et_pb_inline_icon\"><\/span><\/a><h2 class=\"entry-title\"><a href=\"https:\/\/www.lauriecornillon.com\/en\/demande-mariage-chateau-eza\/\">Ch\u00e2teau Eza wedding Proposal in \u00c8ze | French Riviera Proposal Photographer<\/a><\/h2><p class=\"post-meta\"><\/p><div class=\"post-content\"><div class=\"post-content-inner\"><\/div><\/div><\/article><article class=\"et_pb_post et_pb_post_id_33625 clearfix et_pb_has_overlay et_pb_blog_item_0_19 post-33625 post type-post status-publish format-standard has-post-thumbnail hentry category-demande-en-mariage category-tous\"><a href=\"https:\/\/www.lauriecornillon.com\/en\/demande-mariage-villa-ephrussi-rothschild\/\" class=\"entry-featured-image-url\"><img decoding=\"async\" data-src=\"https:\/\/www.lauriecornillon.com\/wp-content\/smush-webp\/sites\/5\/2025\/08\/villa-ephrussi-proposal-11.jpg.webp\" width=\"2048\" height=\"1365\" alt=\"Wedding proposal at the Villa Ephrussi de Rothschild\" class=\"et_pb_post_main_image lazyload\" src=\"data:image\/svg+xml;base64,PHN2ZyB3aWR0aD0iMSIgaGVpZ2h0PSIxIiB4bWxucz0iaHR0cDovL3d3dy53My5vcmcvMjAwMC9zdmciPjwvc3ZnPg==\" style=\"--smush-placeholder-width: 2048px; --smush-placeholder-aspect-ratio: 2048\/1365;\" data-srcset=\"https:\/\/www.lauriecornillon.com\/wp-content\/smush-webp\/sites\/5\/2025\/08\/villa-ephrussi-proposal-11.jpg.webp 2048w, https:\/\/www.lauriecornillon.com\/wp-content\/smush-webp\/sites\/5\/2025\/08\/villa-ephrussi-proposal-11-1280x853.jpg.webp 1280w, https:\/\/www.lauriecornillon.com\/wp-content\/smush-webp\/sites\/5\/2025\/08\/villa-ephrussi-proposal-11-980x653.jpg.webp 980w, https:\/\/www.lauriecornillon.com\/wp-content\/smush-webp\/sites\/5\/2025\/08\/villa-ephrussi-proposal-11-480x320.jpg.webp 480w\" data-sizes=\"auto\" data-original-sizes=\"(min-width: 0px) and (max-width: 480px) 480px, (min-width: 481px) and (max-width: 980px) 980px, (min-width: 981px) and (max-width: 1280px) 1280px, (min-width: 1281px) 2048px, 100vw\" \/><span data-icon=\"\ue089\" class=\"et_overlay et_pb_inline_icon\"><\/span><\/a><h2 class=\"entry-title\"><a href=\"https:\/\/www.lauriecornillon.com\/en\/demande-mariage-villa-ephrussi-rothschild\/\">Wedding proposal at the Villa Ephrussi de Rothschild<\/a><\/h2><p class=\"post-meta\"><\/p><div class=\"post-content\"><div class=\"post-content-inner\"><\/div><\/div><\/article><article class=\"et_pb_post et_pb_post_id_32065 clearfix et_pb_has_overlay et_pb_blog_item_0_20 post-32065 post type-post status-publish format-standard has-post-thumbnail hentry category-demande-en-mariage category-tous\"><a href=\"https:\/\/www.lauriecornillon.com\/en\/demande-en-mariage-chevre-or\/\" class=\"entry-featured-image-url\"><img decoding=\"async\" data-src=\"https:\/\/www.lauriecornillon.com\/wp-content\/smush-webp\/sites\/5\/2025\/04\/engagementproposal-13.jpg.webp\" width=\"2048\" height=\"1365\" alt=\"Wedding proposal Ch\u00e2teau de la Ch\u00e8vre d&#039;Or in Eze\" class=\"et_pb_post_main_image lazyload\" src=\"data:image\/svg+xml;base64,PHN2ZyB3aWR0aD0iMSIgaGVpZ2h0PSIxIiB4bWxucz0iaHR0cDovL3d3dy53My5vcmcvMjAwMC9zdmciPjwvc3ZnPg==\" style=\"--smush-placeholder-width: 2048px; --smush-placeholder-aspect-ratio: 2048\/1365;\" data-srcset=\"https:\/\/www.lauriecornillon.com\/wp-content\/smush-webp\/sites\/5\/2025\/04\/engagementproposal-13.jpg.webp 2048w, https:\/\/www.lauriecornillon.com\/wp-content\/smush-webp\/sites\/5\/2025\/04\/engagementproposal-13-1280x853.jpg.webp 1280w, https:\/\/www.lauriecornillon.com\/wp-content\/smush-webp\/sites\/5\/2025\/04\/engagementproposal-13-980x653.jpg.webp 980w, https:\/\/www.lauriecornillon.com\/wp-content\/smush-webp\/sites\/5\/2025\/04\/engagementproposal-13-480x320.jpg.webp 480w\" data-sizes=\"auto\" data-original-sizes=\"(min-width: 0px) and (max-width: 480px) 480px, (min-width: 481px) and (max-width: 980px) 980px, (min-width: 981px) and (max-width: 1280px) 1280px, (min-width: 1281px) 2048px, 100vw\" \/><span data-icon=\"\ue089\" class=\"et_overlay et_pb_inline_icon\"><\/span><\/a><h2 class=\"entry-title\"><a href=\"https:\/\/www.lauriecornillon.com\/en\/demande-en-mariage-chevre-or\/\">Wedding proposal Ch\u00e2teau de la Ch\u00e8vre d'Or in Eze<\/a><\/h2><p class=\"post-meta\"><\/p><div class=\"post-content\"><div class=\"post-content-inner\"><\/div><\/div><\/article><article class=\"et_pb_post et_pb_post_id_30942 clearfix et_pb_has_overlay et_pb_blog_item_0_21 post-30942 post type-post status-publish format-standard has-post-thumbnail hentry category-tous\"><a href=\"https:\/\/www.lauriecornillon.com\/en\/seance-photo-corporate\/\" class=\"entry-featured-image-url\"><img decoding=\"async\" data-src=\"https:\/\/www.lauriecornillon.com\/wp-content\/uploads\/sites\/5\/2024\/01\/corporate-2-scaled.jpg\" width=\"1709\" height=\"2560\" alt=\"Corporate photo session Menton - Corporate Photographer\" class=\"et_pb_post_main_image lazyload\" src=\"data:image\/svg+xml;base64,PHN2ZyB3aWR0aD0iMSIgaGVpZ2h0PSIxIiB4bWxucz0iaHR0cDovL3d3dy53My5vcmcvMjAwMC9zdmciPjwvc3ZnPg==\" style=\"--smush-placeholder-width: 1709px; --smush-placeholder-aspect-ratio: 1709\/2560;\" data-srcset=\"https:\/\/www.lauriecornillon.com\/wp-content\/uploads\/sites\/5\/2024\/01\/corporate-2-scaled.jpg 1709w, https:\/\/www.lauriecornillon.com\/wp-content\/uploads\/sites\/5\/2024\/01\/corporate-2-1280x1917.jpg 1280w, https:\/\/www.lauriecornillon.com\/wp-content\/uploads\/sites\/5\/2024\/01\/corporate-2-980x1468.jpg 980w, https:\/\/www.lauriecornillon.com\/wp-content\/uploads\/sites\/5\/2024\/01\/corporate-2-480x719.jpg 480w\" data-sizes=\"auto\" data-original-sizes=\"(min-width: 0px) and (max-width: 480px) 480px, (min-width: 481px) and (max-width: 980px) 980px, (min-width: 981px) and (max-width: 1280px) 1280px, (min-width: 1281px) 1709px, 100vw\" \/><span data-icon=\"\ue089\" class=\"et_overlay et_pb_inline_icon\"><\/span><\/a><h2 class=\"entry-title\"><a href=\"https:\/\/www.lauriecornillon.com\/en\/seance-photo-corporate\/\">Corporate photo session Menton - Corporate photographer<\/a><\/h2><p class=\"post-meta\"><\/p><div class=\"post-content\"><div class=\"post-content-inner\"><\/div><\/div><\/article><article class=\"et_pb_post et_pb_post_id_26257 clearfix et_pb_has_overlay et_pb_blog_item_0_22 post-26257 post type-post status-publish format-standard has-post-thumbnail hentry category-mariage category-extraits-de-mariage category-tous\"><a href=\"https:\/\/www.lauriecornillon.com\/en\/photographe-mariage-la-chevre-dor-eze\/\" class=\"entry-featured-image-url\"><img decoding=\"async\" data-src=\"https:\/\/www.lauriecornillon.com\/wp-content\/uploads\/sites\/5\/2022\/05\/mariage-silvi-alexis-84-scaled.jpg\" width=\"2560\" height=\"1709\" alt=\"wedding photographer la chevre d&#039;or\" class=\"et_pb_post_main_image lazyload\" src=\"data:image\/svg+xml;base64,PHN2ZyB3aWR0aD0iMSIgaGVpZ2h0PSIxIiB4bWxucz0iaHR0cDovL3d3dy53My5vcmcvMjAwMC9zdmciPjwvc3ZnPg==\" style=\"--smush-placeholder-width: 2560px; --smush-placeholder-aspect-ratio: 2560\/1709;\" data-srcset=\"https:\/\/www.lauriecornillon.com\/wp-content\/uploads\/sites\/5\/2022\/05\/mariage-silvi-alexis-84-scaled.jpg 2560w, https:\/\/www.lauriecornillon.com\/wp-content\/uploads\/sites\/5\/2022\/05\/mariage-silvi-alexis-84-1280x855.jpg 1280w, https:\/\/www.lauriecornillon.com\/wp-content\/uploads\/sites\/5\/2022\/05\/mariage-silvi-alexis-84-980x654.jpg 980w, https:\/\/www.lauriecornillon.com\/wp-content\/uploads\/sites\/5\/2022\/05\/mariage-silvi-alexis-84-480x320.jpg 480w\" data-sizes=\"auto\" data-original-sizes=\"(min-width: 0px) and (max-width: 480px) 480px, (min-width: 481px) and (max-width: 980px) 980px, (min-width: 981px) and (max-width: 1280px) 1280px, (min-width: 1281px) 2560px, 100vw\" \/><span data-icon=\"\ue089\" class=\"et_overlay et_pb_inline_icon\"><\/span><\/a><h2 class=\"entry-title\"><a href=\"https:\/\/www.lauriecornillon.com\/en\/photographe-mariage-la-chevre-dor-eze\/\">Wedding at the Ch\u00e2teau de la Ch\u00e8vre d'Or in Eze<\/a><\/h2><p class=\"post-meta\"><\/p><div class=\"post-content\"><div class=\"post-content-inner\"><\/div><\/div><\/article><article class=\"et_pb_post et_pb_post_id_29055 clearfix et_pb_has_overlay et_pb_blog_item_0_23 post-29055 post type-post status-publish format-standard has-post-thumbnail hentry category-extraits-de-mariage category-mariage category-tous\"><a href=\"https:\/\/www.lauriecornillon.com\/en\/mariage-villefranche-sur-mer\/\" class=\"entry-featured-image-url\"><img decoding=\"async\" data-src=\"https:\/\/www.lauriecornillon.com\/wp-content\/uploads\/sites\/5\/2022\/07\/mariage-villefranche-sur-mer-103.jpg\" width=\"2500\" height=\"1668\" alt=\"Wedding photographer\" class=\"et_pb_post_main_image lazyload\" src=\"data:image\/svg+xml;base64,PHN2ZyB3aWR0aD0iMSIgaGVpZ2h0PSIxIiB4bWxucz0iaHR0cDovL3d3dy53My5vcmcvMjAwMC9zdmciPjwvc3ZnPg==\" style=\"--smush-placeholder-width: 2500px; --smush-placeholder-aspect-ratio: 2500\/1668;\" data-srcset=\"https:\/\/www.lauriecornillon.com\/wp-content\/uploads\/sites\/5\/2022\/07\/mariage-villefranche-sur-mer-103.jpg 2500w, https:\/\/www.lauriecornillon.com\/wp-content\/uploads\/sites\/5\/2022\/07\/mariage-villefranche-sur-mer-103-1280x854.jpg 1280w, https:\/\/www.lauriecornillon.com\/wp-content\/uploads\/sites\/5\/2022\/07\/mariage-villefranche-sur-mer-103-980x654.jpg 980w, https:\/\/www.lauriecornillon.com\/wp-content\/uploads\/sites\/5\/2022\/07\/mariage-villefranche-sur-mer-103-480x320.jpg 480w\" data-sizes=\"auto\" data-original-sizes=\"(min-width: 0px) and (max-width: 480px) 480px, (min-width: 481px) and (max-width: 980px) 980px, (min-width: 981px) and (max-width: 1280px) 1280px, (min-width: 1281px) 2500px, 100vw\" \/><span data-icon=\"\ue089\" class=\"et_overlay et_pb_inline_icon\"><\/span><\/a><h2 class=\"entry-title\"><a href=\"https:\/\/www.lauriecornillon.com\/en\/mariage-villefranche-sur-mer\/\">Wedding in the bay of Saint-Jean-Cap-Ferrat<\/a><\/h2><p class=\"post-meta\"><\/p><div class=\"post-content\"><div class=\"post-content-inner\"><\/div><\/div><\/article><article class=\"et_pb_post et_pb_post_id_8091 clearfix et_pb_has_overlay et_pb_blog_item_0_24 post-8091 post type-post status-publish format-gallery has-post-thumbnail hentry category-extraits-de-mariage category-mariage category-tous post_format-post-format-gallery\"><a href=\"https:\/\/www.lauriecornillon.com\/en\/photographe-mariage-bastide-saint-julien\/\" class=\"entry-featured-image-url\"><img decoding=\"async\" data-src=\"https:\/\/www.lauriecornillon.com\/wp-content\/uploads\/sites\/5\/2019\/04\/photographe-mariage-bastide-saint-julien-var.jpg\" width=\"2560\" height=\"1703\" alt=\"Wedding under the olive trees at the Bastide Saint Julien\" class=\"et_pb_post_main_image lazyload\" src=\"data:image\/svg+xml;base64,PHN2ZyB3aWR0aD0iMSIgaGVpZ2h0PSIxIiB4bWxucz0iaHR0cDovL3d3dy53My5vcmcvMjAwMC9zdmciPjwvc3ZnPg==\" style=\"--smush-placeholder-width: 2560px; --smush-placeholder-aspect-ratio: 2560\/1703;\" data-srcset=\"https:\/\/www.lauriecornillon.com\/wp-content\/uploads\/sites\/5\/2019\/04\/photographe-mariage-bastide-saint-julien-var.jpg 2560w, https:\/\/www.lauriecornillon.com\/wp-content\/uploads\/sites\/5\/2019\/04\/photographe-mariage-bastide-saint-julien-var-1280x852.jpg 1280w, https:\/\/www.lauriecornillon.com\/wp-content\/uploads\/sites\/5\/2019\/04\/photographe-mariage-bastide-saint-julien-var-980x652.jpg 980w, https:\/\/www.lauriecornillon.com\/wp-content\/uploads\/sites\/5\/2019\/04\/photographe-mariage-bastide-saint-julien-var-480x319.jpg 480w\" data-sizes=\"auto\" data-original-sizes=\"(min-width: 0px) and (max-width: 480px) 480px, (min-width: 481px) and (max-width: 980px) 980px, (min-width: 981px) and (max-width: 1280px) 1280px, (min-width: 1281px) 2560px, 100vw\" \/><span data-icon=\"\ue089\" class=\"et_overlay et_pb_inline_icon\"><\/span><\/a><h2 class=\"entry-title\"><a href=\"https:\/\/www.lauriecornillon.com\/en\/photographe-mariage-bastide-saint-julien\/\">Wedding under the olive trees at the Bastide Saint Julien<\/a><\/h2><p class=\"post-meta\"><\/p><div class=\"post-content\"><div class=\"post-content-inner\"><\/div><\/div><\/article><article class=\"et_pb_post et_pb_post_id_29025 clearfix et_pb_has_overlay et_pb_blog_item_0_25 post-29025 post type-post status-publish format-standard has-post-thumbnail hentry category-extraits-de-mariage category-mariage category-tous\"><a href=\"https:\/\/www.lauriecornillon.com\/en\/mariage-a-martigues\/\" class=\"entry-featured-image-url\"><img decoding=\"async\" data-src=\"https:\/\/www.lauriecornillon.com\/wp-content\/uploads\/sites\/5\/2021\/03\/photographe-mariage-provence.jpg\" width=\"2560\" height=\"1709\" alt=\"Wedding in the heart of Provence in Martigues\" class=\"et_pb_post_main_image lazyload\" src=\"data:image\/svg+xml;base64,PHN2ZyB3aWR0aD0iMSIgaGVpZ2h0PSIxIiB4bWxucz0iaHR0cDovL3d3dy53My5vcmcvMjAwMC9zdmciPjwvc3ZnPg==\" style=\"--smush-placeholder-width: 2560px; --smush-placeholder-aspect-ratio: 2560\/1709;\" data-srcset=\"https:\/\/www.lauriecornillon.com\/wp-content\/uploads\/sites\/5\/2021\/03\/photographe-mariage-provence.jpg 2560w, https:\/\/www.lauriecornillon.com\/wp-content\/uploads\/sites\/5\/2021\/03\/photographe-mariage-provence-1280x855.jpg 1280w, https:\/\/www.lauriecornillon.com\/wp-content\/uploads\/sites\/5\/2021\/03\/photographe-mariage-provence-980x654.jpg 980w, https:\/\/www.lauriecornillon.com\/wp-content\/uploads\/sites\/5\/2021\/03\/photographe-mariage-provence-480x320.jpg 480w\" data-sizes=\"auto\" data-original-sizes=\"(min-width: 0px) and (max-width: 480px) 480px, (min-width: 481px) and (max-width: 980px) 980px, (min-width: 981px) and (max-width: 1280px) 1280px, (min-width: 1281px) 2560px, 100vw\" \/><span data-icon=\"\ue089\" class=\"et_overlay et_pb_inline_icon\"><\/span><\/a><h2 class=\"entry-title\"><a href=\"https:\/\/www.lauriecornillon.com\/en\/mariage-a-martigues\/\">Wedding in the heart of Provence in Martigues<\/a><\/h2><p class=\"post-meta\"><\/p><div class=\"post-content\"><div class=\"post-content-inner\"><\/div><\/div><\/article><article class=\"et_pb_post et_pb_post_id_29021 clearfix et_pb_has_overlay et_pb_blog_item_0_26 post-29021 post type-post status-publish format-standard has-post-thumbnail hentry category-extraits-de-mariage category-mariage category-tous\"><a href=\"https:\/\/www.lauriecornillon.com\/en\/mariage-sam-jeremy\/\" class=\"entry-featured-image-url\"><img decoding=\"async\" data-src=\"https:\/\/www.lauriecornillon.com\/wp-content\/uploads\/sites\/5\/2022\/07\/mariage-sam-jeremy-69.jpg\" width=\"2500\" height=\"1668\" alt=\"Franco-American wedding at Ch\u00e2teau Haute Germaine\" class=\"et_pb_post_main_image lazyload\" src=\"data:image\/svg+xml;base64,PHN2ZyB3aWR0aD0iMSIgaGVpZ2h0PSIxIiB4bWxucz0iaHR0cDovL3d3dy53My5vcmcvMjAwMC9zdmciPjwvc3ZnPg==\" style=\"--smush-placeholder-width: 2500px; --smush-placeholder-aspect-ratio: 2500\/1668;\" data-srcset=\"https:\/\/www.lauriecornillon.com\/wp-content\/uploads\/sites\/5\/2022\/07\/mariage-sam-jeremy-69.jpg 2500w, https:\/\/www.lauriecornillon.com\/wp-content\/uploads\/sites\/5\/2022\/07\/mariage-sam-jeremy-69-1280x854.jpg 1280w, https:\/\/www.lauriecornillon.com\/wp-content\/uploads\/sites\/5\/2022\/07\/mariage-sam-jeremy-69-980x654.jpg 980w, https:\/\/www.lauriecornillon.com\/wp-content\/uploads\/sites\/5\/2022\/07\/mariage-sam-jeremy-69-480x320.jpg 480w\" data-sizes=\"auto\" data-original-sizes=\"(min-width: 0px) and (max-width: 480px) 480px, (min-width: 481px) and (max-width: 980px) 980px, (min-width: 981px) and (max-width: 1280px) 1280px, (min-width: 1281px) 2500px, 100vw\" \/><span data-icon=\"\ue089\" class=\"et_overlay et_pb_inline_icon\"><\/span><\/a><h2 class=\"entry-title\"><a href=\"https:\/\/www.lauriecornillon.com\/en\/mariage-sam-jeremy\/\">Franco-American wedding at Ch\u00e2teau Haute Germaine<\/a><\/h2><p class=\"post-meta\"><\/p><div class=\"post-content\"><div class=\"post-content-inner\"><\/div><\/div><\/article><article class=\"et_pb_post et_pb_post_id_28462 clearfix et_pb_has_overlay et_pb_blog_item_0_27 post-28462 post type-post status-publish format-standard has-post-thumbnail hentry category-mariage category-tous\"><a href=\"https:\/\/www.lauriecornillon.com\/en\/photographe-pacs\/\" class=\"entry-featured-image-url\"><img decoding=\"async\" data-src=\"https:\/\/www.lauriecornillon.com\/wp-content\/uploads\/sites\/5\/2022\/07\/photographe-pacs-2.jpg\" width=\"2500\" height=\"1668\" alt=\"Photographer pacs\" class=\"et_pb_post_main_image lazyload\" src=\"data:image\/svg+xml;base64,PHN2ZyB3aWR0aD0iMSIgaGVpZ2h0PSIxIiB4bWxucz0iaHR0cDovL3d3dy53My5vcmcvMjAwMC9zdmciPjwvc3ZnPg==\" style=\"--smush-placeholder-width: 2500px; --smush-placeholder-aspect-ratio: 2500\/1668;\" data-srcset=\"https:\/\/www.lauriecornillon.com\/wp-content\/uploads\/sites\/5\/2022\/07\/photographe-pacs-2.jpg 2500w, https:\/\/www.lauriecornillon.com\/wp-content\/uploads\/sites\/5\/2022\/07\/photographe-pacs-2-1280x854.jpg 1280w, https:\/\/www.lauriecornillon.com\/wp-content\/uploads\/sites\/5\/2022\/07\/photographe-pacs-2-980x654.jpg 980w, https:\/\/www.lauriecornillon.com\/wp-content\/uploads\/sites\/5\/2022\/07\/photographe-pacs-2-480x320.jpg 480w\" data-sizes=\"auto\" data-original-sizes=\"(min-width: 0px) and (max-width: 480px) 480px, (min-width: 481px) and (max-width: 980px) 980px, (min-width: 981px) and (max-width: 1280px) 1280px, (min-width: 1281px) 2500px, 100vw\" \/><span data-icon=\"\ue089\" class=\"et_overlay et_pb_inline_icon\"><\/span><\/a><h2 class=\"entry-title\"><a href=\"https:\/\/www.lauriecornillon.com\/en\/photographe-pacs\/\">Photographer pacs<\/a><\/h2><p class=\"post-meta\"><\/p><div class=\"post-content\"><div class=\"post-content-inner\"><\/div><\/div><\/article><article class=\"et_pb_post et_pb_post_id_28334 clearfix et_pb_has_overlay et_pb_blog_item_0_28 post-28334 post type-post status-publish format-standard has-post-thumbnail hentry category-mariage category-tous\"><a href=\"https:\/\/www.lauriecornillon.com\/en\/extraits-de-mariages\/\" class=\"entry-featured-image-url\"><img decoding=\"async\" data-src=\"https:\/\/www.lauriecornillon.com\/wp-content\/uploads\/sites\/5\/2021\/03\/mariage-jade-thomas-1065.jpg\" width=\"2560\" height=\"1709\" alt=\"Wedding Moments\" class=\"et_pb_post_main_image lazyload\" src=\"data:image\/svg+xml;base64,PHN2ZyB3aWR0aD0iMSIgaGVpZ2h0PSIxIiB4bWxucz0iaHR0cDovL3d3dy53My5vcmcvMjAwMC9zdmciPjwvc3ZnPg==\" style=\"--smush-placeholder-width: 2560px; --smush-placeholder-aspect-ratio: 2560\/1709;\" data-srcset=\"https:\/\/www.lauriecornillon.com\/wp-content\/uploads\/sites\/5\/2021\/03\/mariage-jade-thomas-1065.jpg 2560w, https:\/\/www.lauriecornillon.com\/wp-content\/uploads\/sites\/5\/2021\/03\/mariage-jade-thomas-1065-1280x855.jpg 1280w, https:\/\/www.lauriecornillon.com\/wp-content\/uploads\/sites\/5\/2021\/03\/mariage-jade-thomas-1065-980x654.jpg 980w, https:\/\/www.lauriecornillon.com\/wp-content\/uploads\/sites\/5\/2021\/03\/mariage-jade-thomas-1065-480x320.jpg 480w\" data-sizes=\"auto\" data-original-sizes=\"(min-width: 0px) and (max-width: 480px) 480px, (min-width: 481px) and (max-width: 980px) 980px, (min-width: 981px) and (max-width: 1280px) 1280px, (min-width: 1281px) 2560px, 100vw\" \/><span data-icon=\"\ue089\" class=\"et_overlay et_pb_inline_icon\"><\/span><\/a><h2 class=\"entry-title\"><a href=\"https:\/\/www.lauriecornillon.com\/en\/extraits-de-mariages\/\">Wedding Moments<\/a><\/h2><p class=\"post-meta\"><\/p><div class=\"post-content\"><div class=\"post-content-inner\"><\/div><\/div><\/article><article class=\"et_pb_post et_pb_post_id_26250 clearfix et_pb_has_overlay et_pb_blog_item_0_29 post-26250 post type-post status-publish format-standard has-post-thumbnail hentry category-mariage category-tous\"><a href=\"https:\/\/www.lauriecornillon.com\/en\/photographe-mariage-gay-nice\/\" class=\"entry-featured-image-url\"><img decoding=\"async\" data-src=\"https:\/\/www.lauriecornillon.com\/wp-content\/uploads\/sites\/5\/2022\/05\/mariage-charlotte-romain-648-scaled.jpg\" width=\"2560\" height=\"1709\" alt=\"LGBTQIA+ wedding photographer\" class=\"et_pb_post_main_image lazyload\" src=\"data:image\/svg+xml;base64,PHN2ZyB3aWR0aD0iMSIgaGVpZ2h0PSIxIiB4bWxucz0iaHR0cDovL3d3dy53My5vcmcvMjAwMC9zdmciPjwvc3ZnPg==\" style=\"--smush-placeholder-width: 2560px; --smush-placeholder-aspect-ratio: 2560\/1709;\" data-srcset=\"https:\/\/www.lauriecornillon.com\/wp-content\/uploads\/sites\/5\/2022\/05\/mariage-charlotte-romain-648-scaled.jpg 2560w, https:\/\/www.lauriecornillon.com\/wp-content\/uploads\/sites\/5\/2022\/05\/mariage-charlotte-romain-648-1280x855.jpg 1280w, https:\/\/www.lauriecornillon.com\/wp-content\/uploads\/sites\/5\/2022\/05\/mariage-charlotte-romain-648-980x654.jpg 980w, https:\/\/www.lauriecornillon.com\/wp-content\/uploads\/sites\/5\/2022\/05\/mariage-charlotte-romain-648-480x320.jpg 480w\" data-sizes=\"auto\" data-original-sizes=\"(min-width: 0px) and (max-width: 480px) 480px, (min-width: 481px) and (max-width: 980px) 980px, (min-width: 981px) and (max-width: 1280px) 1280px, (min-width: 1281px) 2560px, 100vw\" \/><span data-icon=\"\ue089\" class=\"et_overlay et_pb_inline_icon\"><\/span><\/a><h2 class=\"entry-title\"><a href=\"https:\/\/www.lauriecornillon.com\/en\/photographe-mariage-gay-nice\/\">Gay, Lesbian, LGBT Wedding Photographer Nice, Monaco &amp; Menton<\/a><\/h2><p class=\"post-meta\"><\/p><div class=\"post-content\"><div class=\"post-content-inner\"><\/div><\/div><\/article><article class=\"et_pb_post et_pb_post_id_18446 clearfix et_pb_has_overlay et_pb_blog_item_0_30 post-18446 post type-post status-publish format-standard has-post-thumbnail hentry category-tous\"><a href=\"https:\/\/www.lauriecornillon.com\/en\/photographe-anniversaire\/\" class=\"entry-featured-image-url\"><img decoding=\"async\" data-src=\"https:\/\/www.lauriecornillon.com\/wp-content\/uploads\/sites\/5\/2024\/04\/anniversaire-5.jpg\" width=\"1500\" height=\"1001\" alt=\"Birthday party photographer\" class=\"et_pb_post_main_image lazyload\" src=\"data:image\/svg+xml;base64,PHN2ZyB3aWR0aD0iMSIgaGVpZ2h0PSIxIiB4bWxucz0iaHR0cDovL3d3dy53My5vcmcvMjAwMC9zdmciPjwvc3ZnPg==\" style=\"--smush-placeholder-width: 1500px; --smush-placeholder-aspect-ratio: 1500\/1001;\" data-srcset=\"https:\/\/www.lauriecornillon.com\/wp-content\/uploads\/sites\/5\/2024\/04\/anniversaire-5.jpg 1500w, https:\/\/www.lauriecornillon.com\/wp-content\/uploads\/sites\/5\/2024\/04\/anniversaire-5-1280x854.jpg 1280w, https:\/\/www.lauriecornillon.com\/wp-content\/uploads\/sites\/5\/2024\/04\/anniversaire-5-980x654.jpg 980w, https:\/\/www.lauriecornillon.com\/wp-content\/uploads\/sites\/5\/2024\/04\/anniversaire-5-480x320.jpg 480w\" data-sizes=\"auto\" data-original-sizes=\"(min-width: 0px) and (max-width: 480px) 480px, (min-width: 481px) and (max-width: 980px) 980px, (min-width: 981px) and (max-width: 1280px) 1280px, (min-width: 1281px) 1500px, 100vw\" \/><span data-icon=\"\ue089\" class=\"et_overlay et_pb_inline_icon\"><\/span><\/a><h2 class=\"entry-title\"><a href=\"https:\/\/www.lauriecornillon.com\/en\/photographe-anniversaire\/\">Birthday photographer<\/a><\/h2><p class=\"post-meta\"><\/p><div class=\"post-content\"><div class=\"post-content-inner\"><\/div><\/div><\/article><article class=\"et_pb_post et_pb_post_id_18407 clearfix et_pb_has_overlay et_pb_blog_item_0_31 post-18407 post type-post status-publish format-standard has-post-thumbnail hentry category-mariage category-tous\"><a href=\"https:\/\/www.lauriecornillon.com\/en\/photographe-mariage-sous-la-pluie\/\" class=\"entry-featured-image-url\"><img decoding=\"async\" data-src=\"https:\/\/www.lauriecornillon.com\/wp-content\/uploads\/sites\/5\/2021\/05\/mariage-sarah-kevin-259-scaled.jpg\" width=\"2560\" height=\"1709\" alt=\"Wedding photographer cimiez rain\" class=\"et_pb_post_main_image lazyload\" src=\"data:image\/svg+xml;base64,PHN2ZyB3aWR0aD0iMSIgaGVpZ2h0PSIxIiB4bWxucz0iaHR0cDovL3d3dy53My5vcmcvMjAwMC9zdmciPjwvc3ZnPg==\" style=\"--smush-placeholder-width: 2560px; --smush-placeholder-aspect-ratio: 2560\/1709;\" data-srcset=\"https:\/\/www.lauriecornillon.com\/wp-content\/uploads\/sites\/5\/2021\/05\/mariage-sarah-kevin-259-scaled.jpg 2560w, https:\/\/www.lauriecornillon.com\/wp-content\/uploads\/sites\/5\/2021\/05\/mariage-sarah-kevin-259-1280x855.jpg 1280w, https:\/\/www.lauriecornillon.com\/wp-content\/uploads\/sites\/5\/2021\/05\/mariage-sarah-kevin-259-980x654.jpg 980w, https:\/\/www.lauriecornillon.com\/wp-content\/uploads\/sites\/5\/2021\/05\/mariage-sarah-kevin-259-480x320.jpg 480w\" data-sizes=\"auto\" data-original-sizes=\"(min-width: 0px) and (max-width: 480px) 480px, (min-width: 481px) and (max-width: 980px) 980px, (min-width: 981px) and (max-width: 1280px) 1280px, (min-width: 1281px) 2560px, 100vw\" \/><span data-icon=\"\ue089\" class=\"et_overlay et_pb_inline_icon\"><\/span><\/a><h2 class=\"entry-title\"><a href=\"https:\/\/www.lauriecornillon.com\/en\/photographe-mariage-sous-la-pluie\/\">Wedding photographer under the rain<\/a><\/h2><p class=\"post-meta\"><\/p><div class=\"post-content\"><div class=\"post-content-inner\"><\/div><\/div><\/article><article class=\"et_pb_post et_pb_post_id_18401 clearfix et_pb_has_overlay et_pb_blog_item_0_32 post-18401 post type-post status-publish format-standard has-post-thumbnail hentry category-mariage category-tous\"><a href=\"https:\/\/www.lauriecornillon.com\/en\/combien-de-photos-en-moyenne-sont-prises-par-un-photographe-de-mariages\/\" class=\"entry-featured-image-url\"><img decoding=\"async\" data-src=\"https:\/\/www.lauriecornillon.com\/wp-content\/uploads\/sites\/5\/2021\/03\/photographe-mariage-eglise-menton.jpg\" width=\"2560\" height=\"1709\" alt=\"How many pictures on average are taken by a wedding photographer?\" class=\"et_pb_post_main_image lazyload\" src=\"data:image\/svg+xml;base64,PHN2ZyB3aWR0aD0iMSIgaGVpZ2h0PSIxIiB4bWxucz0iaHR0cDovL3d3dy53My5vcmcvMjAwMC9zdmciPjwvc3ZnPg==\" style=\"--smush-placeholder-width: 2560px; --smush-placeholder-aspect-ratio: 2560\/1709;\" data-srcset=\"https:\/\/www.lauriecornillon.com\/wp-content\/uploads\/sites\/5\/2021\/03\/photographe-mariage-eglise-menton.jpg 2560w, https:\/\/www.lauriecornillon.com\/wp-content\/uploads\/sites\/5\/2021\/03\/photographe-mariage-eglise-menton-1280x855.jpg 1280w, https:\/\/www.lauriecornillon.com\/wp-content\/uploads\/sites\/5\/2021\/03\/photographe-mariage-eglise-menton-980x654.jpg 980w, https:\/\/www.lauriecornillon.com\/wp-content\/uploads\/sites\/5\/2021\/03\/photographe-mariage-eglise-menton-480x320.jpg 480w\" data-sizes=\"auto\" data-original-sizes=\"(min-width: 0px) and (max-width: 480px) 480px, (min-width: 481px) and (max-width: 980px) 980px, (min-width: 981px) and (max-width: 1280px) 1280px, (min-width: 1281px) 2560px, 100vw\" \/><span data-icon=\"\ue089\" class=\"et_overlay et_pb_inline_icon\"><\/span><\/a><h2 class=\"entry-title\"><a href=\"https:\/\/www.lauriecornillon.com\/en\/combien-de-photos-en-moyenne-sont-prises-par-un-photographe-de-mariages\/\">How many pictures on average are taken by a wedding photographer?<\/a><\/h2><p class=\"post-meta\"><\/p><div class=\"post-content\"><div class=\"post-content-inner\"><\/div><\/div><\/article><article class=\"et_pb_post et_pb_post_id_18395 clearfix et_pb_has_overlay et_pb_blog_item_0_33 post-18395 post type-post status-publish format-standard has-post-thumbnail hentry category-mariage category-tous\"><a href=\"https:\/\/www.lauriecornillon.com\/en\/quand-reserver-un-photographe-de-mariage\/\" class=\"entry-featured-image-url\"><img decoding=\"async\" data-src=\"https:\/\/www.lauriecornillon.com\/wp-content\/uploads\/sites\/5\/2021\/03\/mariage-jade-thomas-1062.jpg\" width=\"2560\" height=\"1709\" alt=\"When to book a wedding photographer?\" class=\"et_pb_post_main_image lazyload\" src=\"data:image\/svg+xml;base64,PHN2ZyB3aWR0aD0iMSIgaGVpZ2h0PSIxIiB4bWxucz0iaHR0cDovL3d3dy53My5vcmcvMjAwMC9zdmciPjwvc3ZnPg==\" style=\"--smush-placeholder-width: 2560px; --smush-placeholder-aspect-ratio: 2560\/1709;\" \/><span data-icon=\"\ue089\" class=\"et_overlay et_pb_inline_icon\"><\/span><\/a><h2 class=\"entry-title\"><a href=\"https:\/\/www.lauriecornillon.com\/en\/quand-reserver-un-photographe-de-mariage\/\">When to book a wedding photographer?<\/a><\/h2><p class=\"post-meta\"><\/p><div class=\"post-content\"><div class=\"post-content-inner\"><\/div><\/div><\/article><article class=\"et_pb_post et_pb_post_id_18368 clearfix et_pb_has_overlay et_pb_blog_item_0_34 post-18368 post type-post status-publish format-standard has-post-thumbnail hentry category-mariage category-tous\"><a href=\"https:\/\/www.lauriecornillon.com\/en\/photographe-mariage-noir-et-blanc\/\" class=\"entry-featured-image-url\"><img decoding=\"async\" data-src=\"https:\/\/www.lauriecornillon.com\/wp-content\/uploads\/sites\/5\/2021\/02\/photographe-mariage-alpes-de-haute-provence.jpg\" width=\"2560\" height=\"1709\" alt=\"Black and White Wedding Photographer\" class=\"et_pb_post_main_image lazyload\" src=\"data:image\/svg+xml;base64,PHN2ZyB3aWR0aD0iMSIgaGVpZ2h0PSIxIiB4bWxucz0iaHR0cDovL3d3dy53My5vcmcvMjAwMC9zdmciPjwvc3ZnPg==\" style=\"--smush-placeholder-width: 2560px; --smush-placeholder-aspect-ratio: 2560\/1709;\" \/><span data-icon=\"\ue089\" class=\"et_overlay et_pb_inline_icon\"><\/span><\/a><h2 class=\"entry-title\"><a href=\"https:\/\/www.lauriecornillon.com\/en\/photographe-mariage-noir-et-blanc\/\">Black and White Wedding Photographer<\/a><\/h2><p class=\"post-meta\"><\/p><div class=\"post-content\"><div class=\"post-content-inner\"><\/div><\/div><\/article><article class=\"et_pb_post et_pb_post_id_18153 clearfix et_pb_has_overlay et_pb_blog_item_0_35 post-18153 post type-post status-publish format-standard has-post-thumbnail hentry category-mariage category-tous\"><a href=\"https:\/\/www.lauriecornillon.com\/en\/comment-choisir-votre-photographe-de-mariage\/\" class=\"entry-featured-image-url\"><img decoding=\"async\" data-src=\"https:\/\/www.lauriecornillon.com\/wp-content\/uploads\/sites\/5\/2021\/02\/photographe-demoiselle-d-honneur-opio.jpg\" width=\"2560\" height=\"1708\" alt=\"How to choose your wedding photographer?\" class=\"et_pb_post_main_image lazyload\" src=\"data:image\/svg+xml;base64,PHN2ZyB3aWR0aD0iMSIgaGVpZ2h0PSIxIiB4bWxucz0iaHR0cDovL3d3dy53My5vcmcvMjAwMC9zdmciPjwvc3ZnPg==\" style=\"--smush-placeholder-width: 2560px; --smush-placeholder-aspect-ratio: 2560\/1708;\" \/><span data-icon=\"\ue089\" class=\"et_overlay et_pb_inline_icon\"><\/span><\/a><h2 class=\"entry-title\"><a href=\"https:\/\/www.lauriecornillon.com\/en\/comment-choisir-votre-photographe-de-mariage\/\">How to choose your wedding photographer?<\/a><\/h2><p class=\"post-meta\"><\/p><div class=\"post-content\"><div class=\"post-content-inner\"><\/div><\/div><\/article><article class=\"et_pb_post et_pb_post_id_17183 clearfix et_pb_has_overlay et_pb_blog_item_0_36 post-17183 post type-post status-publish format-standard has-post-thumbnail hentry category-tous\"><a href=\"https:\/\/www.lauriecornillon.com\/en\/photographe-evjf\/\" class=\"entry-featured-image-url\"><img decoding=\"async\" data-src=\"https:\/\/www.lauriecornillon.com\/wp-content\/uploads\/sites\/5\/2022\/07\/photographe-evjf-nice-44.jpg\" width=\"2500\" height=\"1668\" alt=\"Photographer EVJF\" class=\"et_pb_post_main_image lazyload\" src=\"data:image\/svg+xml;base64,PHN2ZyB3aWR0aD0iMSIgaGVpZ2h0PSIxIiB4bWxucz0iaHR0cDovL3d3dy53My5vcmcvMjAwMC9zdmciPjwvc3ZnPg==\" style=\"--smush-placeholder-width: 2500px; --smush-placeholder-aspect-ratio: 2500\/1668;\" data-srcset=\"https:\/\/www.lauriecornillon.com\/wp-content\/uploads\/sites\/5\/2022\/07\/photographe-evjf-nice-44.jpg 2500w, https:\/\/www.lauriecornillon.com\/wp-content\/uploads\/sites\/5\/2022\/07\/photographe-evjf-nice-44-1280x854.jpg 1280w, https:\/\/www.lauriecornillon.com\/wp-content\/uploads\/sites\/5\/2022\/07\/photographe-evjf-nice-44-980x654.jpg 980w, https:\/\/www.lauriecornillon.com\/wp-content\/uploads\/sites\/5\/2022\/07\/photographe-evjf-nice-44-480x320.jpg 480w\" data-sizes=\"auto\" data-original-sizes=\"(min-width: 0px) and (max-width: 480px) 480px, (min-width: 481px) and (max-width: 980px) 980px, (min-width: 981px) and (max-width: 1280px) 1280px, (min-width: 1281px) 2500px, 100vw\" \/><span data-icon=\"\ue089\" class=\"et_overlay et_pb_inline_icon\"><\/span><\/a><h2 class=\"entry-title\"><a href=\"https:\/\/www.lauriecornillon.com\/en\/photographe-evjf\/\">Photographer EVJF<\/a><\/h2><p class=\"post-meta\"><\/p><div class=\"post-content\"><div class=\"post-content-inner\"><\/div><\/div><\/article><article class=\"et_pb_post et_pb_post_id_16153 clearfix et_pb_has_overlay et_pb_blog_item_0_37 post-16153 post type-post status-publish format-standard has-post-thumbnail hentry category-extraits-de-mariage category-mariage category-tous\"><a href=\"https:\/\/www.lauriecornillon.com\/en\/photographe-mariage-opio-pre-eveque\/\" class=\"entry-featured-image-url\"><img decoding=\"async\" data-src=\"https:\/\/www.lauriecornillon.com\/wp-content\/uploads\/sites\/5\/2021\/03\/photographe-mariage-pre-l-eveque-opio.jpg\" width=\"2560\" height=\"1709\" alt=\"Provencal wedding in Opio\" class=\"et_pb_post_main_image lazyload\" src=\"data:image\/svg+xml;base64,PHN2ZyB3aWR0aD0iMSIgaGVpZ2h0PSIxIiB4bWxucz0iaHR0cDovL3d3dy53My5vcmcvMjAwMC9zdmciPjwvc3ZnPg==\" style=\"--smush-placeholder-width: 2560px; --smush-placeholder-aspect-ratio: 2560\/1709;\" \/><span data-icon=\"\ue089\" class=\"et_overlay et_pb_inline_icon\"><\/span><\/a><h2 class=\"entry-title\"><a href=\"https:\/\/www.lauriecornillon.com\/en\/photographe-mariage-opio-pre-eveque\/\">Provencal wedding in Opio<\/a><\/h2><p class=\"post-meta\"><\/p><div class=\"post-content\"><div class=\"post-content-inner\"><\/div><\/div><\/article><article class=\"et_pb_post et_pb_post_id_15950 clearfix et_pb_has_overlay et_pb_blog_item_0_38 post-15950 post type-post status-publish format-standard has-post-thumbnail hentry category-mariage category-tous\"><a href=\"https:\/\/www.lauriecornillon.com\/en\/day-after\/\" class=\"entry-featured-image-url\"><img decoding=\"async\" data-src=\"https:\/\/www.lauriecornillon.com\/wp-content\/uploads\/sites\/5\/2021\/03\/shooting-day-after.jpg\" width=\"2560\" height=\"1709\" alt=\"day after\" class=\"et_pb_post_main_image lazyload\" src=\"data:image\/svg+xml;base64,PHN2ZyB3aWR0aD0iMSIgaGVpZ2h0PSIxIiB4bWxucz0iaHR0cDovL3d3dy53My5vcmcvMjAwMC9zdmciPjwvc3ZnPg==\" style=\"--smush-placeholder-width: 2560px; --smush-placeholder-aspect-ratio: 2560\/1709;\" data-srcset=\"https:\/\/www.lauriecornillon.com\/wp-content\/uploads\/sites\/5\/2021\/03\/shooting-day-after.jpg 2560w, https:\/\/www.lauriecornillon.com\/wp-content\/uploads\/sites\/5\/2021\/03\/shooting-day-after-1280x855.jpg 1280w, https:\/\/www.lauriecornillon.com\/wp-content\/uploads\/sites\/5\/2021\/03\/shooting-day-after-980x654.jpg 980w, https:\/\/www.lauriecornillon.com\/wp-content\/uploads\/sites\/5\/2021\/03\/shooting-day-after-480x320.jpg 480w\" data-sizes=\"auto\" data-original-sizes=\"(min-width: 0px) and (max-width: 480px) 480px, (min-width: 481px) and (max-width: 980px) 980px, (min-width: 981px) and (max-width: 1280px) 1280px, (min-width: 1281px) 2560px, 100vw\" \/><span data-icon=\"\ue089\" class=\"et_overlay et_pb_inline_icon\"><\/span><\/a><h2 class=\"entry-title\"><a href=\"https:\/\/www.lauriecornillon.com\/en\/day-after\/\">day after<\/a><\/h2><p class=\"post-meta\"><\/p><div class=\"post-content\"><div class=\"post-content-inner\"><\/div><\/div><\/article><article class=\"et_pb_post et_pb_post_id_15855 clearfix et_pb_has_overlay et_pb_blog_item_0_39 post-15855 post type-post status-publish format-standard has-post-thumbnail hentry category-non-classifiee\"><a href=\"https:\/\/www.lauriecornillon.com\/en\/portfolios\/\" class=\"entry-featured-image-url\"><img decoding=\"async\" data-src=\"https:\/\/www.lauriecornillon.com\/wp-content\/smush-webp\/sites\/5\/2021\/02\/photographe-nice-negresco.jpg.webp\" width=\"1500\" height=\"1001\" alt=\"Landscapes Gallery\" class=\"et_pb_post_main_image lazyload\" src=\"data:image\/svg+xml;base64,PHN2ZyB3aWR0aD0iMSIgaGVpZ2h0PSIxIiB4bWxucz0iaHR0cDovL3d3dy53My5vcmcvMjAwMC9zdmciPjwvc3ZnPg==\" style=\"--smush-placeholder-width: 1500px; --smush-placeholder-aspect-ratio: 1500\/1001;\" data-srcset=\"https:\/\/www.lauriecornillon.com\/wp-content\/smush-webp\/sites\/5\/2021\/02\/photographe-nice-negresco.jpg.webp 1500w, https:\/\/www.lauriecornillon.com\/wp-content\/smush-webp\/sites\/5\/2021\/02\/photographe-nice-negresco-1280x854.jpg.webp 1280w, https:\/\/www.lauriecornillon.com\/wp-content\/smush-webp\/sites\/5\/2021\/02\/photographe-nice-negresco-980x654.jpg.webp 980w, https:\/\/www.lauriecornillon.com\/wp-content\/smush-webp\/sites\/5\/2021\/02\/photographe-nice-negresco-480x320.jpg.webp 480w\" data-sizes=\"auto\" data-original-sizes=\"(min-width: 0px) and (max-width: 480px) 480px, (min-width: 481px) and (max-width: 980px) 980px, (min-width: 981px) and (max-width: 1280px) 1280px, (min-width: 1281px) 1500px, 100vw\" \/><span data-icon=\"\ue089\" class=\"et_overlay et_pb_inline_icon\"><\/span><\/a><h2 class=\"entry-title\"><a href=\"https:\/\/www.lauriecornillon.com\/en\/portfolios\/\">Landscapes Gallery<\/a><\/h2><p class=\"post-meta\"><\/p><div class=\"post-content\"><div class=\"post-content-inner\"><\/div><\/div><\/article><article class=\"et_pb_post et_pb_post_id_29757 clearfix et_pb_has_overlay et_pb_blog_item_0_40 post-29757 post type-post status-publish format-standard has-post-thumbnail hentry category-extraits-de-mariage category-mariage category-tous\"><a href=\"https:\/\/www.lauriecornillon.com\/en\/mariage-a-entrevaux\/\" class=\"entry-featured-image-url\"><img decoding=\"async\" data-src=\"https:\/\/www.lauriecornillon.com\/wp-content\/uploads\/sites\/5\/2022\/07\/photographe-mariage-entrevaux-51.jpg\" width=\"2500\" height=\"1668\" alt=\"Wedding at the Citadel of Entrevaux\" class=\"et_pb_post_main_image lazyload\" src=\"data:image\/svg+xml;base64,PHN2ZyB3aWR0aD0iMSIgaGVpZ2h0PSIxIiB4bWxucz0iaHR0cDovL3d3dy53My5vcmcvMjAwMC9zdmciPjwvc3ZnPg==\" style=\"--smush-placeholder-width: 2500px; --smush-placeholder-aspect-ratio: 2500\/1668;\" data-srcset=\"https:\/\/www.lauriecornillon.com\/wp-content\/uploads\/sites\/5\/2022\/07\/photographe-mariage-entrevaux-51.jpg 2500w, https:\/\/www.lauriecornillon.com\/wp-content\/uploads\/sites\/5\/2022\/07\/photographe-mariage-entrevaux-51-1280x854.jpg 1280w, https:\/\/www.lauriecornillon.com\/wp-content\/uploads\/sites\/5\/2022\/07\/photographe-mariage-entrevaux-51-980x654.jpg 980w, https:\/\/www.lauriecornillon.com\/wp-content\/uploads\/sites\/5\/2022\/07\/photographe-mariage-entrevaux-51-480x320.jpg 480w\" data-sizes=\"auto\" data-original-sizes=\"(min-width: 0px) and (max-width: 480px) 480px, (min-width: 481px) and (max-width: 980px) 980px, (min-width: 981px) and (max-width: 1280px) 1280px, (min-width: 1281px) 2500px, 100vw\" \/><span data-icon=\"\ue089\" class=\"et_overlay et_pb_inline_icon\"><\/span><\/a><h2 class=\"entry-title\"><a href=\"https:\/\/www.lauriecornillon.com\/en\/mariage-a-entrevaux\/\">Wedding at the Citadel of Entrevaux<\/a><\/h2><p class=\"post-meta\"><\/p><div class=\"post-content\"><div class=\"post-content-inner\"><\/div><\/div><\/article><article class=\"et_pb_post et_pb_post_id_29750 clearfix et_pb_has_overlay et_pb_blog_item_0_41 post-29750 post type-post status-publish format-standard has-post-thumbnail hentry category-extraits-de-mariage category-mariage category-tous\"><a href=\"https:\/\/www.lauriecornillon.com\/en\/mariage-a-menton\/\" class=\"entry-featured-image-url\"><img decoding=\"async\" data-src=\"https:\/\/www.lauriecornillon.com\/wp-content\/smush-webp\/sites\/5\/2022\/07\/photographe-mariage-menton-74.jpg.webp\" width=\"2500\" height=\"1668\" alt=\"Wedding under the song of cicadas in Menton\" class=\"et_pb_post_main_image lazyload\" src=\"data:image\/svg+xml;base64,PHN2ZyB3aWR0aD0iMSIgaGVpZ2h0PSIxIiB4bWxucz0iaHR0cDovL3d3dy53My5vcmcvMjAwMC9zdmciPjwvc3ZnPg==\" style=\"--smush-placeholder-width: 2500px; --smush-placeholder-aspect-ratio: 2500\/1668;\" data-srcset=\"https:\/\/www.lauriecornillon.com\/wp-content\/smush-webp\/sites\/5\/2022\/07\/photographe-mariage-menton-74.jpg.webp 2500w, https:\/\/www.lauriecornillon.com\/wp-content\/smush-webp\/sites\/5\/2022\/07\/photographe-mariage-menton-74-1280x854.jpg.webp 1280w, https:\/\/www.lauriecornillon.com\/wp-content\/smush-webp\/sites\/5\/2022\/07\/photographe-mariage-menton-74-980x654.jpg.webp 980w, https:\/\/www.lauriecornillon.com\/wp-content\/smush-webp\/sites\/5\/2022\/07\/photographe-mariage-menton-74-480x320.jpg.webp 480w\" data-sizes=\"auto\" data-original-sizes=\"(min-width: 0px) and (max-width: 480px) 480px, (min-width: 481px) and (max-width: 980px) 980px, (min-width: 981px) and (max-width: 1280px) 1280px, (min-width: 1281px) 2500px, 100vw\" \/><span data-icon=\"\ue089\" class=\"et_overlay et_pb_inline_icon\"><\/span><\/a><h2 class=\"entry-title\"><a href=\"https:\/\/www.lauriecornillon.com\/en\/mariage-a-menton\/\">Wedding under the song of cicadas in Menton<\/a><\/h2><p class=\"post-meta\"><\/p><div class=\"post-content\"><div class=\"post-content-inner\"><\/div><\/div><\/article><article class=\"et_pb_post et_pb_post_id_26322 clearfix et_pb_has_overlay et_pb_blog_item_0_42 post-26322 post type-post status-publish format-standard has-post-thumbnail hentry category-mariage category-extraits-de-mariage category-tous\"><a href=\"https:\/\/www.lauriecornillon.com\/en\/photographe-mariage-la-bastide-aux-oliviers-a-vence\/\" class=\"entry-featured-image-url\"><img decoding=\"async\" data-src=\"https:\/\/www.lauriecornillon.com\/wp-content\/uploads\/sites\/5\/2022\/07\/mariage-charlotte-romain-44.jpg\" width=\"2500\" height=\"1668\" alt=\"Wedding Charlotte + Romain\" class=\"et_pb_post_main_image lazyload\" src=\"data:image\/svg+xml;base64,PHN2ZyB3aWR0aD0iMSIgaGVpZ2h0PSIxIiB4bWxucz0iaHR0cDovL3d3dy53My5vcmcvMjAwMC9zdmciPjwvc3ZnPg==\" style=\"--smush-placeholder-width: 2500px; --smush-placeholder-aspect-ratio: 2500\/1668;\" data-srcset=\"https:\/\/www.lauriecornillon.com\/wp-content\/uploads\/sites\/5\/2022\/07\/mariage-charlotte-romain-44.jpg 2500w, https:\/\/www.lauriecornillon.com\/wp-content\/uploads\/sites\/5\/2022\/07\/mariage-charlotte-romain-44-1280x854.jpg 1280w, https:\/\/www.lauriecornillon.com\/wp-content\/uploads\/sites\/5\/2022\/07\/mariage-charlotte-romain-44-980x654.jpg 980w, https:\/\/www.lauriecornillon.com\/wp-content\/uploads\/sites\/5\/2022\/07\/mariage-charlotte-romain-44-480x320.jpg 480w\" data-sizes=\"auto\" data-original-sizes=\"(min-width: 0px) and (max-width: 480px) 480px, (min-width: 481px) and (max-width: 980px) 980px, (min-width: 981px) and (max-width: 1280px) 1280px, (min-width: 1281px) 2500px, 100vw\" \/><span data-icon=\"\ue089\" class=\"et_overlay et_pb_inline_icon\"><\/span><\/a><h2 class=\"entry-title\"><a href=\"https:\/\/www.lauriecornillon.com\/en\/photographe-mariage-la-bastide-aux-oliviers-a-vence\/\">Wedding Charlotte + Romain<\/a><\/h2><p class=\"post-meta\"><\/p><div class=\"post-content\"><div class=\"post-content-inner\"><\/div><\/div><\/article><article class=\"et_pb_post et_pb_post_id_29047 clearfix et_pb_has_overlay et_pb_blog_item_0_43 post-29047 post type-post status-publish format-standard has-post-thumbnail hentry category-extraits-de-mariage category-mariage category-tous\"><a href=\"https:\/\/www.lauriecornillon.com\/en\/mariage-saint-paul-de-vence\/\" class=\"entry-featured-image-url\"><img decoding=\"async\" data-src=\"https:\/\/www.lauriecornillon.com\/wp-content\/uploads\/sites\/5\/2022\/07\/mariage-saint-paul-de-vence-47.jpg\" width=\"2500\" height=\"1668\" alt=\"Wedding in the heart of Saint-Paul-de-Vence\" class=\"et_pb_post_main_image lazyload\" src=\"data:image\/svg+xml;base64,PHN2ZyB3aWR0aD0iMSIgaGVpZ2h0PSIxIiB4bWxucz0iaHR0cDovL3d3dy53My5vcmcvMjAwMC9zdmciPjwvc3ZnPg==\" style=\"--smush-placeholder-width: 2500px; --smush-placeholder-aspect-ratio: 2500\/1668;\" data-srcset=\"https:\/\/www.lauriecornillon.com\/wp-content\/uploads\/sites\/5\/2022\/07\/mariage-saint-paul-de-vence-47.jpg 2500w, https:\/\/www.lauriecornillon.com\/wp-content\/uploads\/sites\/5\/2022\/07\/mariage-saint-paul-de-vence-47-1280x854.jpg 1280w, https:\/\/www.lauriecornillon.com\/wp-content\/uploads\/sites\/5\/2022\/07\/mariage-saint-paul-de-vence-47-980x654.jpg 980w, https:\/\/www.lauriecornillon.com\/wp-content\/uploads\/sites\/5\/2022\/07\/mariage-saint-paul-de-vence-47-480x320.jpg 480w\" data-sizes=\"auto\" data-original-sizes=\"(min-width: 0px) and (max-width: 480px) 480px, (min-width: 481px) and (max-width: 980px) 980px, (min-width: 981px) and (max-width: 1280px) 1280px, (min-width: 1281px) 2500px, 100vw\" \/><span data-icon=\"\ue089\" class=\"et_overlay et_pb_inline_icon\"><\/span><\/a><h2 class=\"entry-title\"><a href=\"https:\/\/www.lauriecornillon.com\/en\/mariage-saint-paul-de-vence\/\">Wedding in the heart of Saint-Paul-de-Vence<\/a><\/h2><p class=\"post-meta\"><\/p><div class=\"post-content\"><div class=\"post-content-inner\"><\/div><\/div><\/article><\/div><div class=\"pagination clearfix\">\n\t<div class=\"alignleft\"><\/div>\n\t<div class=\"alignright\"><\/div>\n<\/div><\/div><\/div>\n<\/div>\n<\/div>\n<\/div>","protected":false},"excerpt":{"rendered":"","protected":false},"author":1,"featured_media":17161,"comment_status":"closed","ping_status":"closed","sticky":false,"template":"","format":"standard","meta":{"footnotes":""},"categories":[9,63],"tags":[],"class_list":["post-28334","post","type-post","status-publish","format-standard","has-post-thumbnail","hentry","category-mariage","category-tous"],"_links":{"self":[{"href":"https:\/\/www.lauriecornillon.com\/en\/wp-json\/wp\/v2\/posts\/28334","targetHints":{"allow":["GET"]}}],"collection":[{"href":"https:\/\/www.lauriecornillon.com\/en\/wp-json\/wp\/v2\/posts"}],"about":[{"href":"https:\/\/www.lauriecornillon.com\/en\/wp-json\/wp\/v2\/types\/post"}],"author":[{"embeddable":true,"href":"https:\/\/www.lauriecornillon.com\/en\/wp-json\/wp\/v2\/users\/1"}],"replies":[{"embeddable":true,"href":"https:\/\/www.lauriecornillon.com\/en\/wp-json\/wp\/v2\/comments?post=28334"}],"version-history":[{"count":0,"href":"https:\/\/www.lauriecornillon.com\/en\/wp-json\/wp\/v2\/posts\/28334\/revisions"}],"wp:featuredmedia":[{"embeddable":true,"href":"https:\/\/www.lauriecornillon.com\/en\/wp-json\/wp\/v2\/media\/17161"}],"wp:attachment":[{"href":"https:\/\/www.lauriecornillon.com\/en\/wp-json\/wp\/v2\/media?parent=28334"}],"wp:term":[{"taxonomy":"category","embeddable":true,"href":"https:\/\/www.lauriecornillon.com\/en\/wp-json\/wp\/v2\/categories?post=28334"},{"taxonomy":"post_tag","embeddable":true,"href":"https:\/\/www.lauriecornillon.com\/en\/wp-json\/wp\/v2\/tags?post=28334"}],"curies":[{"name":"wp","href":"https:\/\/api.w.org\/{rel}","templated":true}]}}