{"id":29047,"date":"2012-07-15T00:02:13","date_gmt":"2012-07-14T22:02:13","guid":{"rendered":"https:\/\/www.lauriecornillon.com\/?p=29047"},"modified":"2026-03-03T17:08:11","modified_gmt":"2026-03-03T16:08:11","slug":"wedding-saint-paul-de-vence","status":"publish","type":"post","link":"https:\/\/www.lauriecornillon.com\/en\/mariage-saint-paul-de-vence\/","title":{"rendered":"Wedding in the heart of Saint-Paul-de-Vence"},"content":{"rendered":"\n<div class=\"et_pb_section_0 et_pb_section et_section_regular et_block_section\"><div class=\"et_pb_row_0 et_pb_row et_block_row\"><div class=\"et_pb_column_0 et_pb_column et_pb_column_3_5 et_block_column et_pb_css_mix_blend_mode_passthrough\"><div class=\"et_pb_image_0 et_pb_image et_pb_module et_block_module\"><span class=\"et_pb_image_wrap\"><img decoding=\"async\" data-src=\"https:\/\/www.lauriecornillon.com\/wp-content\/uploads\/sites\/5\/2022\/07\/mariage-saint-paul-de-vence-47.jpg\" title=\"mariage-saint-paul-de-vence-47\" width=\"2500\" height=\"1668\" data-srcset=\"https:\/\/www.lauriecornillon.com\/wp-content\/uploads\/sites\/5\/2022\/07\/mariage-saint-paul-de-vence-47.jpg 2500w, https:\/\/www.lauriecornillon.com\/wp-content\/uploads\/sites\/5\/2022\/07\/mariage-saint-paul-de-vence-47-1280x854.jpg 1280w, https:\/\/www.lauriecornillon.com\/wp-content\/uploads\/sites\/5\/2022\/07\/mariage-saint-paul-de-vence-47-980x654.jpg 980w, https:\/\/www.lauriecornillon.com\/wp-content\/uploads\/sites\/5\/2022\/07\/mariage-saint-paul-de-vence-47-480x320.jpg 480w\" data-sizes=\"auto\" class=\"wp-image-28784 lazyload\" alt=\"photographe mariage nice ville\" src=\"data:image\/svg+xml;base64,PHN2ZyB3aWR0aD0iMSIgaGVpZ2h0PSIxIiB4bWxucz0iaHR0cDovL3d3dy53My5vcmcvMjAwMC9zdmciPjwvc3ZnPg==\" style=\"--smush-placeholder-width: 2500px; --smush-placeholder-aspect-ratio: 2500\/1668;\" data-original-sizes=\"(min-width: 0px) and (max-width: 480px) 480px, (min-width: 481px) and (max-width: 980px) 980px, (min-width: 981px) and (max-width: 1280px) 1280px, (min-width: 1281px) 2500px, 100vw\" \/><\/span><\/div><div class=\"et_pb_image_1 et_pb_image et_pb_module et_block_module\"><span class=\"et_pb_image_wrap\"><img decoding=\"async\" data-src=\"https:\/\/www.lauriecornillon.com\/wp-content\/uploads\/sites\/5\/2022\/07\/mariage-saint-paul-de-vence-44.jpg\" width=\"2500\" height=\"1668\" data-srcset=\"https:\/\/www.lauriecornillon.com\/wp-content\/uploads\/sites\/5\/2022\/07\/mariage-saint-paul-de-vence-44.jpg 2500w, https:\/\/www.lauriecornillon.com\/wp-content\/uploads\/sites\/5\/2022\/07\/mariage-saint-paul-de-vence-44-1280x854.jpg 1280w, https:\/\/www.lauriecornillon.com\/wp-content\/uploads\/sites\/5\/2022\/07\/mariage-saint-paul-de-vence-44-980x654.jpg 980w, https:\/\/www.lauriecornillon.com\/wp-content\/uploads\/sites\/5\/2022\/07\/mariage-saint-paul-de-vence-44-480x320.jpg 480w\" data-sizes=\"auto\" class=\"wp-image-28769 lazyload\" title=\"mariage-saint-paul-de-vence-44\" alt=\"photographe mariage chateau la chevre d&#039;or\" src=\"data:image\/svg+xml;base64,PHN2ZyB3aWR0aD0iMSIgaGVpZ2h0PSIxIiB4bWxucz0iaHR0cDovL3d3dy53My5vcmcvMjAwMC9zdmciPjwvc3ZnPg==\" style=\"--smush-placeholder-width: 2500px; --smush-placeholder-aspect-ratio: 2500\/1668;\" data-original-sizes=\"(min-width: 0px) and (max-width: 480px) 480px, (min-width: 481px) and (max-width: 980px) 980px, (min-width: 981px) and (max-width: 1280px) 1280px, (min-width: 1281px) 2500px, 100vw\" \/><\/span><\/div><\/div><div class=\"et_pb_column_1 et_pb_column et_pb_column_2_5 et-last-child et_block_column et_pb_css_mix_blend_mode_passthrough\"><div class=\"et_pb_text_0 et_pb_text et_pb_bg_layout_light et_pb_module et_block_module et_pb_text_align_center\"><div class=\"et_pb_text_inner\"><p>Mariage Claire &amp; Lo\u00efc<\/p>\n<\/div><\/div><div class=\"et_pb_text_1 et_pb_text et_pb_bg_layout_light et_pb_module et_block_module\"><div class=\"et_pb_text_inner\"><p style=\"text-align: center;\"><em><a href=\"https:\/\/www.lauriecornillon.com\/photographe-mariage-saint-paul-de-vence\/\">Saint-Paul-de-Vence<\/a>, C\u00f4te d'Azur<\/em><\/p>\n<\/div><\/div><div class=\"et_pb_image_2 et_pb_image et_pb_module et_block_module\"><span class=\"et_pb_image_wrap\"><img decoding=\"async\" data-src=\"https:\/\/www.lauriecornillon.com\/wp-content\/uploads\/sites\/5\/2022\/07\/mariage-saint-paul-de-vence-37.jpg\" width=\"2500\" height=\"1668\" data-srcset=\"https:\/\/www.lauriecornillon.com\/wp-content\/uploads\/sites\/5\/2022\/07\/mariage-saint-paul-de-vence-37.jpg 2500w, https:\/\/www.lauriecornillon.com\/wp-content\/uploads\/sites\/5\/2022\/07\/mariage-saint-paul-de-vence-37-1280x854.jpg 1280w, https:\/\/www.lauriecornillon.com\/wp-content\/uploads\/sites\/5\/2022\/07\/mariage-saint-paul-de-vence-37-980x654.jpg 980w, https:\/\/www.lauriecornillon.com\/wp-content\/uploads\/sites\/5\/2022\/07\/mariage-saint-paul-de-vence-37-480x320.jpg 480w\" data-sizes=\"auto\" class=\"wp-image-28735 lazyload\" title=\"mariage-saint-paul-de-vence-37\" alt=\"photographe mariage la chevre d&#039;or\" src=\"data:image\/svg+xml;base64,PHN2ZyB3aWR0aD0iMSIgaGVpZ2h0PSIxIiB4bWxucz0iaHR0cDovL3d3dy53My5vcmcvMjAwMC9zdmciPjwvc3ZnPg==\" style=\"--smush-placeholder-width: 2500px; --smush-placeholder-aspect-ratio: 2500\/1668;\" data-original-sizes=\"(min-width: 0px) and (max-width: 480px) 480px, (min-width: 481px) and (max-width: 980px) 980px, (min-width: 981px) and (max-width: 1280px) 1280px, (min-width: 1281px) 2500px, 100vw\" \/><\/span><\/div><div class=\"et_pb_image_3 et_pb_image et_pb_module et_block_module\"><span class=\"et_pb_image_wrap\"><img decoding=\"async\" data-src=\"https:\/\/www.lauriecornillon.com\/wp-content\/uploads\/sites\/5\/2022\/07\/mariage-saint-paul-de-vence-19.jpg\" width=\"2500\" height=\"1668\" data-srcset=\"https:\/\/www.lauriecornillon.com\/wp-content\/uploads\/sites\/5\/2022\/07\/mariage-saint-paul-de-vence-19.jpg 2500w, https:\/\/www.lauriecornillon.com\/wp-content\/uploads\/sites\/5\/2022\/07\/mariage-saint-paul-de-vence-19-1280x854.jpg 1280w, https:\/\/www.lauriecornillon.com\/wp-content\/uploads\/sites\/5\/2022\/07\/mariage-saint-paul-de-vence-19-980x654.jpg 980w, https:\/\/www.lauriecornillon.com\/wp-content\/uploads\/sites\/5\/2022\/07\/mariage-saint-paul-de-vence-19-480x320.jpg 480w\" data-sizes=\"auto\" class=\"wp-image-28647 lazyload\" title=\"mariage-saint-paul-de-vence-19\" alt=\"photographe mariage chevre d&#039;or eze\" src=\"data:image\/svg+xml;base64,PHN2ZyB3aWR0aD0iMSIgaGVpZ2h0PSIxIiB4bWxucz0iaHR0cDovL3d3dy53My5vcmcvMjAwMC9zdmciPjwvc3ZnPg==\" style=\"--smush-placeholder-width: 2500px; --smush-placeholder-aspect-ratio: 2500\/1668;\" data-original-sizes=\"(min-width: 0px) and (max-width: 480px) 480px, (min-width: 481px) and (max-width: 980px) 980px, (min-width: 981px) and (max-width: 1280px) 1280px, (min-width: 1281px) 2500px, 100vw\" \/><\/span><\/div><\/div><\/div><div class=\"et_pb_row_1 et_pb_row et_block_row\"><div class=\"et_pb_column_2 et_pb_column et_pb_column_4_4 et-last-child et_block_column et_pb_css_mix_blend_mode_passthrough\"><div class=\"et_pb_divider_0 et_pb_divider_hidden et_pb_space et_pb_divider_position_top et_pb_module\"><div class=\"et_pb_divider_internal\"><\/div><\/div><\/div><\/div><\/div><div class=\"et_pb_section_1 et_pb_section et_section_regular et_block_section\"><div class=\"et_pb_row_2 et_pb_row et_block_row\"><div class=\"et_pb_column_3 et_pb_column et_pb_column_4_4 et-last-child et_block_column et_pb_css_mix_blend_mode_passthrough\"><div class=\"et_pb_text_2 et_pb_text et_pb_bg_layout_light et_pb_module et_block_module et_pb_text_align_center\"><div class=\"et_pb_text_inner\"><p>Saint-Paul-de Vence est un village pittoresque et charmant, nich\u00e9 au c\u0153ur de la Provence, entre la mer et la montagne. C\u2019est un lieu id\u00e9al pour c\u00e9l\u00e9brer un mariage authentique et plein d\u2019\u00e9motions, comme celui de Claire et Loic, que j\u2019ai eu le plaisir de photographier.<\/p>\n<p>En rencontrant Claire et Loic, j'ai tout de suite \u00e9t\u00e9 s\u00e9duits par leur complicit\u00e9 et leur joie de vivre. Ils ont d\u00e9cid\u00e9 de se marier \u00e0 Saint-Paul-de Vence, le village natal de Claire, car ils aiment son patrimoine historique et son ambiance artistique.<\/p>\n<p>Le jour J, ils se sont pr\u00e9par\u00e9s dans une belle maison de village, d\u00e9cor\u00e9e avec go\u00fbt et simplicit\u00e9. Ils ont ensuite rejoint leurs invit\u00e9s \u00e0 la mairie, o\u00f9 ils ont \u00e9chang\u00e9 leurs v\u0153ux avec \u00e9motion et tendresse. Puis, ils ont parcouru les ruelles pav\u00e9es du village, sous les applaudissements et les f\u00e9licitations des passants afin de c\u00e9l\u00e9brer leur amour dans la magnifique \u00e9glise coll\u00e9giale Saint Paul. J\u2019ai pu capturer des moments spontan\u00e9s et joyeux, qui refl\u00e8tent leur personnalit\u00e9 et leur amour.<\/p>\n<p>La r\u00e9ception a eu lieu dans un domaine avec une vue imprenable sur les collines environnantes. La d\u00e9coration \u00e9tait champ\u00eatre et \u00e9l\u00e9gante, avec des fleurs fra\u00eeches et des rameaux d'oliviers. Le repas \u00e9tait d\u00e9licieux et convivial, avec des sp\u00e9cialit\u00e9s locales et des vins de qualit\u00e9. La soir\u00e9e s\u2019est poursuivie dans une ambiance festive et chaleureuse, avec de la musique, de la danse et des rires.<\/p>\n<p>Ce mariage a \u00e9t\u00e9 pour moi une belle exp\u00e9rience, tant sur le plan professionnel que personnel. J\u2019ai \u00e9t\u00e9 touch\u00e9 par la complicit\u00e9 et la g\u00e9n\u00e9rosit\u00e9 de Claire et Loic, ainsi que par la beaut\u00e9 et le charme de Saint-Paul-de Vence. Je les remercie de m\u2019avoir fait confiance et de m\u2019avoir permis de partager ce moment unique avec eux.<\/p>\n<p>Fort de cette exp\u00e9rience, ils ont renouvel\u00e9 l\u2019exp\u00e9rience avec une seconde s\u00e9ance photo de couple quelques semaines apr\u00e8s leur union. Ils ont choisi de remettre leur tenue de mariage au ch\u00e2teau de Mouans-Sartoux, un \u00e9difice du XVIe si\u00e8cle au c\u0153ur d\u2019un grand parc. J\u2019ai pu les immortaliser dans ce cadre majestueux et romantique, qui t\u00e9moigne de leur bonheur et de leur complicit\u00e9.<\/p>\n<p>Je vous invite \u00e0 d\u00e9couvrir ci-dessous un extrait des photographies de leur mariage \u00e0 Saint-Paul-de Vence, qui illustrent la magie et l\u2019\u00e9motion de cette journ\u00e9e inoubliable.<\/p>\n<\/div><\/div><\/div><\/div><\/div><div class=\"et_pb_section_2 et_pb_section et_pb_fullwidth_section et_section_regular et_block_section\"><div class=\"et_pb_fullwidth_code_0 et_pb_fullwidth_code et_pb_module\"><div class=\"et_pb_code_inner\"><div id=\"envira-gallery-wrap-28572\" class=\"envira-gallery-wrap envira-gallery-theme-base envira-default-gallery envira-lazy-loading-disabled envira-layout-mason\" itemscope itemtype=\"http:\/\/schema.org\/ImageGallery\"><div class=\"envira-loader\"><div><\/div><div><\/div><div><\/div><div><\/div><\/div><div data-envira-id=\"28572\" data-gallery-config='{\"type\":\"default\",\"layout\":\"mason\",\"columns\":\"3\",\"gallery_theme\":\"base\",\"justified_margins\":1,\"justified_last_row\":\"nojustify\",\"lazy_loading\":0,\"lazy_loading_delay\":500,\"gutter\":2,\"margin\":2,\"image_size\":\"default\",\"square_size\":300,\"crop_width\":640,\"crop_height\":480,\"crop\":0,\"crop_position\":\"c\",\"additional_copy_0\":0,\"additional_copy_title\":0,\"additional_copy_caption\":0,\"additional_copy_title_caption\":0,\"additional_copy_0_mobile\":0,\"additional_copy_title_mobile\":0,\"additional_copy_caption_mobile\":0,\"additional_copy_title_caption_mobile\":0,\"gallery_column_title_caption\":\"0\",\"gallery_column_title_caption_mobile\":\"0\",\"additional_copy_automatic_0\":0,\"additional_copy_automatic_title\":0,\"additional_copy_automatic_caption\":0,\"additional_copy_automatic_title_caption\":0,\"additional_copy_automatic_0_mobile\":0,\"additional_copy_automatic_title_mobile\":0,\"additional_copy_automatic_caption_mobile\":0,\"additional_copy_automatic_title_caption_mobile\":0,\"gallery_automatic_title_caption\":\"0\",\"gallery_automatic_title_caption_mobile\":\"0\",\"justified_row_height\":150,\"description_position\":\"0\",\"description\":\"\",\"random\":\"0\",\"sort_order\":\"0\",\"sorting_direction\":\"ASC\",\"image_sizes_random\":[],\"isotope\":true,\"lightbox_enabled\":1,\"gallery_link_enabled\":1,\"lightbox_theme\":\"base_dark\",\"lightbox_image_size\":\"default\",\"title_display\":\"float\",\"lightbox_title_caption\":\"0\",\"arrows\":1,\"arrows_position\":\"inside\",\"toolbar\":0,\"toolbar_title\":0,\"toolbar_position\":\"top\",\"loop\":1,\"lightbox_open_close_effect\":\"fade\",\"effect\":\"fade\",\"supersize\":1,\"thumbnails_toggle\":1,\"thumbnails_hide\":1,\"image_counter\":0,\"thumbnails\":1,\"thumbnails_width\":100,\"thumbnails_height\":75,\"thumbnails_position\":\"bottom\",\"thumbnails_custom_size\":1,\"mobile\":1,\"mobile_width\":640,\"mobile_height\":480,\"mobile_lightbox\":1,\"mobile_gallery_link_enabled\":0,\"mobile_arrows\":1,\"mobile_toolbar\":1,\"mobile_thumbnails\":0,\"mobile_touchwipe_close\":1,\"mobile_thumbnails_width\":75,\"mobile_thumbnails_height\":50,\"mobile_justified_row_height\":80,\"keyboard\":true,\"standalone_template\":\"\",\"classes\":[\"envira-default-gallery\"],\"rtl\":0,\"slug\":\"mariage-saint-paul-de-vence\",\"slideshow\":1,\"autoplay\":1,\"slideshow_hover\":1,\"ss_speed\":2500,\"zoom\":0,\"zoom_hover\":0,\"zoom_position\":\"upper-left\",\"zoom_type\":\"basic\",\"zoom_effect\":\"fade-in\",\"zoom_lens_shape\":\"round\",\"zoom_lens_cursor\":1,\"zoom_window_size\":\"medium\",\"zoom_tint_color\":\"\",\"zoom_tint_color_opacity\":\"25\",\"zoom_mousewheel\":0,\"zoom_size\":200,\"mobile_zoom\":0,\"justified_gallery_theme\":\"normal\",\"justified_gallery_theme_detail\":\"\",\"display_description\":0,\"dimensions\":0,\"css_animations\":1,\"css_opacity\":100,\"mousewheel\":1,\"aspect\":1,\"html5\":0,\"mobile_touchwipe\":1,\"gallery_id\":28572}' data-gallery-images='[{\"status\":\"active\",\"src\":\"https:\\\/\\\/www.lauriecornillon.com\\\/wp-content\\\/uploads\\\/sites\\\/5\\\/2022\\\/07\\\/mariage-saint-paul-de-vence-1.jpg\",\"title\":\"mariage-saint-paul-de-vence-1\",\"link\":\"https:\\\/\\\/www.lauriecornillon.com\\\/wp-content\\\/uploads\\\/sites\\\/5\\\/2022\\\/07\\\/mariage-saint-paul-de-vence-1.jpg\",\"alt\":\"\",\"caption\":false,\"thumb\":\"https:\\\/\\\/www.lauriecornillon.com\\\/wp-content\\\/uploads\\\/sites\\\/5\\\/2022\\\/07\\\/mariage-saint-paul-de-vence-1-100x75_c.jpg\",\"meta\":{\"aperture\":null,\"credit\":null,\"camera\":null,\"caption\":\"\",\"created_timestamp\":null,\"copyright\":null,\"focal_length\":null,\"iso\":null,\"shutter_speed\":null,\"title\":\"\",\"orientation\":null,\"keywords\":null,\"resized_images\":null},\"thumbnail\":\"https:\\\/\\\/www.lauriecornillon.com\\\/wp-content\\\/uploads\\\/sites\\\/5\\\/2022\\\/07\\\/mariage-saint-paul-de-vence-1-150x150.jpg\",\"medium\":\"https:\\\/\\\/www.lauriecornillon.com\\\/wp-content\\\/uploads\\\/sites\\\/5\\\/2022\\\/07\\\/mariage-saint-paul-de-vence-1-300x200.jpg\",\"medium_large\":\"https:\\\/\\\/www.lauriecornillon.com\\\/wp-content\\\/uploads\\\/sites\\\/5\\\/2022\\\/07\\\/mariage-saint-paul-de-vence-1-768x512.jpg\",\"large\":\"https:\\\/\\\/www.lauriecornillon.com\\\/wp-content\\\/uploads\\\/sites\\\/5\\\/2022\\\/07\\\/mariage-saint-paul-de-vence-1-1024x683.jpg\",\"1536x1536\":\"https:\\\/\\\/www.lauriecornillon.com\\\/wp-content\\\/uploads\\\/sites\\\/5\\\/2022\\\/07\\\/mariage-saint-paul-de-vence-1-1536x1025.jpg\",\"2048x2048\":\"https:\\\/\\\/www.lauriecornillon.com\\\/wp-content\\\/uploads\\\/sites\\\/5\\\/2022\\\/07\\\/mariage-saint-paul-de-vence-1-2048x1366.jpg\",\"trp-custom-language-flag\":\"https:\\\/\\\/www.lauriecornillon.com\\\/wp-content\\\/uploads\\\/sites\\\/5\\\/2022\\\/07\\\/mariage-saint-paul-de-vence-1.jpg\",\"et-pb-post-main-image\":\"https:\\\/\\\/www.lauriecornillon.com\\\/wp-content\\\/uploads\\\/sites\\\/5\\\/2022\\\/07\\\/mariage-saint-paul-de-vence-1-400x250.jpg\",\"et-pb-post-main-image-fullwidth\":\"https:\\\/\\\/www.lauriecornillon.com\\\/wp-content\\\/uploads\\\/sites\\\/5\\\/2022\\\/07\\\/mariage-saint-paul-de-vence-1-1080x675.jpg\",\"et-pb-portfolio-image\":\"https:\\\/\\\/www.lauriecornillon.com\\\/wp-content\\\/uploads\\\/sites\\\/5\\\/2022\\\/07\\\/mariage-saint-paul-de-vence-1-400x284.jpg\",\"et-pb-portfolio-module-image\":\"https:\\\/\\\/www.lauriecornillon.com\\\/wp-content\\\/uploads\\\/sites\\\/5\\\/2022\\\/07\\\/mariage-saint-paul-de-vence-1-510x382.jpg\",\"et-pb-portfolio-image-single\":\"https:\\\/\\\/www.lauriecornillon.com\\\/wp-content\\\/uploads\\\/sites\\\/5\\\/2022\\\/07\\\/mariage-saint-paul-de-vence-1-1080x721.jpg\",\"et-pb-gallery-module-image-portrait\":\"https:\\\/\\\/www.lauriecornillon.com\\\/wp-content\\\/uploads\\\/sites\\\/5\\\/2022\\\/07\\\/mariage-saint-paul-de-vence-1-400x516.jpg\",\"et-pb-post-main-image-fullwidth-large\":\"https:\\\/\\\/www.lauriecornillon.com\\\/wp-content\\\/uploads\\\/sites\\\/5\\\/2022\\\/07\\\/mariage-saint-paul-de-vence-1.jpg\",\"et-pb-image--responsive--desktop\":\"https:\\\/\\\/www.lauriecornillon.com\\\/wp-content\\\/uploads\\\/sites\\\/5\\\/2022\\\/07\\\/mariage-saint-paul-de-vence-1-1280x854.jpg\",\"et-pb-image--responsive--tablet\":\"https:\\\/\\\/www.lauriecornillon.com\\\/wp-content\\\/uploads\\\/sites\\\/5\\\/2022\\\/07\\\/mariage-saint-paul-de-vence-1-980x654.jpg\",\"et-pb-image--responsive--phone\":\"https:\\\/\\\/www.lauriecornillon.com\\\/wp-content\\\/uploads\\\/sites\\\/5\\\/2022\\\/07\\\/mariage-saint-paul-de-vence-1-480x320.jpg\",\"full\":\"https:\\\/\\\/www.lauriecornillon.com\\\/wp-content\\\/uploads\\\/sites\\\/5\\\/2022\\\/07\\\/mariage-saint-paul-de-vence-1.jpg\",\"index\":0,\"id\":28579,\"video\":false,\"opts\":{\"caption\":\"\",\"thumb\":\"https:\\\/\\\/www.lauriecornillon.com\\\/wp-content\\\/uploads\\\/sites\\\/5\\\/2022\\\/07\\\/mariage-saint-paul-de-vence-1-100x75_c.jpg\",\"title\":\"mariage-saint-paul-de-vence-1\"},\"gallery_id\":28572},{\"status\":\"active\",\"src\":\"https:\\\/\\\/www.lauriecornillon.com\\\/wp-content\\\/uploads\\\/sites\\\/5\\\/2022\\\/07\\\/mariage-saint-paul-de-vence-2.jpg\",\"title\":\"mariage-saint-paul-de-vence-2\",\"link\":\"https:\\\/\\\/www.lauriecornillon.com\\\/wp-content\\\/uploads\\\/sites\\\/5\\\/2022\\\/07\\\/mariage-saint-paul-de-vence-2.jpg\",\"alt\":\"\",\"caption\":false,\"thumb\":\"https:\\\/\\\/www.lauriecornillon.com\\\/wp-content\\\/uploads\\\/sites\\\/5\\\/2022\\\/07\\\/mariage-saint-paul-de-vence-2-100x75_c.jpg\",\"meta\":{\"aperture\":null,\"credit\":null,\"camera\":null,\"caption\":\"\",\"created_timestamp\":null,\"copyright\":null,\"focal_length\":null,\"iso\":null,\"shutter_speed\":null,\"title\":\"\",\"orientation\":null,\"keywords\":null,\"resized_images\":null},\"thumbnail\":\"https:\\\/\\\/www.lauriecornillon.com\\\/wp-content\\\/uploads\\\/sites\\\/5\\\/2022\\\/07\\\/mariage-saint-paul-de-vence-2-150x150.jpg\",\"medium\":\"https:\\\/\\\/www.lauriecornillon.com\\\/wp-content\\\/uploads\\\/sites\\\/5\\\/2022\\\/07\\\/mariage-saint-paul-de-vence-2-300x200.jpg\",\"medium_large\":\"https:\\\/\\\/www.lauriecornillon.com\\\/wp-content\\\/uploads\\\/sites\\\/5\\\/2022\\\/07\\\/mariage-saint-paul-de-vence-2-768x512.jpg\",\"large\":\"https:\\\/\\\/www.lauriecornillon.com\\\/wp-content\\\/uploads\\\/sites\\\/5\\\/2022\\\/07\\\/mariage-saint-paul-de-vence-2-1024x683.jpg\",\"1536x1536\":\"https:\\\/\\\/www.lauriecornillon.com\\\/wp-content\\\/uploads\\\/sites\\\/5\\\/2022\\\/07\\\/mariage-saint-paul-de-vence-2-1536x1025.jpg\",\"2048x2048\":\"https:\\\/\\\/www.lauriecornillon.com\\\/wp-content\\\/uploads\\\/sites\\\/5\\\/2022\\\/07\\\/mariage-saint-paul-de-vence-2-2048x1366.jpg\",\"trp-custom-language-flag\":\"https:\\\/\\\/www.lauriecornillon.com\\\/wp-content\\\/uploads\\\/sites\\\/5\\\/2022\\\/07\\\/mariage-saint-paul-de-vence-2.jpg\",\"et-pb-post-main-image\":\"https:\\\/\\\/www.lauriecornillon.com\\\/wp-content\\\/uploads\\\/sites\\\/5\\\/2022\\\/07\\\/mariage-saint-paul-de-vence-2-400x250.jpg\",\"et-pb-post-main-image-fullwidth\":\"https:\\\/\\\/www.lauriecornillon.com\\\/wp-content\\\/uploads\\\/sites\\\/5\\\/2022\\\/07\\\/mariage-saint-paul-de-vence-2-1080x675.jpg\",\"et-pb-portfolio-image\":\"https:\\\/\\\/www.lauriecornillon.com\\\/wp-content\\\/uploads\\\/sites\\\/5\\\/2022\\\/07\\\/mariage-saint-paul-de-vence-2-400x284.jpg\",\"et-pb-portfolio-module-image\":\"https:\\\/\\\/www.lauriecornillon.com\\\/wp-content\\\/uploads\\\/sites\\\/5\\\/2022\\\/07\\\/mariage-saint-paul-de-vence-2-510x382.jpg\",\"et-pb-portfolio-image-single\":\"https:\\\/\\\/www.lauriecornillon.com\\\/wp-content\\\/uploads\\\/sites\\\/5\\\/2022\\\/07\\\/mariage-saint-paul-de-vence-2-1080x721.jpg\",\"et-pb-gallery-module-image-portrait\":\"https:\\\/\\\/www.lauriecornillon.com\\\/wp-content\\\/uploads\\\/sites\\\/5\\\/2022\\\/07\\\/mariage-saint-paul-de-vence-2-400x516.jpg\",\"et-pb-post-main-image-fullwidth-large\":\"https:\\\/\\\/www.lauriecornillon.com\\\/wp-content\\\/uploads\\\/sites\\\/5\\\/2022\\\/07\\\/mariage-saint-paul-de-vence-2.jpg\",\"et-pb-image--responsive--desktop\":\"https:\\\/\\\/www.lauriecornillon.com\\\/wp-content\\\/uploads\\\/sites\\\/5\\\/2022\\\/07\\\/mariage-saint-paul-de-vence-2-1280x854.jpg\",\"et-pb-image--responsive--tablet\":\"https:\\\/\\\/www.lauriecornillon.com\\\/wp-content\\\/uploads\\\/sites\\\/5\\\/2022\\\/07\\\/mariage-saint-paul-de-vence-2-980x654.jpg\",\"et-pb-image--responsive--phone\":\"https:\\\/\\\/www.lauriecornillon.com\\\/wp-content\\\/uploads\\\/sites\\\/5\\\/2022\\\/07\\\/mariage-saint-paul-de-vence-2-480x320.jpg\",\"full\":\"https:\\\/\\\/www.lauriecornillon.com\\\/wp-content\\\/uploads\\\/sites\\\/5\\\/2022\\\/07\\\/mariage-saint-paul-de-vence-2.jpg\",\"index\":1,\"id\":28583,\"video\":false,\"opts\":{\"caption\":\"\",\"thumb\":\"https:\\\/\\\/www.lauriecornillon.com\\\/wp-content\\\/uploads\\\/sites\\\/5\\\/2022\\\/07\\\/mariage-saint-paul-de-vence-2-100x75_c.jpg\",\"title\":\"mariage-saint-paul-de-vence-2\"},\"gallery_id\":28572},{\"status\":\"active\",\"src\":\"https:\\\/\\\/www.lauriecornillon.com\\\/wp-content\\\/uploads\\\/sites\\\/5\\\/2022\\\/07\\\/mariage-saint-paul-de-vence-3.jpg\",\"title\":\"mariage-saint-paul-de-vence-3\",\"link\":\"https:\\\/\\\/www.lauriecornillon.com\\\/wp-content\\\/uploads\\\/sites\\\/5\\\/2022\\\/07\\\/mariage-saint-paul-de-vence-3.jpg\",\"alt\":\"\",\"caption\":false,\"thumb\":\"https:\\\/\\\/www.lauriecornillon.com\\\/wp-content\\\/uploads\\\/sites\\\/5\\\/2022\\\/07\\\/mariage-saint-paul-de-vence-3-100x75_c.jpg\",\"meta\":{\"aperture\":null,\"credit\":null,\"camera\":null,\"caption\":\"\",\"created_timestamp\":null,\"copyright\":null,\"focal_length\":null,\"iso\":null,\"shutter_speed\":null,\"title\":\"\",\"orientation\":null,\"keywords\":null,\"resized_images\":null},\"thumbnail\":\"https:\\\/\\\/www.lauriecornillon.com\\\/wp-content\\\/uploads\\\/sites\\\/5\\\/2022\\\/07\\\/mariage-saint-paul-de-vence-3-150x150.jpg\",\"medium\":\"https:\\\/\\\/www.lauriecornillon.com\\\/wp-content\\\/uploads\\\/sites\\\/5\\\/2022\\\/07\\\/mariage-saint-paul-de-vence-3-300x200.jpg\",\"medium_large\":\"https:\\\/\\\/www.lauriecornillon.com\\\/wp-content\\\/uploads\\\/sites\\\/5\\\/2022\\\/07\\\/mariage-saint-paul-de-vence-3-768x512.jpg\",\"large\":\"https:\\\/\\\/www.lauriecornillon.com\\\/wp-content\\\/uploads\\\/sites\\\/5\\\/2022\\\/07\\\/mariage-saint-paul-de-vence-3-1024x683.jpg\",\"1536x1536\":\"https:\\\/\\\/www.lauriecornillon.com\\\/wp-content\\\/uploads\\\/sites\\\/5\\\/2022\\\/07\\\/mariage-saint-paul-de-vence-3-1536x1025.jpg\",\"2048x2048\":\"https:\\\/\\\/www.lauriecornillon.com\\\/wp-content\\\/uploads\\\/sites\\\/5\\\/2022\\\/07\\\/mariage-saint-paul-de-vence-3-2048x1366.jpg\",\"trp-custom-language-flag\":\"https:\\\/\\\/www.lauriecornillon.com\\\/wp-content\\\/uploads\\\/sites\\\/5\\\/2022\\\/07\\\/mariage-saint-paul-de-vence-3.jpg\",\"et-pb-post-main-image\":\"https:\\\/\\\/www.lauriecornillon.com\\\/wp-content\\\/uploads\\\/sites\\\/5\\\/2022\\\/07\\\/mariage-saint-paul-de-vence-3-400x250.jpg\",\"et-pb-post-main-image-fullwidth\":\"https:\\\/\\\/www.lauriecornillon.com\\\/wp-content\\\/uploads\\\/sites\\\/5\\\/2022\\\/07\\\/mariage-saint-paul-de-vence-3-1080x675.jpg\",\"et-pb-portfolio-image\":\"https:\\\/\\\/www.lauriecornillon.com\\\/wp-content\\\/uploads\\\/sites\\\/5\\\/2022\\\/07\\\/mariage-saint-paul-de-vence-3-400x284.jpg\",\"et-pb-portfolio-module-image\":\"https:\\\/\\\/www.lauriecornillon.com\\\/wp-content\\\/uploads\\\/sites\\\/5\\\/2022\\\/07\\\/mariage-saint-paul-de-vence-3-510x382.jpg\",\"et-pb-portfolio-image-single\":\"https:\\\/\\\/www.lauriecornillon.com\\\/wp-content\\\/uploads\\\/sites\\\/5\\\/2022\\\/07\\\/mariage-saint-paul-de-vence-3-1080x721.jpg\",\"et-pb-gallery-module-image-portrait\":\"https:\\\/\\\/www.lauriecornillon.com\\\/wp-content\\\/uploads\\\/sites\\\/5\\\/2022\\\/07\\\/mariage-saint-paul-de-vence-3-400x516.jpg\",\"et-pb-post-main-image-fullwidth-large\":\"https:\\\/\\\/www.lauriecornillon.com\\\/wp-content\\\/uploads\\\/sites\\\/5\\\/2022\\\/07\\\/mariage-saint-paul-de-vence-3.jpg\",\"et-pb-image--responsive--desktop\":\"https:\\\/\\\/www.lauriecornillon.com\\\/wp-content\\\/uploads\\\/sites\\\/5\\\/2022\\\/07\\\/mariage-saint-paul-de-vence-3-1280x854.jpg\",\"et-pb-image--responsive--tablet\":\"https:\\\/\\\/www.lauriecornillon.com\\\/wp-content\\\/uploads\\\/sites\\\/5\\\/2022\\\/07\\\/mariage-saint-paul-de-vence-3-980x654.jpg\",\"et-pb-image--responsive--phone\":\"https:\\\/\\\/www.lauriecornillon.com\\\/wp-content\\\/uploads\\\/sites\\\/5\\\/2022\\\/07\\\/mariage-saint-paul-de-vence-3-480x320.jpg\",\"full\":\"https:\\\/\\\/www.lauriecornillon.com\\\/wp-content\\\/uploads\\\/sites\\\/5\\\/2022\\\/07\\\/mariage-saint-paul-de-vence-3.jpg\",\"index\":2,\"id\":28585,\"video\":false,\"opts\":{\"caption\":\"\",\"thumb\":\"https:\\\/\\\/www.lauriecornillon.com\\\/wp-content\\\/uploads\\\/sites\\\/5\\\/2022\\\/07\\\/mariage-saint-paul-de-vence-3-100x75_c.jpg\",\"title\":\"mariage-saint-paul-de-vence-3\"},\"gallery_id\":28572},{\"status\":\"active\",\"src\":\"https:\\\/\\\/www.lauriecornillon.com\\\/wp-content\\\/uploads\\\/sites\\\/5\\\/2022\\\/07\\\/mariage-saint-paul-de-vence-4.jpg\",\"title\":\"mariage-saint-paul-de-vence-4\",\"link\":\"https:\\\/\\\/www.lauriecornillon.com\\\/wp-content\\\/uploads\\\/sites\\\/5\\\/2022\\\/07\\\/mariage-saint-paul-de-vence-4.jpg\",\"alt\":\"\",\"caption\":false,\"thumb\":\"https:\\\/\\\/www.lauriecornillon.com\\\/wp-content\\\/uploads\\\/sites\\\/5\\\/2022\\\/07\\\/mariage-saint-paul-de-vence-4-100x75_c.jpg\",\"meta\":{\"aperture\":null,\"credit\":null,\"camera\":null,\"caption\":\"\",\"created_timestamp\":null,\"copyright\":null,\"focal_length\":null,\"iso\":null,\"shutter_speed\":null,\"title\":\"\",\"orientation\":null,\"keywords\":null,\"resized_images\":null},\"thumbnail\":\"https:\\\/\\\/www.lauriecornillon.com\\\/wp-content\\\/uploads\\\/sites\\\/5\\\/2022\\\/07\\\/mariage-saint-paul-de-vence-4-150x150.jpg\",\"medium\":\"https:\\\/\\\/www.lauriecornillon.com\\\/wp-content\\\/uploads\\\/sites\\\/5\\\/2022\\\/07\\\/mariage-saint-paul-de-vence-4-300x200.jpg\",\"medium_large\":\"https:\\\/\\\/www.lauriecornillon.com\\\/wp-content\\\/uploads\\\/sites\\\/5\\\/2022\\\/07\\\/mariage-saint-paul-de-vence-4-768x512.jpg\",\"large\":\"https:\\\/\\\/www.lauriecornillon.com\\\/wp-content\\\/uploads\\\/sites\\\/5\\\/2022\\\/07\\\/mariage-saint-paul-de-vence-4-1024x683.jpg\",\"1536x1536\":\"https:\\\/\\\/www.lauriecornillon.com\\\/wp-content\\\/uploads\\\/sites\\\/5\\\/2022\\\/07\\\/mariage-saint-paul-de-vence-4-1536x1025.jpg\",\"2048x2048\":\"https:\\\/\\\/www.lauriecornillon.com\\\/wp-content\\\/uploads\\\/sites\\\/5\\\/2022\\\/07\\\/mariage-saint-paul-de-vence-4-2048x1366.jpg\",\"trp-custom-language-flag\":\"https:\\\/\\\/www.lauriecornillon.com\\\/wp-content\\\/uploads\\\/sites\\\/5\\\/2022\\\/07\\\/mariage-saint-paul-de-vence-4.jpg\",\"et-pb-post-main-image\":\"https:\\\/\\\/www.lauriecornillon.com\\\/wp-content\\\/uploads\\\/sites\\\/5\\\/2022\\\/07\\\/mariage-saint-paul-de-vence-4-400x250.jpg\",\"et-pb-post-main-image-fullwidth\":\"https:\\\/\\\/www.lauriecornillon.com\\\/wp-content\\\/uploads\\\/sites\\\/5\\\/2022\\\/07\\\/mariage-saint-paul-de-vence-4-1080x675.jpg\",\"et-pb-portfolio-image\":\"https:\\\/\\\/www.lauriecornillon.com\\\/wp-content\\\/uploads\\\/sites\\\/5\\\/2022\\\/07\\\/mariage-saint-paul-de-vence-4-400x284.jpg\",\"et-pb-portfolio-module-image\":\"https:\\\/\\\/www.lauriecornillon.com\\\/wp-content\\\/uploads\\\/sites\\\/5\\\/2022\\\/07\\\/mariage-saint-paul-de-vence-4-510x382.jpg\",\"et-pb-portfolio-image-single\":\"https:\\\/\\\/www.lauriecornillon.com\\\/wp-content\\\/uploads\\\/sites\\\/5\\\/2022\\\/07\\\/mariage-saint-paul-de-vence-4-1080x721.jpg\",\"et-pb-gallery-module-image-portrait\":\"https:\\\/\\\/www.lauriecornillon.com\\\/wp-content\\\/uploads\\\/sites\\\/5\\\/2022\\\/07\\\/mariage-saint-paul-de-vence-4-400x516.jpg\",\"et-pb-post-main-image-fullwidth-large\":\"https:\\\/\\\/www.lauriecornillon.com\\\/wp-content\\\/uploads\\\/sites\\\/5\\\/2022\\\/07\\\/mariage-saint-paul-de-vence-4.jpg\",\"et-pb-image--responsive--desktop\":\"https:\\\/\\\/www.lauriecornillon.com\\\/wp-content\\\/uploads\\\/sites\\\/5\\\/2022\\\/07\\\/mariage-saint-paul-de-vence-4-1280x854.jpg\",\"et-pb-image--responsive--tablet\":\"https:\\\/\\\/www.lauriecornillon.com\\\/wp-content\\\/uploads\\\/sites\\\/5\\\/2022\\\/07\\\/mariage-saint-paul-de-vence-4-980x654.jpg\",\"et-pb-image--responsive--phone\":\"https:\\\/\\\/www.lauriecornillon.com\\\/wp-content\\\/uploads\\\/sites\\\/5\\\/2022\\\/07\\\/mariage-saint-paul-de-vence-4-480x320.jpg\",\"full\":\"https:\\\/\\\/www.lauriecornillon.com\\\/wp-content\\\/uploads\\\/sites\\\/5\\\/2022\\\/07\\\/mariage-saint-paul-de-vence-4.jpg\",\"index\":3,\"id\":28589,\"video\":false,\"opts\":{\"caption\":\"\",\"thumb\":\"https:\\\/\\\/www.lauriecornillon.com\\\/wp-content\\\/uploads\\\/sites\\\/5\\\/2022\\\/07\\\/mariage-saint-paul-de-vence-4-100x75_c.jpg\",\"title\":\"mariage-saint-paul-de-vence-4\"},\"gallery_id\":28572},{\"status\":\"active\",\"src\":\"https:\\\/\\\/www.lauriecornillon.com\\\/wp-content\\\/uploads\\\/sites\\\/5\\\/2022\\\/07\\\/mariage-saint-paul-de-vence-5.jpg\",\"title\":\"mariage-saint-paul-de-vence-5\",\"link\":\"https:\\\/\\\/www.lauriecornillon.com\\\/wp-content\\\/uploads\\\/sites\\\/5\\\/2022\\\/07\\\/mariage-saint-paul-de-vence-5.jpg\",\"alt\":\"\",\"caption\":false,\"thumb\":\"https:\\\/\\\/www.lauriecornillon.com\\\/wp-content\\\/uploads\\\/sites\\\/5\\\/2022\\\/07\\\/mariage-saint-paul-de-vence-5-100x75_c.jpg\",\"meta\":{\"aperture\":null,\"credit\":null,\"camera\":null,\"caption\":\"\",\"created_timestamp\":null,\"copyright\":null,\"focal_length\":null,\"iso\":null,\"shutter_speed\":null,\"title\":\"\",\"orientation\":null,\"keywords\":null,\"resized_images\":null},\"thumbnail\":\"https:\\\/\\\/www.lauriecornillon.com\\\/wp-content\\\/uploads\\\/sites\\\/5\\\/2022\\\/07\\\/mariage-saint-paul-de-vence-5-150x150.jpg\",\"medium\":\"https:\\\/\\\/www.lauriecornillon.com\\\/wp-content\\\/uploads\\\/sites\\\/5\\\/2022\\\/07\\\/mariage-saint-paul-de-vence-5-300x200.jpg\",\"medium_large\":\"https:\\\/\\\/www.lauriecornillon.com\\\/wp-content\\\/uploads\\\/sites\\\/5\\\/2022\\\/07\\\/mariage-saint-paul-de-vence-5-768x512.jpg\",\"large\":\"https:\\\/\\\/www.lauriecornillon.com\\\/wp-content\\\/uploads\\\/sites\\\/5\\\/2022\\\/07\\\/mariage-saint-paul-de-vence-5-1024x683.jpg\",\"1536x1536\":\"https:\\\/\\\/www.lauriecornillon.com\\\/wp-content\\\/uploads\\\/sites\\\/5\\\/2022\\\/07\\\/mariage-saint-paul-de-vence-5-1536x1025.jpg\",\"2048x2048\":\"https:\\\/\\\/www.lauriecornillon.com\\\/wp-content\\\/uploads\\\/sites\\\/5\\\/2022\\\/07\\\/mariage-saint-paul-de-vence-5-2048x1366.jpg\",\"trp-custom-language-flag\":\"https:\\\/\\\/www.lauriecornillon.com\\\/wp-content\\\/uploads\\\/sites\\\/5\\\/2022\\\/07\\\/mariage-saint-paul-de-vence-5.jpg\",\"et-pb-post-main-image\":\"https:\\\/\\\/www.lauriecornillon.com\\\/wp-content\\\/uploads\\\/sites\\\/5\\\/2022\\\/07\\\/mariage-saint-paul-de-vence-5-400x250.jpg\",\"et-pb-post-main-image-fullwidth\":\"https:\\\/\\\/www.lauriecornillon.com\\\/wp-content\\\/uploads\\\/sites\\\/5\\\/2022\\\/07\\\/mariage-saint-paul-de-vence-5-1080x675.jpg\",\"et-pb-portfolio-image\":\"https:\\\/\\\/www.lauriecornillon.com\\\/wp-content\\\/uploads\\\/sites\\\/5\\\/2022\\\/07\\\/mariage-saint-paul-de-vence-5-400x284.jpg\",\"et-pb-portfolio-module-image\":\"https:\\\/\\\/www.lauriecornillon.com\\\/wp-content\\\/uploads\\\/sites\\\/5\\\/2022\\\/07\\\/mariage-saint-paul-de-vence-5-510x382.jpg\",\"et-pb-portfolio-image-single\":\"https:\\\/\\\/www.lauriecornillon.com\\\/wp-content\\\/uploads\\\/sites\\\/5\\\/2022\\\/07\\\/mariage-saint-paul-de-vence-5-1080x721.jpg\",\"et-pb-gallery-module-image-portrait\":\"https:\\\/\\\/www.lauriecornillon.com\\\/wp-content\\\/uploads\\\/sites\\\/5\\\/2022\\\/07\\\/mariage-saint-paul-de-vence-5-400x516.jpg\",\"et-pb-post-main-image-fullwidth-large\":\"https:\\\/\\\/www.lauriecornillon.com\\\/wp-content\\\/uploads\\\/sites\\\/5\\\/2022\\\/07\\\/mariage-saint-paul-de-vence-5.jpg\",\"et-pb-image--responsive--desktop\":\"https:\\\/\\\/www.lauriecornillon.com\\\/wp-content\\\/uploads\\\/sites\\\/5\\\/2022\\\/07\\\/mariage-saint-paul-de-vence-5-1280x854.jpg\",\"et-pb-image--responsive--tablet\":\"https:\\\/\\\/www.lauriecornillon.com\\\/wp-content\\\/uploads\\\/sites\\\/5\\\/2022\\\/07\\\/mariage-saint-paul-de-vence-5-980x654.jpg\",\"et-pb-image--responsive--phone\":\"https:\\\/\\\/www.lauriecornillon.com\\\/wp-content\\\/uploads\\\/sites\\\/5\\\/2022\\\/07\\\/mariage-saint-paul-de-vence-5-480x320.jpg\",\"full\":\"https:\\\/\\\/www.lauriecornillon.com\\\/wp-content\\\/uploads\\\/sites\\\/5\\\/2022\\\/07\\\/mariage-saint-paul-de-vence-5.jpg\",\"index\":4,\"id\":28594,\"video\":false,\"opts\":{\"caption\":\"\",\"thumb\":\"https:\\\/\\\/www.lauriecornillon.com\\\/wp-content\\\/uploads\\\/sites\\\/5\\\/2022\\\/07\\\/mariage-saint-paul-de-vence-5-100x75_c.jpg\",\"title\":\"mariage-saint-paul-de-vence-5\"},\"gallery_id\":28572},{\"status\":\"active\",\"src\":\"https:\\\/\\\/www.lauriecornillon.com\\\/wp-content\\\/uploads\\\/sites\\\/5\\\/2022\\\/07\\\/mariage-saint-paul-de-vence-6.jpg\",\"title\":\"mariage-saint-paul-de-vence-6\",\"link\":\"https:\\\/\\\/www.lauriecornillon.com\\\/wp-content\\\/uploads\\\/sites\\\/5\\\/2022\\\/07\\\/mariage-saint-paul-de-vence-6.jpg\",\"alt\":\"\",\"caption\":false,\"thumb\":\"https:\\\/\\\/www.lauriecornillon.com\\\/wp-content\\\/uploads\\\/sites\\\/5\\\/2022\\\/07\\\/mariage-saint-paul-de-vence-6-100x75_c.jpg\",\"meta\":{\"aperture\":null,\"credit\":null,\"camera\":null,\"caption\":\"\",\"created_timestamp\":null,\"copyright\":null,\"focal_length\":null,\"iso\":null,\"shutter_speed\":null,\"title\":\"\",\"orientation\":null,\"keywords\":null,\"resized_images\":null},\"thumbnail\":\"https:\\\/\\\/www.lauriecornillon.com\\\/wp-content\\\/uploads\\\/sites\\\/5\\\/2022\\\/07\\\/mariage-saint-paul-de-vence-6-150x150.jpg\",\"medium\":\"https:\\\/\\\/www.lauriecornillon.com\\\/wp-content\\\/uploads\\\/sites\\\/5\\\/2022\\\/07\\\/mariage-saint-paul-de-vence-6-300x200.jpg\",\"medium_large\":\"https:\\\/\\\/www.lauriecornillon.com\\\/wp-content\\\/uploads\\\/sites\\\/5\\\/2022\\\/07\\\/mariage-saint-paul-de-vence-6-768x512.jpg\",\"large\":\"https:\\\/\\\/www.lauriecornillon.com\\\/wp-content\\\/uploads\\\/sites\\\/5\\\/2022\\\/07\\\/mariage-saint-paul-de-vence-6-1024x683.jpg\",\"1536x1536\":\"https:\\\/\\\/www.lauriecornillon.com\\\/wp-content\\\/uploads\\\/sites\\\/5\\\/2022\\\/07\\\/mariage-saint-paul-de-vence-6-1536x1025.jpg\",\"2048x2048\":\"https:\\\/\\\/www.lauriecornillon.com\\\/wp-content\\\/uploads\\\/sites\\\/5\\\/2022\\\/07\\\/mariage-saint-paul-de-vence-6-2048x1366.jpg\",\"trp-custom-language-flag\":\"https:\\\/\\\/www.lauriecornillon.com\\\/wp-content\\\/uploads\\\/sites\\\/5\\\/2022\\\/07\\\/mariage-saint-paul-de-vence-6.jpg\",\"et-pb-post-main-image\":\"https:\\\/\\\/www.lauriecornillon.com\\\/wp-content\\\/uploads\\\/sites\\\/5\\\/2022\\\/07\\\/mariage-saint-paul-de-vence-6-400x250.jpg\",\"et-pb-post-main-image-fullwidth\":\"https:\\\/\\\/www.lauriecornillon.com\\\/wp-content\\\/uploads\\\/sites\\\/5\\\/2022\\\/07\\\/mariage-saint-paul-de-vence-6-1080x675.jpg\",\"et-pb-portfolio-image\":\"https:\\\/\\\/www.lauriecornillon.com\\\/wp-content\\\/uploads\\\/sites\\\/5\\\/2022\\\/07\\\/mariage-saint-paul-de-vence-6-400x284.jpg\",\"et-pb-portfolio-module-image\":\"https:\\\/\\\/www.lauriecornillon.com\\\/wp-content\\\/uploads\\\/sites\\\/5\\\/2022\\\/07\\\/mariage-saint-paul-de-vence-6-510x382.jpg\",\"et-pb-portfolio-image-single\":\"https:\\\/\\\/www.lauriecornillon.com\\\/wp-content\\\/uploads\\\/sites\\\/5\\\/2022\\\/07\\\/mariage-saint-paul-de-vence-6-1080x721.jpg\",\"et-pb-gallery-module-image-portrait\":\"https:\\\/\\\/www.lauriecornillon.com\\\/wp-content\\\/uploads\\\/sites\\\/5\\\/2022\\\/07\\\/mariage-saint-paul-de-vence-6-400x516.jpg\",\"et-pb-post-main-image-fullwidth-large\":\"https:\\\/\\\/www.lauriecornillon.com\\\/wp-content\\\/uploads\\\/sites\\\/5\\\/2022\\\/07\\\/mariage-saint-paul-de-vence-6.jpg\",\"et-pb-image--responsive--desktop\":\"https:\\\/\\\/www.lauriecornillon.com\\\/wp-content\\\/uploads\\\/sites\\\/5\\\/2022\\\/07\\\/mariage-saint-paul-de-vence-6-1280x854.jpg\",\"et-pb-image--responsive--tablet\":\"https:\\\/\\\/www.lauriecornillon.com\\\/wp-content\\\/uploads\\\/sites\\\/5\\\/2022\\\/07\\\/mariage-saint-paul-de-vence-6-980x654.jpg\",\"et-pb-image--responsive--phone\":\"https:\\\/\\\/www.lauriecornillon.com\\\/wp-content\\\/uploads\\\/sites\\\/5\\\/2022\\\/07\\\/mariage-saint-paul-de-vence-6-480x320.jpg\",\"full\":\"https:\\\/\\\/www.lauriecornillon.com\\\/wp-content\\\/uploads\\\/sites\\\/5\\\/2022\\\/07\\\/mariage-saint-paul-de-vence-6.jpg\",\"index\":5,\"id\":28597,\"video\":false,\"opts\":{\"caption\":\"\",\"thumb\":\"https:\\\/\\\/www.lauriecornillon.com\\\/wp-content\\\/uploads\\\/sites\\\/5\\\/2022\\\/07\\\/mariage-saint-paul-de-vence-6-100x75_c.jpg\",\"title\":\"mariage-saint-paul-de-vence-6\"},\"gallery_id\":28572},{\"status\":\"active\",\"src\":\"https:\\\/\\\/www.lauriecornillon.com\\\/wp-content\\\/uploads\\\/sites\\\/5\\\/2022\\\/07\\\/mariage-saint-paul-de-vence-7.jpg\",\"title\":\"mariage-saint-paul-de-vence-7\",\"link\":\"https:\\\/\\\/www.lauriecornillon.com\\\/wp-content\\\/uploads\\\/sites\\\/5\\\/2022\\\/07\\\/mariage-saint-paul-de-vence-7.jpg\",\"alt\":\"\",\"caption\":false,\"thumb\":\"https:\\\/\\\/www.lauriecornillon.com\\\/wp-content\\\/uploads\\\/sites\\\/5\\\/2022\\\/07\\\/mariage-saint-paul-de-vence-7-100x75_c.jpg\",\"meta\":{\"aperture\":null,\"credit\":null,\"camera\":null,\"caption\":\"\",\"created_timestamp\":null,\"copyright\":null,\"focal_length\":null,\"iso\":null,\"shutter_speed\":null,\"title\":\"\",\"orientation\":null,\"keywords\":null,\"resized_images\":null},\"thumbnail\":\"https:\\\/\\\/www.lauriecornillon.com\\\/wp-content\\\/uploads\\\/sites\\\/5\\\/2022\\\/07\\\/mariage-saint-paul-de-vence-7-150x150.jpg\",\"medium\":\"https:\\\/\\\/www.lauriecornillon.com\\\/wp-content\\\/uploads\\\/sites\\\/5\\\/2022\\\/07\\\/mariage-saint-paul-de-vence-7-300x200.jpg\",\"medium_large\":\"https:\\\/\\\/www.lauriecornillon.com\\\/wp-content\\\/uploads\\\/sites\\\/5\\\/2022\\\/07\\\/mariage-saint-paul-de-vence-7-768x512.jpg\",\"large\":\"https:\\\/\\\/www.lauriecornillon.com\\\/wp-content\\\/uploads\\\/sites\\\/5\\\/2022\\\/07\\\/mariage-saint-paul-de-vence-7-1024x683.jpg\",\"1536x1536\":\"https:\\\/\\\/www.lauriecornillon.com\\\/wp-content\\\/uploads\\\/sites\\\/5\\\/2022\\\/07\\\/mariage-saint-paul-de-vence-7-1536x1025.jpg\",\"2048x2048\":\"https:\\\/\\\/www.lauriecornillon.com\\\/wp-content\\\/uploads\\\/sites\\\/5\\\/2022\\\/07\\\/mariage-saint-paul-de-vence-7-2048x1366.jpg\",\"trp-custom-language-flag\":\"https:\\\/\\\/www.lauriecornillon.com\\\/wp-content\\\/uploads\\\/sites\\\/5\\\/2022\\\/07\\\/mariage-saint-paul-de-vence-7.jpg\",\"et-pb-post-main-image\":\"https:\\\/\\\/www.lauriecornillon.com\\\/wp-content\\\/uploads\\\/sites\\\/5\\\/2022\\\/07\\\/mariage-saint-paul-de-vence-7-400x250.jpg\",\"et-pb-post-main-image-fullwidth\":\"https:\\\/\\\/www.lauriecornillon.com\\\/wp-content\\\/uploads\\\/sites\\\/5\\\/2022\\\/07\\\/mariage-saint-paul-de-vence-7-1080x675.jpg\",\"et-pb-portfolio-image\":\"https:\\\/\\\/www.lauriecornillon.com\\\/wp-content\\\/uploads\\\/sites\\\/5\\\/2022\\\/07\\\/mariage-saint-paul-de-vence-7-400x284.jpg\",\"et-pb-portfolio-module-image\":\"https:\\\/\\\/www.lauriecornillon.com\\\/wp-content\\\/uploads\\\/sites\\\/5\\\/2022\\\/07\\\/mariage-saint-paul-de-vence-7-510x382.jpg\",\"et-pb-portfolio-image-single\":\"https:\\\/\\\/www.lauriecornillon.com\\\/wp-content\\\/uploads\\\/sites\\\/5\\\/2022\\\/07\\\/mariage-saint-paul-de-vence-7-1080x721.jpg\",\"et-pb-gallery-module-image-portrait\":\"https:\\\/\\\/www.lauriecornillon.com\\\/wp-content\\\/uploads\\\/sites\\\/5\\\/2022\\\/07\\\/mariage-saint-paul-de-vence-7-400x516.jpg\",\"et-pb-post-main-image-fullwidth-large\":\"https:\\\/\\\/www.lauriecornillon.com\\\/wp-content\\\/uploads\\\/sites\\\/5\\\/2022\\\/07\\\/mariage-saint-paul-de-vence-7.jpg\",\"et-pb-image--responsive--desktop\":\"https:\\\/\\\/www.lauriecornillon.com\\\/wp-content\\\/uploads\\\/sites\\\/5\\\/2022\\\/07\\\/mariage-saint-paul-de-vence-7-1280x854.jpg\",\"et-pb-image--responsive--tablet\":\"https:\\\/\\\/www.lauriecornillon.com\\\/wp-content\\\/uploads\\\/sites\\\/5\\\/2022\\\/07\\\/mariage-saint-paul-de-vence-7-980x654.jpg\",\"et-pb-image--responsive--phone\":\"https:\\\/\\\/www.lauriecornillon.com\\\/wp-content\\\/uploads\\\/sites\\\/5\\\/2022\\\/07\\\/mariage-saint-paul-de-vence-7-480x320.jpg\",\"full\":\"https:\\\/\\\/www.lauriecornillon.com\\\/wp-content\\\/uploads\\\/sites\\\/5\\\/2022\\\/07\\\/mariage-saint-paul-de-vence-7.jpg\",\"index\":6,\"id\":28601,\"video\":false,\"opts\":{\"caption\":\"\",\"thumb\":\"https:\\\/\\\/www.lauriecornillon.com\\\/wp-content\\\/uploads\\\/sites\\\/5\\\/2022\\\/07\\\/mariage-saint-paul-de-vence-7-100x75_c.jpg\",\"title\":\"mariage-saint-paul-de-vence-7\"},\"gallery_id\":28572},{\"status\":\"active\",\"src\":\"https:\\\/\\\/www.lauriecornillon.com\\\/wp-content\\\/uploads\\\/sites\\\/5\\\/2022\\\/07\\\/mariage-saint-paul-de-vence-8.jpg\",\"title\":\"mariage-saint-paul-de-vence-8\",\"link\":\"https:\\\/\\\/www.lauriecornillon.com\\\/wp-content\\\/uploads\\\/sites\\\/5\\\/2022\\\/07\\\/mariage-saint-paul-de-vence-8.jpg\",\"alt\":\"\",\"caption\":false,\"thumb\":\"https:\\\/\\\/www.lauriecornillon.com\\\/wp-content\\\/uploads\\\/sites\\\/5\\\/2022\\\/07\\\/mariage-saint-paul-de-vence-8-100x75_c.jpg\",\"meta\":{\"aperture\":null,\"credit\":null,\"camera\":null,\"caption\":\"\",\"created_timestamp\":null,\"copyright\":null,\"focal_length\":null,\"iso\":null,\"shutter_speed\":null,\"title\":\"\",\"orientation\":null,\"keywords\":null,\"resized_images\":null},\"thumbnail\":\"https:\\\/\\\/www.lauriecornillon.com\\\/wp-content\\\/uploads\\\/sites\\\/5\\\/2022\\\/07\\\/mariage-saint-paul-de-vence-8-150x150.jpg\",\"medium\":\"https:\\\/\\\/www.lauriecornillon.com\\\/wp-content\\\/uploads\\\/sites\\\/5\\\/2022\\\/07\\\/mariage-saint-paul-de-vence-8-300x200.jpg\",\"medium_large\":\"https:\\\/\\\/www.lauriecornillon.com\\\/wp-content\\\/uploads\\\/sites\\\/5\\\/2022\\\/07\\\/mariage-saint-paul-de-vence-8-768x512.jpg\",\"large\":\"https:\\\/\\\/www.lauriecornillon.com\\\/wp-content\\\/uploads\\\/sites\\\/5\\\/2022\\\/07\\\/mariage-saint-paul-de-vence-8-1024x683.jpg\",\"1536x1536\":\"https:\\\/\\\/www.lauriecornillon.com\\\/wp-content\\\/uploads\\\/sites\\\/5\\\/2022\\\/07\\\/mariage-saint-paul-de-vence-8-1536x1025.jpg\",\"2048x2048\":\"https:\\\/\\\/www.lauriecornillon.com\\\/wp-content\\\/uploads\\\/sites\\\/5\\\/2022\\\/07\\\/mariage-saint-paul-de-vence-8-2048x1366.jpg\",\"trp-custom-language-flag\":\"https:\\\/\\\/www.lauriecornillon.com\\\/wp-content\\\/uploads\\\/sites\\\/5\\\/2022\\\/07\\\/mariage-saint-paul-de-vence-8.jpg\",\"et-pb-post-main-image\":\"https:\\\/\\\/www.lauriecornillon.com\\\/wp-content\\\/uploads\\\/sites\\\/5\\\/2022\\\/07\\\/mariage-saint-paul-de-vence-8-400x250.jpg\",\"et-pb-post-main-image-fullwidth\":\"https:\\\/\\\/www.lauriecornillon.com\\\/wp-content\\\/uploads\\\/sites\\\/5\\\/2022\\\/07\\\/mariage-saint-paul-de-vence-8-1080x675.jpg\",\"et-pb-portfolio-image\":\"https:\\\/\\\/www.lauriecornillon.com\\\/wp-content\\\/uploads\\\/sites\\\/5\\\/2022\\\/07\\\/mariage-saint-paul-de-vence-8-400x284.jpg\",\"et-pb-portfolio-module-image\":\"https:\\\/\\\/www.lauriecornillon.com\\\/wp-content\\\/uploads\\\/sites\\\/5\\\/2022\\\/07\\\/mariage-saint-paul-de-vence-8-510x382.jpg\",\"et-pb-portfolio-image-single\":\"https:\\\/\\\/www.lauriecornillon.com\\\/wp-content\\\/uploads\\\/sites\\\/5\\\/2022\\\/07\\\/mariage-saint-paul-de-vence-8-1080x721.jpg\",\"et-pb-gallery-module-image-portrait\":\"https:\\\/\\\/www.lauriecornillon.com\\\/wp-content\\\/uploads\\\/sites\\\/5\\\/2022\\\/07\\\/mariage-saint-paul-de-vence-8-400x516.jpg\",\"et-pb-post-main-image-fullwidth-large\":\"https:\\\/\\\/www.lauriecornillon.com\\\/wp-content\\\/uploads\\\/sites\\\/5\\\/2022\\\/07\\\/mariage-saint-paul-de-vence-8.jpg\",\"et-pb-image--responsive--desktop\":\"https:\\\/\\\/www.lauriecornillon.com\\\/wp-content\\\/uploads\\\/sites\\\/5\\\/2022\\\/07\\\/mariage-saint-paul-de-vence-8-1280x854.jpg\",\"et-pb-image--responsive--tablet\":\"https:\\\/\\\/www.lauriecornillon.com\\\/wp-content\\\/uploads\\\/sites\\\/5\\\/2022\\\/07\\\/mariage-saint-paul-de-vence-8-980x654.jpg\",\"et-pb-image--responsive--phone\":\"https:\\\/\\\/www.lauriecornillon.com\\\/wp-content\\\/uploads\\\/sites\\\/5\\\/2022\\\/07\\\/mariage-saint-paul-de-vence-8-480x320.jpg\",\"full\":\"https:\\\/\\\/www.lauriecornillon.com\\\/wp-content\\\/uploads\\\/sites\\\/5\\\/2022\\\/07\\\/mariage-saint-paul-de-vence-8.jpg\",\"index\":7,\"id\":28605,\"video\":false,\"opts\":{\"caption\":\"\",\"thumb\":\"https:\\\/\\\/www.lauriecornillon.com\\\/wp-content\\\/uploads\\\/sites\\\/5\\\/2022\\\/07\\\/mariage-saint-paul-de-vence-8-100x75_c.jpg\",\"title\":\"mariage-saint-paul-de-vence-8\"},\"gallery_id\":28572},{\"status\":\"active\",\"src\":\"https:\\\/\\\/www.lauriecornillon.com\\\/wp-content\\\/uploads\\\/sites\\\/5\\\/2022\\\/07\\\/mariage-saint-paul-de-vence-9.jpg\",\"title\":\"mariage-saint-paul-de-vence-9\",\"link\":\"https:\\\/\\\/www.lauriecornillon.com\\\/wp-content\\\/uploads\\\/sites\\\/5\\\/2022\\\/07\\\/mariage-saint-paul-de-vence-9.jpg\",\"alt\":\"\",\"caption\":false,\"thumb\":\"https:\\\/\\\/www.lauriecornillon.com\\\/wp-content\\\/uploads\\\/sites\\\/5\\\/2022\\\/07\\\/mariage-saint-paul-de-vence-9-100x75_c.jpg\",\"meta\":{\"aperture\":null,\"credit\":null,\"camera\":null,\"caption\":\"\",\"created_timestamp\":null,\"copyright\":null,\"focal_length\":null,\"iso\":null,\"shutter_speed\":null,\"title\":\"\",\"orientation\":null,\"keywords\":null,\"resized_images\":null},\"thumbnail\":\"https:\\\/\\\/www.lauriecornillon.com\\\/wp-content\\\/uploads\\\/sites\\\/5\\\/2022\\\/07\\\/mariage-saint-paul-de-vence-9-150x150.jpg\",\"medium\":\"https:\\\/\\\/www.lauriecornillon.com\\\/wp-content\\\/uploads\\\/sites\\\/5\\\/2022\\\/07\\\/mariage-saint-paul-de-vence-9-300x200.jpg\",\"medium_large\":\"https:\\\/\\\/www.lauriecornillon.com\\\/wp-content\\\/uploads\\\/sites\\\/5\\\/2022\\\/07\\\/mariage-saint-paul-de-vence-9-768x512.jpg\",\"large\":\"https:\\\/\\\/www.lauriecornillon.com\\\/wp-content\\\/uploads\\\/sites\\\/5\\\/2022\\\/07\\\/mariage-saint-paul-de-vence-9-1024x683.jpg\",\"1536x1536\":\"https:\\\/\\\/www.lauriecornillon.com\\\/wp-content\\\/uploads\\\/sites\\\/5\\\/2022\\\/07\\\/mariage-saint-paul-de-vence-9-1536x1025.jpg\",\"2048x2048\":\"https:\\\/\\\/www.lauriecornillon.com\\\/wp-content\\\/uploads\\\/sites\\\/5\\\/2022\\\/07\\\/mariage-saint-paul-de-vence-9-2048x1366.jpg\",\"trp-custom-language-flag\":\"https:\\\/\\\/www.lauriecornillon.com\\\/wp-content\\\/uploads\\\/sites\\\/5\\\/2022\\\/07\\\/mariage-saint-paul-de-vence-9.jpg\",\"et-pb-post-main-image\":\"https:\\\/\\\/www.lauriecornillon.com\\\/wp-content\\\/uploads\\\/sites\\\/5\\\/2022\\\/07\\\/mariage-saint-paul-de-vence-9-400x250.jpg\",\"et-pb-post-main-image-fullwidth\":\"https:\\\/\\\/www.lauriecornillon.com\\\/wp-content\\\/uploads\\\/sites\\\/5\\\/2022\\\/07\\\/mariage-saint-paul-de-vence-9-1080x675.jpg\",\"et-pb-portfolio-image\":\"https:\\\/\\\/www.lauriecornillon.com\\\/wp-content\\\/uploads\\\/sites\\\/5\\\/2022\\\/07\\\/mariage-saint-paul-de-vence-9-400x284.jpg\",\"et-pb-portfolio-module-image\":\"https:\\\/\\\/www.lauriecornillon.com\\\/wp-content\\\/uploads\\\/sites\\\/5\\\/2022\\\/07\\\/mariage-saint-paul-de-vence-9-510x382.jpg\",\"et-pb-portfolio-image-single\":\"https:\\\/\\\/www.lauriecornillon.com\\\/wp-content\\\/uploads\\\/sites\\\/5\\\/2022\\\/07\\\/mariage-saint-paul-de-vence-9-1080x721.jpg\",\"et-pb-gallery-module-image-portrait\":\"https:\\\/\\\/www.lauriecornillon.com\\\/wp-content\\\/uploads\\\/sites\\\/5\\\/2022\\\/07\\\/mariage-saint-paul-de-vence-9-400x516.jpg\",\"et-pb-post-main-image-fullwidth-large\":\"https:\\\/\\\/www.lauriecornillon.com\\\/wp-content\\\/uploads\\\/sites\\\/5\\\/2022\\\/07\\\/mariage-saint-paul-de-vence-9.jpg\",\"et-pb-image--responsive--desktop\":\"https:\\\/\\\/www.lauriecornillon.com\\\/wp-content\\\/uploads\\\/sites\\\/5\\\/2022\\\/07\\\/mariage-saint-paul-de-vence-9-1280x854.jpg\",\"et-pb-image--responsive--tablet\":\"https:\\\/\\\/www.lauriecornillon.com\\\/wp-content\\\/uploads\\\/sites\\\/5\\\/2022\\\/07\\\/mariage-saint-paul-de-vence-9-980x654.jpg\",\"et-pb-image--responsive--phone\":\"https:\\\/\\\/www.lauriecornillon.com\\\/wp-content\\\/uploads\\\/sites\\\/5\\\/2022\\\/07\\\/mariage-saint-paul-de-vence-9-480x320.jpg\",\"full\":\"https:\\\/\\\/www.lauriecornillon.com\\\/wp-content\\\/uploads\\\/sites\\\/5\\\/2022\\\/07\\\/mariage-saint-paul-de-vence-9.jpg\",\"index\":8,\"id\":28608,\"video\":false,\"opts\":{\"caption\":\"\",\"thumb\":\"https:\\\/\\\/www.lauriecornillon.com\\\/wp-content\\\/uploads\\\/sites\\\/5\\\/2022\\\/07\\\/mariage-saint-paul-de-vence-9-100x75_c.jpg\",\"title\":\"mariage-saint-paul-de-vence-9\"},\"gallery_id\":28572},{\"status\":\"active\",\"src\":\"https:\\\/\\\/www.lauriecornillon.com\\\/wp-content\\\/uploads\\\/sites\\\/5\\\/2022\\\/07\\\/mariage-saint-paul-de-vence-10.jpg\",\"title\":\"mariage-saint-paul-de-vence-10\",\"link\":\"https:\\\/\\\/www.lauriecornillon.com\\\/wp-content\\\/uploads\\\/sites\\\/5\\\/2022\\\/07\\\/mariage-saint-paul-de-vence-10.jpg\",\"alt\":\"\",\"caption\":false,\"thumb\":\"https:\\\/\\\/www.lauriecornillon.com\\\/wp-content\\\/uploads\\\/sites\\\/5\\\/2022\\\/07\\\/mariage-saint-paul-de-vence-10-100x75_c.jpg\",\"meta\":{\"aperture\":null,\"credit\":null,\"camera\":null,\"caption\":\"\",\"created_timestamp\":null,\"copyright\":null,\"focal_length\":null,\"iso\":null,\"shutter_speed\":null,\"title\":\"\",\"orientation\":null,\"keywords\":null,\"resized_images\":null},\"thumbnail\":\"https:\\\/\\\/www.lauriecornillon.com\\\/wp-content\\\/uploads\\\/sites\\\/5\\\/2022\\\/07\\\/mariage-saint-paul-de-vence-10-150x150.jpg\",\"medium\":\"https:\\\/\\\/www.lauriecornillon.com\\\/wp-content\\\/uploads\\\/sites\\\/5\\\/2022\\\/07\\\/mariage-saint-paul-de-vence-10-300x200.jpg\",\"medium_large\":\"https:\\\/\\\/www.lauriecornillon.com\\\/wp-content\\\/uploads\\\/sites\\\/5\\\/2022\\\/07\\\/mariage-saint-paul-de-vence-10-768x512.jpg\",\"large\":\"https:\\\/\\\/www.lauriecornillon.com\\\/wp-content\\\/uploads\\\/sites\\\/5\\\/2022\\\/07\\\/mariage-saint-paul-de-vence-10-1024x683.jpg\",\"1536x1536\":\"https:\\\/\\\/www.lauriecornillon.com\\\/wp-content\\\/uploads\\\/sites\\\/5\\\/2022\\\/07\\\/mariage-saint-paul-de-vence-10-1536x1025.jpg\",\"2048x2048\":\"https:\\\/\\\/www.lauriecornillon.com\\\/wp-content\\\/uploads\\\/sites\\\/5\\\/2022\\\/07\\\/mariage-saint-paul-de-vence-10-2048x1366.jpg\",\"trp-custom-language-flag\":\"https:\\\/\\\/www.lauriecornillon.com\\\/wp-content\\\/uploads\\\/sites\\\/5\\\/2022\\\/07\\\/mariage-saint-paul-de-vence-10.jpg\",\"et-pb-post-main-image\":\"https:\\\/\\\/www.lauriecornillon.com\\\/wp-content\\\/uploads\\\/sites\\\/5\\\/2022\\\/07\\\/mariage-saint-paul-de-vence-10-400x250.jpg\",\"et-pb-post-main-image-fullwidth\":\"https:\\\/\\\/www.lauriecornillon.com\\\/wp-content\\\/uploads\\\/sites\\\/5\\\/2022\\\/07\\\/mariage-saint-paul-de-vence-10-1080x675.jpg\",\"et-pb-portfolio-image\":\"https:\\\/\\\/www.lauriecornillon.com\\\/wp-content\\\/uploads\\\/sites\\\/5\\\/2022\\\/07\\\/mariage-saint-paul-de-vence-10-400x284.jpg\",\"et-pb-portfolio-module-image\":\"https:\\\/\\\/www.lauriecornillon.com\\\/wp-content\\\/uploads\\\/sites\\\/5\\\/2022\\\/07\\\/mariage-saint-paul-de-vence-10-510x382.jpg\",\"et-pb-portfolio-image-single\":\"https:\\\/\\\/www.lauriecornillon.com\\\/wp-content\\\/uploads\\\/sites\\\/5\\\/2022\\\/07\\\/mariage-saint-paul-de-vence-10-1080x721.jpg\",\"et-pb-gallery-module-image-portrait\":\"https:\\\/\\\/www.lauriecornillon.com\\\/wp-content\\\/uploads\\\/sites\\\/5\\\/2022\\\/07\\\/mariage-saint-paul-de-vence-10-400x516.jpg\",\"et-pb-post-main-image-fullwidth-large\":\"https:\\\/\\\/www.lauriecornillon.com\\\/wp-content\\\/uploads\\\/sites\\\/5\\\/2022\\\/07\\\/mariage-saint-paul-de-vence-10.jpg\",\"et-pb-image--responsive--desktop\":\"https:\\\/\\\/www.lauriecornillon.com\\\/wp-content\\\/uploads\\\/sites\\\/5\\\/2022\\\/07\\\/mariage-saint-paul-de-vence-10-1280x854.jpg\",\"et-pb-image--responsive--tablet\":\"https:\\\/\\\/www.lauriecornillon.com\\\/wp-content\\\/uploads\\\/sites\\\/5\\\/2022\\\/07\\\/mariage-saint-paul-de-vence-10-980x654.jpg\",\"et-pb-image--responsive--phone\":\"https:\\\/\\\/www.lauriecornillon.com\\\/wp-content\\\/uploads\\\/sites\\\/5\\\/2022\\\/07\\\/mariage-saint-paul-de-vence-10-480x320.jpg\",\"full\":\"https:\\\/\\\/www.lauriecornillon.com\\\/wp-content\\\/uploads\\\/sites\\\/5\\\/2022\\\/07\\\/mariage-saint-paul-de-vence-10.jpg\",\"index\":9,\"id\":28612,\"video\":false,\"opts\":{\"caption\":\"\",\"thumb\":\"https:\\\/\\\/www.lauriecornillon.com\\\/wp-content\\\/uploads\\\/sites\\\/5\\\/2022\\\/07\\\/mariage-saint-paul-de-vence-10-100x75_c.jpg\",\"title\":\"mariage-saint-paul-de-vence-10\"},\"gallery_id\":28572},{\"status\":\"active\",\"src\":\"https:\\\/\\\/www.lauriecornillon.com\\\/wp-content\\\/uploads\\\/sites\\\/5\\\/2022\\\/07\\\/mariage-saint-paul-de-vence-11.jpg\",\"title\":\"mariage-saint-paul-de-vence-11\",\"link\":\"https:\\\/\\\/www.lauriecornillon.com\\\/wp-content\\\/uploads\\\/sites\\\/5\\\/2022\\\/07\\\/mariage-saint-paul-de-vence-11.jpg\",\"alt\":\"\",\"caption\":false,\"thumb\":\"https:\\\/\\\/www.lauriecornillon.com\\\/wp-content\\\/uploads\\\/sites\\\/5\\\/2022\\\/07\\\/mariage-saint-paul-de-vence-11-100x75_c.jpg\",\"meta\":{\"aperture\":null,\"credit\":null,\"camera\":null,\"caption\":\"\",\"created_timestamp\":null,\"copyright\":null,\"focal_length\":null,\"iso\":null,\"shutter_speed\":null,\"title\":\"\",\"orientation\":null,\"keywords\":null,\"resized_images\":null},\"thumbnail\":\"https:\\\/\\\/www.lauriecornillon.com\\\/wp-content\\\/uploads\\\/sites\\\/5\\\/2022\\\/07\\\/mariage-saint-paul-de-vence-11-150x150.jpg\",\"medium\":\"https:\\\/\\\/www.lauriecornillon.com\\\/wp-content\\\/uploads\\\/sites\\\/5\\\/2022\\\/07\\\/mariage-saint-paul-de-vence-11-300x200.jpg\",\"medium_large\":\"https:\\\/\\\/www.lauriecornillon.com\\\/wp-content\\\/uploads\\\/sites\\\/5\\\/2022\\\/07\\\/mariage-saint-paul-de-vence-11-768x512.jpg\",\"large\":\"https:\\\/\\\/www.lauriecornillon.com\\\/wp-content\\\/uploads\\\/sites\\\/5\\\/2022\\\/07\\\/mariage-saint-paul-de-vence-11-1024x683.jpg\",\"1536x1536\":\"https:\\\/\\\/www.lauriecornillon.com\\\/wp-content\\\/uploads\\\/sites\\\/5\\\/2022\\\/07\\\/mariage-saint-paul-de-vence-11-1536x1025.jpg\",\"2048x2048\":\"https:\\\/\\\/www.lauriecornillon.com\\\/wp-content\\\/uploads\\\/sites\\\/5\\\/2022\\\/07\\\/mariage-saint-paul-de-vence-11-2048x1366.jpg\",\"trp-custom-language-flag\":\"https:\\\/\\\/www.lauriecornillon.com\\\/wp-content\\\/uploads\\\/sites\\\/5\\\/2022\\\/07\\\/mariage-saint-paul-de-vence-11.jpg\",\"et-pb-post-main-image\":\"https:\\\/\\\/www.lauriecornillon.com\\\/wp-content\\\/uploads\\\/sites\\\/5\\\/2022\\\/07\\\/mariage-saint-paul-de-vence-11-400x250.jpg\",\"et-pb-post-main-image-fullwidth\":\"https:\\\/\\\/www.lauriecornillon.com\\\/wp-content\\\/uploads\\\/sites\\\/5\\\/2022\\\/07\\\/mariage-saint-paul-de-vence-11-1080x675.jpg\",\"et-pb-portfolio-image\":\"https:\\\/\\\/www.lauriecornillon.com\\\/wp-content\\\/uploads\\\/sites\\\/5\\\/2022\\\/07\\\/mariage-saint-paul-de-vence-11-400x284.jpg\",\"et-pb-portfolio-module-image\":\"https:\\\/\\\/www.lauriecornillon.com\\\/wp-content\\\/uploads\\\/sites\\\/5\\\/2022\\\/07\\\/mariage-saint-paul-de-vence-11-510x382.jpg\",\"et-pb-portfolio-image-single\":\"https:\\\/\\\/www.lauriecornillon.com\\\/wp-content\\\/uploads\\\/sites\\\/5\\\/2022\\\/07\\\/mariage-saint-paul-de-vence-11-1080x721.jpg\",\"et-pb-gallery-module-image-portrait\":\"https:\\\/\\\/www.lauriecornillon.com\\\/wp-content\\\/uploads\\\/sites\\\/5\\\/2022\\\/07\\\/mariage-saint-paul-de-vence-11-400x516.jpg\",\"et-pb-post-main-image-fullwidth-large\":\"https:\\\/\\\/www.lauriecornillon.com\\\/wp-content\\\/uploads\\\/sites\\\/5\\\/2022\\\/07\\\/mariage-saint-paul-de-vence-11.jpg\",\"et-pb-image--responsive--desktop\":\"https:\\\/\\\/www.lauriecornillon.com\\\/wp-content\\\/uploads\\\/sites\\\/5\\\/2022\\\/07\\\/mariage-saint-paul-de-vence-11-1280x854.jpg\",\"et-pb-image--responsive--tablet\":\"https:\\\/\\\/www.lauriecornillon.com\\\/wp-content\\\/uploads\\\/sites\\\/5\\\/2022\\\/07\\\/mariage-saint-paul-de-vence-11-980x654.jpg\",\"et-pb-image--responsive--phone\":\"https:\\\/\\\/www.lauriecornillon.com\\\/wp-content\\\/uploads\\\/sites\\\/5\\\/2022\\\/07\\\/mariage-saint-paul-de-vence-11-480x320.jpg\",\"full\":\"https:\\\/\\\/www.lauriecornillon.com\\\/wp-content\\\/uploads\\\/sites\\\/5\\\/2022\\\/07\\\/mariage-saint-paul-de-vence-11.jpg\",\"index\":10,\"id\":28616,\"video\":false,\"opts\":{\"caption\":\"\",\"thumb\":\"https:\\\/\\\/www.lauriecornillon.com\\\/wp-content\\\/uploads\\\/sites\\\/5\\\/2022\\\/07\\\/mariage-saint-paul-de-vence-11-100x75_c.jpg\",\"title\":\"mariage-saint-paul-de-vence-11\"},\"gallery_id\":28572},{\"status\":\"active\",\"src\":\"https:\\\/\\\/www.lauriecornillon.com\\\/wp-content\\\/uploads\\\/sites\\\/5\\\/2022\\\/07\\\/mariage-saint-paul-de-vence-12.jpg\",\"title\":\"mariage-saint-paul-de-vence-12\",\"link\":\"https:\\\/\\\/www.lauriecornillon.com\\\/wp-content\\\/uploads\\\/sites\\\/5\\\/2022\\\/07\\\/mariage-saint-paul-de-vence-12.jpg\",\"alt\":\"\",\"caption\":false,\"thumb\":\"https:\\\/\\\/www.lauriecornillon.com\\\/wp-content\\\/uploads\\\/sites\\\/5\\\/2022\\\/07\\\/mariage-saint-paul-de-vence-12-100x75_c.jpg\",\"meta\":{\"aperture\":null,\"credit\":null,\"camera\":null,\"caption\":\"\",\"created_timestamp\":null,\"copyright\":null,\"focal_length\":null,\"iso\":null,\"shutter_speed\":null,\"title\":\"\",\"orientation\":null,\"keywords\":null,\"resized_images\":null},\"thumbnail\":\"https:\\\/\\\/www.lauriecornillon.com\\\/wp-content\\\/uploads\\\/sites\\\/5\\\/2022\\\/07\\\/mariage-saint-paul-de-vence-12-150x150.jpg\",\"medium\":\"https:\\\/\\\/www.lauriecornillon.com\\\/wp-content\\\/uploads\\\/sites\\\/5\\\/2022\\\/07\\\/mariage-saint-paul-de-vence-12-300x200.jpg\",\"medium_large\":\"https:\\\/\\\/www.lauriecornillon.com\\\/wp-content\\\/uploads\\\/sites\\\/5\\\/2022\\\/07\\\/mariage-saint-paul-de-vence-12-768x512.jpg\",\"large\":\"https:\\\/\\\/www.lauriecornillon.com\\\/wp-content\\\/uploads\\\/sites\\\/5\\\/2022\\\/07\\\/mariage-saint-paul-de-vence-12-1024x683.jpg\",\"1536x1536\":\"https:\\\/\\\/www.lauriecornillon.com\\\/wp-content\\\/uploads\\\/sites\\\/5\\\/2022\\\/07\\\/mariage-saint-paul-de-vence-12-1536x1025.jpg\",\"2048x2048\":\"https:\\\/\\\/www.lauriecornillon.com\\\/wp-content\\\/uploads\\\/sites\\\/5\\\/2022\\\/07\\\/mariage-saint-paul-de-vence-12-2048x1366.jpg\",\"trp-custom-language-flag\":\"https:\\\/\\\/www.lauriecornillon.com\\\/wp-content\\\/uploads\\\/sites\\\/5\\\/2022\\\/07\\\/mariage-saint-paul-de-vence-12.jpg\",\"et-pb-post-main-image\":\"https:\\\/\\\/www.lauriecornillon.com\\\/wp-content\\\/uploads\\\/sites\\\/5\\\/2022\\\/07\\\/mariage-saint-paul-de-vence-12-400x250.jpg\",\"et-pb-post-main-image-fullwidth\":\"https:\\\/\\\/www.lauriecornillon.com\\\/wp-content\\\/uploads\\\/sites\\\/5\\\/2022\\\/07\\\/mariage-saint-paul-de-vence-12-1080x675.jpg\",\"et-pb-portfolio-image\":\"https:\\\/\\\/www.lauriecornillon.com\\\/wp-content\\\/uploads\\\/sites\\\/5\\\/2022\\\/07\\\/mariage-saint-paul-de-vence-12-400x284.jpg\",\"et-pb-portfolio-module-image\":\"https:\\\/\\\/www.lauriecornillon.com\\\/wp-content\\\/uploads\\\/sites\\\/5\\\/2022\\\/07\\\/mariage-saint-paul-de-vence-12-510x382.jpg\",\"et-pb-portfolio-image-single\":\"https:\\\/\\\/www.lauriecornillon.com\\\/wp-content\\\/uploads\\\/sites\\\/5\\\/2022\\\/07\\\/mariage-saint-paul-de-vence-12-1080x721.jpg\",\"et-pb-gallery-module-image-portrait\":\"https:\\\/\\\/www.lauriecornillon.com\\\/wp-content\\\/uploads\\\/sites\\\/5\\\/2022\\\/07\\\/mariage-saint-paul-de-vence-12-400x516.jpg\",\"et-pb-post-main-image-fullwidth-large\":\"https:\\\/\\\/www.lauriecornillon.com\\\/wp-content\\\/uploads\\\/sites\\\/5\\\/2022\\\/07\\\/mariage-saint-paul-de-vence-12.jpg\",\"et-pb-image--responsive--desktop\":\"https:\\\/\\\/www.lauriecornillon.com\\\/wp-content\\\/uploads\\\/sites\\\/5\\\/2022\\\/07\\\/mariage-saint-paul-de-vence-12-1280x854.jpg\",\"et-pb-image--responsive--tablet\":\"https:\\\/\\\/www.lauriecornillon.com\\\/wp-content\\\/uploads\\\/sites\\\/5\\\/2022\\\/07\\\/mariage-saint-paul-de-vence-12-980x654.jpg\",\"et-pb-image--responsive--phone\":\"https:\\\/\\\/www.lauriecornillon.com\\\/wp-content\\\/uploads\\\/sites\\\/5\\\/2022\\\/07\\\/mariage-saint-paul-de-vence-12-480x320.jpg\",\"full\":\"https:\\\/\\\/www.lauriecornillon.com\\\/wp-content\\\/uploads\\\/sites\\\/5\\\/2022\\\/07\\\/mariage-saint-paul-de-vence-12.jpg\",\"index\":11,\"id\":28620,\"video\":false,\"opts\":{\"caption\":\"\",\"thumb\":\"https:\\\/\\\/www.lauriecornillon.com\\\/wp-content\\\/uploads\\\/sites\\\/5\\\/2022\\\/07\\\/mariage-saint-paul-de-vence-12-100x75_c.jpg\",\"title\":\"mariage-saint-paul-de-vence-12\"},\"gallery_id\":28572},{\"status\":\"active\",\"src\":\"https:\\\/\\\/www.lauriecornillon.com\\\/wp-content\\\/uploads\\\/sites\\\/5\\\/2022\\\/07\\\/mariage-saint-paul-de-vence-13.jpg\",\"title\":\"mariage-saint-paul-de-vence-13\",\"link\":\"https:\\\/\\\/www.lauriecornillon.com\\\/wp-content\\\/uploads\\\/sites\\\/5\\\/2022\\\/07\\\/mariage-saint-paul-de-vence-13.jpg\",\"alt\":\"\",\"caption\":false,\"thumb\":\"https:\\\/\\\/www.lauriecornillon.com\\\/wp-content\\\/uploads\\\/sites\\\/5\\\/2022\\\/07\\\/mariage-saint-paul-de-vence-13-100x75_c.jpg\",\"meta\":{\"aperture\":null,\"credit\":null,\"camera\":null,\"caption\":\"\",\"created_timestamp\":null,\"copyright\":null,\"focal_length\":null,\"iso\":null,\"shutter_speed\":null,\"title\":\"\",\"orientation\":null,\"keywords\":null,\"resized_images\":null},\"thumbnail\":\"https:\\\/\\\/www.lauriecornillon.com\\\/wp-content\\\/uploads\\\/sites\\\/5\\\/2022\\\/07\\\/mariage-saint-paul-de-vence-13-150x150.jpg\",\"medium\":\"https:\\\/\\\/www.lauriecornillon.com\\\/wp-content\\\/uploads\\\/sites\\\/5\\\/2022\\\/07\\\/mariage-saint-paul-de-vence-13-300x200.jpg\",\"medium_large\":\"https:\\\/\\\/www.lauriecornillon.com\\\/wp-content\\\/uploads\\\/sites\\\/5\\\/2022\\\/07\\\/mariage-saint-paul-de-vence-13-768x512.jpg\",\"large\":\"https:\\\/\\\/www.lauriecornillon.com\\\/wp-content\\\/uploads\\\/sites\\\/5\\\/2022\\\/07\\\/mariage-saint-paul-de-vence-13-1024x683.jpg\",\"1536x1536\":\"https:\\\/\\\/www.lauriecornillon.com\\\/wp-content\\\/uploads\\\/sites\\\/5\\\/2022\\\/07\\\/mariage-saint-paul-de-vence-13-1536x1025.jpg\",\"2048x2048\":\"https:\\\/\\\/www.lauriecornillon.com\\\/wp-content\\\/uploads\\\/sites\\\/5\\\/2022\\\/07\\\/mariage-saint-paul-de-vence-13-2048x1366.jpg\",\"trp-custom-language-flag\":\"https:\\\/\\\/www.lauriecornillon.com\\\/wp-content\\\/uploads\\\/sites\\\/5\\\/2022\\\/07\\\/mariage-saint-paul-de-vence-13.jpg\",\"et-pb-post-main-image\":\"https:\\\/\\\/www.lauriecornillon.com\\\/wp-content\\\/uploads\\\/sites\\\/5\\\/2022\\\/07\\\/mariage-saint-paul-de-vence-13-400x250.jpg\",\"et-pb-post-main-image-fullwidth\":\"https:\\\/\\\/www.lauriecornillon.com\\\/wp-content\\\/uploads\\\/sites\\\/5\\\/2022\\\/07\\\/mariage-saint-paul-de-vence-13-1080x675.jpg\",\"et-pb-portfolio-image\":\"https:\\\/\\\/www.lauriecornillon.com\\\/wp-content\\\/uploads\\\/sites\\\/5\\\/2022\\\/07\\\/mariage-saint-paul-de-vence-13-400x284.jpg\",\"et-pb-portfolio-module-image\":\"https:\\\/\\\/www.lauriecornillon.com\\\/wp-content\\\/uploads\\\/sites\\\/5\\\/2022\\\/07\\\/mariage-saint-paul-de-vence-13-510x382.jpg\",\"et-pb-portfolio-image-single\":\"https:\\\/\\\/www.lauriecornillon.com\\\/wp-content\\\/uploads\\\/sites\\\/5\\\/2022\\\/07\\\/mariage-saint-paul-de-vence-13-1080x721.jpg\",\"et-pb-gallery-module-image-portrait\":\"https:\\\/\\\/www.lauriecornillon.com\\\/wp-content\\\/uploads\\\/sites\\\/5\\\/2022\\\/07\\\/mariage-saint-paul-de-vence-13-400x516.jpg\",\"et-pb-post-main-image-fullwidth-large\":\"https:\\\/\\\/www.lauriecornillon.com\\\/wp-content\\\/uploads\\\/sites\\\/5\\\/2022\\\/07\\\/mariage-saint-paul-de-vence-13.jpg\",\"et-pb-image--responsive--desktop\":\"https:\\\/\\\/www.lauriecornillon.com\\\/wp-content\\\/uploads\\\/sites\\\/5\\\/2022\\\/07\\\/mariage-saint-paul-de-vence-13-1280x854.jpg\",\"et-pb-image--responsive--tablet\":\"https:\\\/\\\/www.lauriecornillon.com\\\/wp-content\\\/uploads\\\/sites\\\/5\\\/2022\\\/07\\\/mariage-saint-paul-de-vence-13-980x654.jpg\",\"et-pb-image--responsive--phone\":\"https:\\\/\\\/www.lauriecornillon.com\\\/wp-content\\\/uploads\\\/sites\\\/5\\\/2022\\\/07\\\/mariage-saint-paul-de-vence-13-480x320.jpg\",\"full\":\"https:\\\/\\\/www.lauriecornillon.com\\\/wp-content\\\/uploads\\\/sites\\\/5\\\/2022\\\/07\\\/mariage-saint-paul-de-vence-13.jpg\",\"index\":12,\"id\":28624,\"video\":false,\"opts\":{\"caption\":\"\",\"thumb\":\"https:\\\/\\\/www.lauriecornillon.com\\\/wp-content\\\/uploads\\\/sites\\\/5\\\/2022\\\/07\\\/mariage-saint-paul-de-vence-13-100x75_c.jpg\",\"title\":\"mariage-saint-paul-de-vence-13\"},\"gallery_id\":28572},{\"status\":\"active\",\"src\":\"https:\\\/\\\/www.lauriecornillon.com\\\/wp-content\\\/uploads\\\/sites\\\/5\\\/2022\\\/07\\\/mariage-saint-paul-de-vence-14.jpg\",\"title\":\"mariage-saint-paul-de-vence-14\",\"link\":\"https:\\\/\\\/www.lauriecornillon.com\\\/wp-content\\\/uploads\\\/sites\\\/5\\\/2022\\\/07\\\/mariage-saint-paul-de-vence-14.jpg\",\"alt\":\"\",\"caption\":false,\"thumb\":\"https:\\\/\\\/www.lauriecornillon.com\\\/wp-content\\\/uploads\\\/sites\\\/5\\\/2022\\\/07\\\/mariage-saint-paul-de-vence-14-100x75_c.jpg\",\"meta\":{\"aperture\":null,\"credit\":null,\"camera\":null,\"caption\":\"\",\"created_timestamp\":null,\"copyright\":null,\"focal_length\":null,\"iso\":null,\"shutter_speed\":null,\"title\":\"\",\"orientation\":null,\"keywords\":null,\"resized_images\":null},\"thumbnail\":\"https:\\\/\\\/www.lauriecornillon.com\\\/wp-content\\\/uploads\\\/sites\\\/5\\\/2022\\\/07\\\/mariage-saint-paul-de-vence-14-150x150.jpg\",\"medium\":\"https:\\\/\\\/www.lauriecornillon.com\\\/wp-content\\\/uploads\\\/sites\\\/5\\\/2022\\\/07\\\/mariage-saint-paul-de-vence-14-300x200.jpg\",\"medium_large\":\"https:\\\/\\\/www.lauriecornillon.com\\\/wp-content\\\/uploads\\\/sites\\\/5\\\/2022\\\/07\\\/mariage-saint-paul-de-vence-14-768x512.jpg\",\"large\":\"https:\\\/\\\/www.lauriecornillon.com\\\/wp-content\\\/uploads\\\/sites\\\/5\\\/2022\\\/07\\\/mariage-saint-paul-de-vence-14-1024x683.jpg\",\"1536x1536\":\"https:\\\/\\\/www.lauriecornillon.com\\\/wp-content\\\/uploads\\\/sites\\\/5\\\/2022\\\/07\\\/mariage-saint-paul-de-vence-14-1536x1025.jpg\",\"2048x2048\":\"https:\\\/\\\/www.lauriecornillon.com\\\/wp-content\\\/uploads\\\/sites\\\/5\\\/2022\\\/07\\\/mariage-saint-paul-de-vence-14-2048x1366.jpg\",\"trp-custom-language-flag\":\"https:\\\/\\\/www.lauriecornillon.com\\\/wp-content\\\/uploads\\\/sites\\\/5\\\/2022\\\/07\\\/mariage-saint-paul-de-vence-14.jpg\",\"et-pb-post-main-image\":\"https:\\\/\\\/www.lauriecornillon.com\\\/wp-content\\\/uploads\\\/sites\\\/5\\\/2022\\\/07\\\/mariage-saint-paul-de-vence-14-400x250.jpg\",\"et-pb-post-main-image-fullwidth\":\"https:\\\/\\\/www.lauriecornillon.com\\\/wp-content\\\/uploads\\\/sites\\\/5\\\/2022\\\/07\\\/mariage-saint-paul-de-vence-14-1080x675.jpg\",\"et-pb-portfolio-image\":\"https:\\\/\\\/www.lauriecornillon.com\\\/wp-content\\\/uploads\\\/sites\\\/5\\\/2022\\\/07\\\/mariage-saint-paul-de-vence-14-400x284.jpg\",\"et-pb-portfolio-module-image\":\"https:\\\/\\\/www.lauriecornillon.com\\\/wp-content\\\/uploads\\\/sites\\\/5\\\/2022\\\/07\\\/mariage-saint-paul-de-vence-14-510x382.jpg\",\"et-pb-portfolio-image-single\":\"https:\\\/\\\/www.lauriecornillon.com\\\/wp-content\\\/uploads\\\/sites\\\/5\\\/2022\\\/07\\\/mariage-saint-paul-de-vence-14-1080x721.jpg\",\"et-pb-gallery-module-image-portrait\":\"https:\\\/\\\/www.lauriecornillon.com\\\/wp-content\\\/uploads\\\/sites\\\/5\\\/2022\\\/07\\\/mariage-saint-paul-de-vence-14-400x516.jpg\",\"et-pb-post-main-image-fullwidth-large\":\"https:\\\/\\\/www.lauriecornillon.com\\\/wp-content\\\/uploads\\\/sites\\\/5\\\/2022\\\/07\\\/mariage-saint-paul-de-vence-14.jpg\",\"et-pb-image--responsive--desktop\":\"https:\\\/\\\/www.lauriecornillon.com\\\/wp-content\\\/uploads\\\/sites\\\/5\\\/2022\\\/07\\\/mariage-saint-paul-de-vence-14-1280x854.jpg\",\"et-pb-image--responsive--tablet\":\"https:\\\/\\\/www.lauriecornillon.com\\\/wp-content\\\/uploads\\\/sites\\\/5\\\/2022\\\/07\\\/mariage-saint-paul-de-vence-14-980x654.jpg\",\"et-pb-image--responsive--phone\":\"https:\\\/\\\/www.lauriecornillon.com\\\/wp-content\\\/uploads\\\/sites\\\/5\\\/2022\\\/07\\\/mariage-saint-paul-de-vence-14-480x320.jpg\",\"full\":\"https:\\\/\\\/www.lauriecornillon.com\\\/wp-content\\\/uploads\\\/sites\\\/5\\\/2022\\\/07\\\/mariage-saint-paul-de-vence-14.jpg\",\"index\":13,\"id\":28627,\"video\":false,\"opts\":{\"caption\":\"\",\"thumb\":\"https:\\\/\\\/www.lauriecornillon.com\\\/wp-content\\\/uploads\\\/sites\\\/5\\\/2022\\\/07\\\/mariage-saint-paul-de-vence-14-100x75_c.jpg\",\"title\":\"mariage-saint-paul-de-vence-14\"},\"gallery_id\":28572},{\"status\":\"active\",\"src\":\"https:\\\/\\\/www.lauriecornillon.com\\\/wp-content\\\/uploads\\\/sites\\\/5\\\/2022\\\/07\\\/mariage-saint-paul-de-vence-15.jpg\",\"title\":\"mariage-saint-paul-de-vence-15\",\"link\":\"https:\\\/\\\/www.lauriecornillon.com\\\/wp-content\\\/uploads\\\/sites\\\/5\\\/2022\\\/07\\\/mariage-saint-paul-de-vence-15.jpg\",\"alt\":\"\",\"caption\":false,\"thumb\":\"https:\\\/\\\/www.lauriecornillon.com\\\/wp-content\\\/uploads\\\/sites\\\/5\\\/2022\\\/07\\\/mariage-saint-paul-de-vence-15-100x75_c.jpg\",\"meta\":{\"aperture\":null,\"credit\":null,\"camera\":null,\"caption\":\"\",\"created_timestamp\":null,\"copyright\":null,\"focal_length\":null,\"iso\":null,\"shutter_speed\":null,\"title\":\"\",\"orientation\":null,\"keywords\":null,\"resized_images\":null},\"thumbnail\":\"https:\\\/\\\/www.lauriecornillon.com\\\/wp-content\\\/uploads\\\/sites\\\/5\\\/2022\\\/07\\\/mariage-saint-paul-de-vence-15-150x150.jpg\",\"medium\":\"https:\\\/\\\/www.lauriecornillon.com\\\/wp-content\\\/uploads\\\/sites\\\/5\\\/2022\\\/07\\\/mariage-saint-paul-de-vence-15-300x200.jpg\",\"medium_large\":\"https:\\\/\\\/www.lauriecornillon.com\\\/wp-content\\\/uploads\\\/sites\\\/5\\\/2022\\\/07\\\/mariage-saint-paul-de-vence-15-768x512.jpg\",\"large\":\"https:\\\/\\\/www.lauriecornillon.com\\\/wp-content\\\/uploads\\\/sites\\\/5\\\/2022\\\/07\\\/mariage-saint-paul-de-vence-15-1024x683.jpg\",\"1536x1536\":\"https:\\\/\\\/www.lauriecornillon.com\\\/wp-content\\\/uploads\\\/sites\\\/5\\\/2022\\\/07\\\/mariage-saint-paul-de-vence-15-1536x1025.jpg\",\"2048x2048\":\"https:\\\/\\\/www.lauriecornillon.com\\\/wp-content\\\/uploads\\\/sites\\\/5\\\/2022\\\/07\\\/mariage-saint-paul-de-vence-15-2048x1366.jpg\",\"trp-custom-language-flag\":\"https:\\\/\\\/www.lauriecornillon.com\\\/wp-content\\\/uploads\\\/sites\\\/5\\\/2022\\\/07\\\/mariage-saint-paul-de-vence-15.jpg\",\"et-pb-post-main-image\":\"https:\\\/\\\/www.lauriecornillon.com\\\/wp-content\\\/uploads\\\/sites\\\/5\\\/2022\\\/07\\\/mariage-saint-paul-de-vence-15-400x250.jpg\",\"et-pb-post-main-image-fullwidth\":\"https:\\\/\\\/www.lauriecornillon.com\\\/wp-content\\\/uploads\\\/sites\\\/5\\\/2022\\\/07\\\/mariage-saint-paul-de-vence-15-1080x675.jpg\",\"et-pb-portfolio-image\":\"https:\\\/\\\/www.lauriecornillon.com\\\/wp-content\\\/uploads\\\/sites\\\/5\\\/2022\\\/07\\\/mariage-saint-paul-de-vence-15-400x284.jpg\",\"et-pb-portfolio-module-image\":\"https:\\\/\\\/www.lauriecornillon.com\\\/wp-content\\\/uploads\\\/sites\\\/5\\\/2022\\\/07\\\/mariage-saint-paul-de-vence-15-510x382.jpg\",\"et-pb-portfolio-image-single\":\"https:\\\/\\\/www.lauriecornillon.com\\\/wp-content\\\/uploads\\\/sites\\\/5\\\/2022\\\/07\\\/mariage-saint-paul-de-vence-15-1080x721.jpg\",\"et-pb-gallery-module-image-portrait\":\"https:\\\/\\\/www.lauriecornillon.com\\\/wp-content\\\/uploads\\\/sites\\\/5\\\/2022\\\/07\\\/mariage-saint-paul-de-vence-15-400x516.jpg\",\"et-pb-post-main-image-fullwidth-large\":\"https:\\\/\\\/www.lauriecornillon.com\\\/wp-content\\\/uploads\\\/sites\\\/5\\\/2022\\\/07\\\/mariage-saint-paul-de-vence-15.jpg\",\"et-pb-image--responsive--desktop\":\"https:\\\/\\\/www.lauriecornillon.com\\\/wp-content\\\/uploads\\\/sites\\\/5\\\/2022\\\/07\\\/mariage-saint-paul-de-vence-15-1280x854.jpg\",\"et-pb-image--responsive--tablet\":\"https:\\\/\\\/www.lauriecornillon.com\\\/wp-content\\\/uploads\\\/sites\\\/5\\\/2022\\\/07\\\/mariage-saint-paul-de-vence-15-980x654.jpg\",\"et-pb-image--responsive--phone\":\"https:\\\/\\\/www.lauriecornillon.com\\\/wp-content\\\/uploads\\\/sites\\\/5\\\/2022\\\/07\\\/mariage-saint-paul-de-vence-15-480x320.jpg\",\"full\":\"https:\\\/\\\/www.lauriecornillon.com\\\/wp-content\\\/uploads\\\/sites\\\/5\\\/2022\\\/07\\\/mariage-saint-paul-de-vence-15.jpg\",\"index\":14,\"id\":28630,\"video\":false,\"opts\":{\"caption\":\"\",\"thumb\":\"https:\\\/\\\/www.lauriecornillon.com\\\/wp-content\\\/uploads\\\/sites\\\/5\\\/2022\\\/07\\\/mariage-saint-paul-de-vence-15-100x75_c.jpg\",\"title\":\"mariage-saint-paul-de-vence-15\"},\"gallery_id\":28572},{\"status\":\"active\",\"src\":\"https:\\\/\\\/www.lauriecornillon.com\\\/wp-content\\\/uploads\\\/sites\\\/5\\\/2022\\\/07\\\/mariage-saint-paul-de-vence-16.jpg\",\"title\":\"mariage-saint-paul-de-vence-16\",\"link\":\"https:\\\/\\\/www.lauriecornillon.com\\\/wp-content\\\/uploads\\\/sites\\\/5\\\/2022\\\/07\\\/mariage-saint-paul-de-vence-16.jpg\",\"alt\":\"\",\"caption\":false,\"thumb\":\"https:\\\/\\\/www.lauriecornillon.com\\\/wp-content\\\/uploads\\\/sites\\\/5\\\/2022\\\/07\\\/mariage-saint-paul-de-vence-16-100x75_c.jpg\",\"meta\":{\"aperture\":null,\"credit\":null,\"camera\":null,\"caption\":\"\",\"created_timestamp\":null,\"copyright\":null,\"focal_length\":null,\"iso\":null,\"shutter_speed\":null,\"title\":\"\",\"orientation\":null,\"keywords\":null,\"resized_images\":null},\"thumbnail\":\"https:\\\/\\\/www.lauriecornillon.com\\\/wp-content\\\/uploads\\\/sites\\\/5\\\/2022\\\/07\\\/mariage-saint-paul-de-vence-16-150x150.jpg\",\"medium\":\"https:\\\/\\\/www.lauriecornillon.com\\\/wp-content\\\/uploads\\\/sites\\\/5\\\/2022\\\/07\\\/mariage-saint-paul-de-vence-16-300x200.jpg\",\"medium_large\":\"https:\\\/\\\/www.lauriecornillon.com\\\/wp-content\\\/uploads\\\/sites\\\/5\\\/2022\\\/07\\\/mariage-saint-paul-de-vence-16-768x512.jpg\",\"large\":\"https:\\\/\\\/www.lauriecornillon.com\\\/wp-content\\\/uploads\\\/sites\\\/5\\\/2022\\\/07\\\/mariage-saint-paul-de-vence-16-1024x683.jpg\",\"1536x1536\":\"https:\\\/\\\/www.lauriecornillon.com\\\/wp-content\\\/uploads\\\/sites\\\/5\\\/2022\\\/07\\\/mariage-saint-paul-de-vence-16-1536x1025.jpg\",\"2048x2048\":\"https:\\\/\\\/www.lauriecornillon.com\\\/wp-content\\\/uploads\\\/sites\\\/5\\\/2022\\\/07\\\/mariage-saint-paul-de-vence-16-2048x1366.jpg\",\"trp-custom-language-flag\":\"https:\\\/\\\/www.lauriecornillon.com\\\/wp-content\\\/uploads\\\/sites\\\/5\\\/2022\\\/07\\\/mariage-saint-paul-de-vence-16.jpg\",\"et-pb-post-main-image\":\"https:\\\/\\\/www.lauriecornillon.com\\\/wp-content\\\/uploads\\\/sites\\\/5\\\/2022\\\/07\\\/mariage-saint-paul-de-vence-16-400x250.jpg\",\"et-pb-post-main-image-fullwidth\":\"https:\\\/\\\/www.lauriecornillon.com\\\/wp-content\\\/uploads\\\/sites\\\/5\\\/2022\\\/07\\\/mariage-saint-paul-de-vence-16-1080x675.jpg\",\"et-pb-portfolio-image\":\"https:\\\/\\\/www.lauriecornillon.com\\\/wp-content\\\/uploads\\\/sites\\\/5\\\/2022\\\/07\\\/mariage-saint-paul-de-vence-16-400x284.jpg\",\"et-pb-portfolio-module-image\":\"https:\\\/\\\/www.lauriecornillon.com\\\/wp-content\\\/uploads\\\/sites\\\/5\\\/2022\\\/07\\\/mariage-saint-paul-de-vence-16-510x382.jpg\",\"et-pb-portfolio-image-single\":\"https:\\\/\\\/www.lauriecornillon.com\\\/wp-content\\\/uploads\\\/sites\\\/5\\\/2022\\\/07\\\/mariage-saint-paul-de-vence-16-1080x721.jpg\",\"et-pb-gallery-module-image-portrait\":\"https:\\\/\\\/www.lauriecornillon.com\\\/wp-content\\\/uploads\\\/sites\\\/5\\\/2022\\\/07\\\/mariage-saint-paul-de-vence-16-400x516.jpg\",\"et-pb-post-main-image-fullwidth-large\":\"https:\\\/\\\/www.lauriecornillon.com\\\/wp-content\\\/uploads\\\/sites\\\/5\\\/2022\\\/07\\\/mariage-saint-paul-de-vence-16.jpg\",\"et-pb-image--responsive--desktop\":\"https:\\\/\\\/www.lauriecornillon.com\\\/wp-content\\\/uploads\\\/sites\\\/5\\\/2022\\\/07\\\/mariage-saint-paul-de-vence-16-1280x854.jpg\",\"et-pb-image--responsive--tablet\":\"https:\\\/\\\/www.lauriecornillon.com\\\/wp-content\\\/uploads\\\/sites\\\/5\\\/2022\\\/07\\\/mariage-saint-paul-de-vence-16-980x654.jpg\",\"et-pb-image--responsive--phone\":\"https:\\\/\\\/www.lauriecornillon.com\\\/wp-content\\\/uploads\\\/sites\\\/5\\\/2022\\\/07\\\/mariage-saint-paul-de-vence-16-480x320.jpg\",\"full\":\"https:\\\/\\\/www.lauriecornillon.com\\\/wp-content\\\/uploads\\\/sites\\\/5\\\/2022\\\/07\\\/mariage-saint-paul-de-vence-16.jpg\",\"index\":15,\"id\":28634,\"video\":false,\"opts\":{\"caption\":\"\",\"thumb\":\"https:\\\/\\\/www.lauriecornillon.com\\\/wp-content\\\/uploads\\\/sites\\\/5\\\/2022\\\/07\\\/mariage-saint-paul-de-vence-16-100x75_c.jpg\",\"title\":\"mariage-saint-paul-de-vence-16\"},\"gallery_id\":28572},{\"status\":\"active\",\"src\":\"https:\\\/\\\/www.lauriecornillon.com\\\/wp-content\\\/uploads\\\/sites\\\/5\\\/2022\\\/07\\\/mariage-saint-paul-de-vence-17.jpg\",\"title\":\"mariage-saint-paul-de-vence-17\",\"link\":\"https:\\\/\\\/www.lauriecornillon.com\\\/wp-content\\\/uploads\\\/sites\\\/5\\\/2022\\\/07\\\/mariage-saint-paul-de-vence-17.jpg\",\"alt\":\"\",\"caption\":false,\"thumb\":\"https:\\\/\\\/www.lauriecornillon.com\\\/wp-content\\\/uploads\\\/sites\\\/5\\\/2022\\\/07\\\/mariage-saint-paul-de-vence-17-100x75_c.jpg\",\"meta\":{\"aperture\":null,\"credit\":null,\"camera\":null,\"caption\":\"\",\"created_timestamp\":null,\"copyright\":null,\"focal_length\":null,\"iso\":null,\"shutter_speed\":null,\"title\":\"\",\"orientation\":null,\"keywords\":null,\"resized_images\":null},\"thumbnail\":\"https:\\\/\\\/www.lauriecornillon.com\\\/wp-content\\\/uploads\\\/sites\\\/5\\\/2022\\\/07\\\/mariage-saint-paul-de-vence-17-150x150.jpg\",\"medium\":\"https:\\\/\\\/www.lauriecornillon.com\\\/wp-content\\\/uploads\\\/sites\\\/5\\\/2022\\\/07\\\/mariage-saint-paul-de-vence-17-300x200.jpg\",\"medium_large\":\"https:\\\/\\\/www.lauriecornillon.com\\\/wp-content\\\/uploads\\\/sites\\\/5\\\/2022\\\/07\\\/mariage-saint-paul-de-vence-17-768x512.jpg\",\"large\":\"https:\\\/\\\/www.lauriecornillon.com\\\/wp-content\\\/uploads\\\/sites\\\/5\\\/2022\\\/07\\\/mariage-saint-paul-de-vence-17-1024x683.jpg\",\"1536x1536\":\"https:\\\/\\\/www.lauriecornillon.com\\\/wp-content\\\/uploads\\\/sites\\\/5\\\/2022\\\/07\\\/mariage-saint-paul-de-vence-17-1536x1025.jpg\",\"2048x2048\":\"https:\\\/\\\/www.lauriecornillon.com\\\/wp-content\\\/uploads\\\/sites\\\/5\\\/2022\\\/07\\\/mariage-saint-paul-de-vence-17-2048x1366.jpg\",\"trp-custom-language-flag\":\"https:\\\/\\\/www.lauriecornillon.com\\\/wp-content\\\/uploads\\\/sites\\\/5\\\/2022\\\/07\\\/mariage-saint-paul-de-vence-17.jpg\",\"et-pb-post-main-image\":\"https:\\\/\\\/www.lauriecornillon.com\\\/wp-content\\\/uploads\\\/sites\\\/5\\\/2022\\\/07\\\/mariage-saint-paul-de-vence-17-400x250.jpg\",\"et-pb-post-main-image-fullwidth\":\"https:\\\/\\\/www.lauriecornillon.com\\\/wp-content\\\/uploads\\\/sites\\\/5\\\/2022\\\/07\\\/mariage-saint-paul-de-vence-17-1080x675.jpg\",\"et-pb-portfolio-image\":\"https:\\\/\\\/www.lauriecornillon.com\\\/wp-content\\\/uploads\\\/sites\\\/5\\\/2022\\\/07\\\/mariage-saint-paul-de-vence-17-400x284.jpg\",\"et-pb-portfolio-module-image\":\"https:\\\/\\\/www.lauriecornillon.com\\\/wp-content\\\/uploads\\\/sites\\\/5\\\/2022\\\/07\\\/mariage-saint-paul-de-vence-17-510x382.jpg\",\"et-pb-portfolio-image-single\":\"https:\\\/\\\/www.lauriecornillon.com\\\/wp-content\\\/uploads\\\/sites\\\/5\\\/2022\\\/07\\\/mariage-saint-paul-de-vence-17-1080x721.jpg\",\"et-pb-gallery-module-image-portrait\":\"https:\\\/\\\/www.lauriecornillon.com\\\/wp-content\\\/uploads\\\/sites\\\/5\\\/2022\\\/07\\\/mariage-saint-paul-de-vence-17-400x516.jpg\",\"et-pb-post-main-image-fullwidth-large\":\"https:\\\/\\\/www.lauriecornillon.com\\\/wp-content\\\/uploads\\\/sites\\\/5\\\/2022\\\/07\\\/mariage-saint-paul-de-vence-17.jpg\",\"et-pb-image--responsive--desktop\":\"https:\\\/\\\/www.lauriecornillon.com\\\/wp-content\\\/uploads\\\/sites\\\/5\\\/2022\\\/07\\\/mariage-saint-paul-de-vence-17-1280x854.jpg\",\"et-pb-image--responsive--tablet\":\"https:\\\/\\\/www.lauriecornillon.com\\\/wp-content\\\/uploads\\\/sites\\\/5\\\/2022\\\/07\\\/mariage-saint-paul-de-vence-17-980x654.jpg\",\"et-pb-image--responsive--phone\":\"https:\\\/\\\/www.lauriecornillon.com\\\/wp-content\\\/uploads\\\/sites\\\/5\\\/2022\\\/07\\\/mariage-saint-paul-de-vence-17-480x320.jpg\",\"full\":\"https:\\\/\\\/www.lauriecornillon.com\\\/wp-content\\\/uploads\\\/sites\\\/5\\\/2022\\\/07\\\/mariage-saint-paul-de-vence-17.jpg\",\"index\":16,\"id\":28638,\"video\":false,\"opts\":{\"caption\":\"\",\"thumb\":\"https:\\\/\\\/www.lauriecornillon.com\\\/wp-content\\\/uploads\\\/sites\\\/5\\\/2022\\\/07\\\/mariage-saint-paul-de-vence-17-100x75_c.jpg\",\"title\":\"mariage-saint-paul-de-vence-17\"},\"gallery_id\":28572},{\"status\":\"active\",\"src\":\"https:\\\/\\\/www.lauriecornillon.com\\\/wp-content\\\/uploads\\\/sites\\\/5\\\/2022\\\/07\\\/mariage-saint-paul-de-vence-18.jpg\",\"title\":\"mariage-saint-paul-de-vence-18\",\"link\":\"https:\\\/\\\/www.lauriecornillon.com\\\/wp-content\\\/uploads\\\/sites\\\/5\\\/2022\\\/07\\\/mariage-saint-paul-de-vence-18.jpg\",\"alt\":\"\",\"caption\":false,\"thumb\":\"https:\\\/\\\/www.lauriecornillon.com\\\/wp-content\\\/uploads\\\/sites\\\/5\\\/2022\\\/07\\\/mariage-saint-paul-de-vence-18-100x75_c.jpg\",\"meta\":{\"aperture\":null,\"credit\":null,\"camera\":null,\"caption\":\"\",\"created_timestamp\":null,\"copyright\":null,\"focal_length\":null,\"iso\":null,\"shutter_speed\":null,\"title\":\"\",\"orientation\":null,\"keywords\":null,\"resized_images\":null},\"thumbnail\":\"https:\\\/\\\/www.lauriecornillon.com\\\/wp-content\\\/uploads\\\/sites\\\/5\\\/2022\\\/07\\\/mariage-saint-paul-de-vence-18-150x150.jpg\",\"medium\":\"https:\\\/\\\/www.lauriecornillon.com\\\/wp-content\\\/uploads\\\/sites\\\/5\\\/2022\\\/07\\\/mariage-saint-paul-de-vence-18-300x200.jpg\",\"medium_large\":\"https:\\\/\\\/www.lauriecornillon.com\\\/wp-content\\\/uploads\\\/sites\\\/5\\\/2022\\\/07\\\/mariage-saint-paul-de-vence-18-768x512.jpg\",\"large\":\"https:\\\/\\\/www.lauriecornillon.com\\\/wp-content\\\/uploads\\\/sites\\\/5\\\/2022\\\/07\\\/mariage-saint-paul-de-vence-18-1024x683.jpg\",\"1536x1536\":\"https:\\\/\\\/www.lauriecornillon.com\\\/wp-content\\\/uploads\\\/sites\\\/5\\\/2022\\\/07\\\/mariage-saint-paul-de-vence-18-1536x1025.jpg\",\"2048x2048\":\"https:\\\/\\\/www.lauriecornillon.com\\\/wp-content\\\/uploads\\\/sites\\\/5\\\/2022\\\/07\\\/mariage-saint-paul-de-vence-18-2048x1366.jpg\",\"trp-custom-language-flag\":\"https:\\\/\\\/www.lauriecornillon.com\\\/wp-content\\\/uploads\\\/sites\\\/5\\\/2022\\\/07\\\/mariage-saint-paul-de-vence-18.jpg\",\"et-pb-post-main-image\":\"https:\\\/\\\/www.lauriecornillon.com\\\/wp-content\\\/uploads\\\/sites\\\/5\\\/2022\\\/07\\\/mariage-saint-paul-de-vence-18-400x250.jpg\",\"et-pb-post-main-image-fullwidth\":\"https:\\\/\\\/www.lauriecornillon.com\\\/wp-content\\\/uploads\\\/sites\\\/5\\\/2022\\\/07\\\/mariage-saint-paul-de-vence-18-1080x675.jpg\",\"et-pb-portfolio-image\":\"https:\\\/\\\/www.lauriecornillon.com\\\/wp-content\\\/uploads\\\/sites\\\/5\\\/2022\\\/07\\\/mariage-saint-paul-de-vence-18-400x284.jpg\",\"et-pb-portfolio-module-image\":\"https:\\\/\\\/www.lauriecornillon.com\\\/wp-content\\\/uploads\\\/sites\\\/5\\\/2022\\\/07\\\/mariage-saint-paul-de-vence-18-510x382.jpg\",\"et-pb-portfolio-image-single\":\"https:\\\/\\\/www.lauriecornillon.com\\\/wp-content\\\/uploads\\\/sites\\\/5\\\/2022\\\/07\\\/mariage-saint-paul-de-vence-18-1080x721.jpg\",\"et-pb-gallery-module-image-portrait\":\"https:\\\/\\\/www.lauriecornillon.com\\\/wp-content\\\/uploads\\\/sites\\\/5\\\/2022\\\/07\\\/mariage-saint-paul-de-vence-18-400x516.jpg\",\"et-pb-post-main-image-fullwidth-large\":\"https:\\\/\\\/www.lauriecornillon.com\\\/wp-content\\\/uploads\\\/sites\\\/5\\\/2022\\\/07\\\/mariage-saint-paul-de-vence-18.jpg\",\"et-pb-image--responsive--desktop\":\"https:\\\/\\\/www.lauriecornillon.com\\\/wp-content\\\/uploads\\\/sites\\\/5\\\/2022\\\/07\\\/mariage-saint-paul-de-vence-18-1280x854.jpg\",\"et-pb-image--responsive--tablet\":\"https:\\\/\\\/www.lauriecornillon.com\\\/wp-content\\\/uploads\\\/sites\\\/5\\\/2022\\\/07\\\/mariage-saint-paul-de-vence-18-980x654.jpg\",\"et-pb-image--responsive--phone\":\"https:\\\/\\\/www.lauriecornillon.com\\\/wp-content\\\/uploads\\\/sites\\\/5\\\/2022\\\/07\\\/mariage-saint-paul-de-vence-18-480x320.jpg\",\"full\":\"https:\\\/\\\/www.lauriecornillon.com\\\/wp-content\\\/uploads\\\/sites\\\/5\\\/2022\\\/07\\\/mariage-saint-paul-de-vence-18.jpg\",\"index\":17,\"id\":28642,\"video\":false,\"opts\":{\"caption\":\"\",\"thumb\":\"https:\\\/\\\/www.lauriecornillon.com\\\/wp-content\\\/uploads\\\/sites\\\/5\\\/2022\\\/07\\\/mariage-saint-paul-de-vence-18-100x75_c.jpg\",\"title\":\"mariage-saint-paul-de-vence-18\"},\"gallery_id\":28572},{\"status\":\"active\",\"src\":\"https:\\\/\\\/www.lauriecornillon.com\\\/wp-content\\\/uploads\\\/sites\\\/5\\\/2022\\\/07\\\/mariage-saint-paul-de-vence-19.jpg\",\"title\":\"mariage-saint-paul-de-vence-19\",\"link\":\"https:\\\/\\\/www.lauriecornillon.com\\\/wp-content\\\/uploads\\\/sites\\\/5\\\/2022\\\/07\\\/mariage-saint-paul-de-vence-19.jpg\",\"alt\":\"\",\"caption\":false,\"thumb\":\"https:\\\/\\\/www.lauriecornillon.com\\\/wp-content\\\/uploads\\\/sites\\\/5\\\/2022\\\/07\\\/mariage-saint-paul-de-vence-19-100x75_c.jpg\",\"meta\":{\"aperture\":null,\"credit\":null,\"camera\":null,\"caption\":\"\",\"created_timestamp\":null,\"copyright\":null,\"focal_length\":null,\"iso\":null,\"shutter_speed\":null,\"title\":\"\",\"orientation\":null,\"keywords\":null,\"resized_images\":null},\"thumbnail\":\"https:\\\/\\\/www.lauriecornillon.com\\\/wp-content\\\/uploads\\\/sites\\\/5\\\/2022\\\/07\\\/mariage-saint-paul-de-vence-19-150x150.jpg\",\"medium\":\"https:\\\/\\\/www.lauriecornillon.com\\\/wp-content\\\/uploads\\\/sites\\\/5\\\/2022\\\/07\\\/mariage-saint-paul-de-vence-19-300x200.jpg\",\"medium_large\":\"https:\\\/\\\/www.lauriecornillon.com\\\/wp-content\\\/uploads\\\/sites\\\/5\\\/2022\\\/07\\\/mariage-saint-paul-de-vence-19-768x512.jpg\",\"large\":\"https:\\\/\\\/www.lauriecornillon.com\\\/wp-content\\\/uploads\\\/sites\\\/5\\\/2022\\\/07\\\/mariage-saint-paul-de-vence-19-1024x683.jpg\",\"1536x1536\":\"https:\\\/\\\/www.lauriecornillon.com\\\/wp-content\\\/uploads\\\/sites\\\/5\\\/2022\\\/07\\\/mariage-saint-paul-de-vence-19-1536x1025.jpg\",\"2048x2048\":\"https:\\\/\\\/www.lauriecornillon.com\\\/wp-content\\\/uploads\\\/sites\\\/5\\\/2022\\\/07\\\/mariage-saint-paul-de-vence-19-2048x1366.jpg\",\"trp-custom-language-flag\":\"https:\\\/\\\/www.lauriecornillon.com\\\/wp-content\\\/uploads\\\/sites\\\/5\\\/2022\\\/07\\\/mariage-saint-paul-de-vence-19.jpg\",\"et-pb-post-main-image\":\"https:\\\/\\\/www.lauriecornillon.com\\\/wp-content\\\/uploads\\\/sites\\\/5\\\/2022\\\/07\\\/mariage-saint-paul-de-vence-19-400x250.jpg\",\"et-pb-post-main-image-fullwidth\":\"https:\\\/\\\/www.lauriecornillon.com\\\/wp-content\\\/uploads\\\/sites\\\/5\\\/2022\\\/07\\\/mariage-saint-paul-de-vence-19-1080x675.jpg\",\"et-pb-portfolio-image\":\"https:\\\/\\\/www.lauriecornillon.com\\\/wp-content\\\/uploads\\\/sites\\\/5\\\/2022\\\/07\\\/mariage-saint-paul-de-vence-19-400x284.jpg\",\"et-pb-portfolio-module-image\":\"https:\\\/\\\/www.lauriecornillon.com\\\/wp-content\\\/uploads\\\/sites\\\/5\\\/2022\\\/07\\\/mariage-saint-paul-de-vence-19-510x382.jpg\",\"et-pb-portfolio-image-single\":\"https:\\\/\\\/www.lauriecornillon.com\\\/wp-content\\\/uploads\\\/sites\\\/5\\\/2022\\\/07\\\/mariage-saint-paul-de-vence-19-1080x721.jpg\",\"et-pb-gallery-module-image-portrait\":\"https:\\\/\\\/www.lauriecornillon.com\\\/wp-content\\\/uploads\\\/sites\\\/5\\\/2022\\\/07\\\/mariage-saint-paul-de-vence-19-400x516.jpg\",\"et-pb-post-main-image-fullwidth-large\":\"https:\\\/\\\/www.lauriecornillon.com\\\/wp-content\\\/uploads\\\/sites\\\/5\\\/2022\\\/07\\\/mariage-saint-paul-de-vence-19.jpg\",\"et-pb-image--responsive--desktop\":\"https:\\\/\\\/www.lauriecornillon.com\\\/wp-content\\\/uploads\\\/sites\\\/5\\\/2022\\\/07\\\/mariage-saint-paul-de-vence-19-1280x854.jpg\",\"et-pb-image--responsive--tablet\":\"https:\\\/\\\/www.lauriecornillon.com\\\/wp-content\\\/uploads\\\/sites\\\/5\\\/2022\\\/07\\\/mariage-saint-paul-de-vence-19-980x654.jpg\",\"et-pb-image--responsive--phone\":\"https:\\\/\\\/www.lauriecornillon.com\\\/wp-content\\\/uploads\\\/sites\\\/5\\\/2022\\\/07\\\/mariage-saint-paul-de-vence-19-480x320.jpg\",\"full\":\"https:\\\/\\\/www.lauriecornillon.com\\\/wp-content\\\/uploads\\\/sites\\\/5\\\/2022\\\/07\\\/mariage-saint-paul-de-vence-19.jpg\",\"index\":18,\"id\":28647,\"video\":false,\"opts\":{\"caption\":\"\",\"thumb\":\"https:\\\/\\\/www.lauriecornillon.com\\\/wp-content\\\/uploads\\\/sites\\\/5\\\/2022\\\/07\\\/mariage-saint-paul-de-vence-19-100x75_c.jpg\",\"title\":\"mariage-saint-paul-de-vence-19\"},\"gallery_id\":28572},{\"status\":\"active\",\"src\":\"https:\\\/\\\/www.lauriecornillon.com\\\/wp-content\\\/uploads\\\/sites\\\/5\\\/2022\\\/07\\\/mariage-saint-paul-de-vence-20.jpg\",\"title\":\"mariage-saint-paul-de-vence-20\",\"link\":\"https:\\\/\\\/www.lauriecornillon.com\\\/wp-content\\\/uploads\\\/sites\\\/5\\\/2022\\\/07\\\/mariage-saint-paul-de-vence-20.jpg\",\"alt\":\"\",\"caption\":false,\"thumb\":\"https:\\\/\\\/www.lauriecornillon.com\\\/wp-content\\\/uploads\\\/sites\\\/5\\\/2022\\\/07\\\/mariage-saint-paul-de-vence-20-100x75_c.jpg\",\"meta\":{\"aperture\":null,\"credit\":null,\"camera\":null,\"caption\":\"\",\"created_timestamp\":null,\"copyright\":null,\"focal_length\":null,\"iso\":null,\"shutter_speed\":null,\"title\":\"\",\"orientation\":null,\"keywords\":null,\"resized_images\":null},\"thumbnail\":\"https:\\\/\\\/www.lauriecornillon.com\\\/wp-content\\\/uploads\\\/sites\\\/5\\\/2022\\\/07\\\/mariage-saint-paul-de-vence-20-150x150.jpg\",\"medium\":\"https:\\\/\\\/www.lauriecornillon.com\\\/wp-content\\\/uploads\\\/sites\\\/5\\\/2022\\\/07\\\/mariage-saint-paul-de-vence-20-300x200.jpg\",\"medium_large\":\"https:\\\/\\\/www.lauriecornillon.com\\\/wp-content\\\/uploads\\\/sites\\\/5\\\/2022\\\/07\\\/mariage-saint-paul-de-vence-20-768x512.jpg\",\"large\":\"https:\\\/\\\/www.lauriecornillon.com\\\/wp-content\\\/uploads\\\/sites\\\/5\\\/2022\\\/07\\\/mariage-saint-paul-de-vence-20-1024x683.jpg\",\"1536x1536\":\"https:\\\/\\\/www.lauriecornillon.com\\\/wp-content\\\/uploads\\\/sites\\\/5\\\/2022\\\/07\\\/mariage-saint-paul-de-vence-20-1536x1025.jpg\",\"2048x2048\":\"https:\\\/\\\/www.lauriecornillon.com\\\/wp-content\\\/uploads\\\/sites\\\/5\\\/2022\\\/07\\\/mariage-saint-paul-de-vence-20-2048x1366.jpg\",\"trp-custom-language-flag\":\"https:\\\/\\\/www.lauriecornillon.com\\\/wp-content\\\/uploads\\\/sites\\\/5\\\/2022\\\/07\\\/mariage-saint-paul-de-vence-20.jpg\",\"et-pb-post-main-image\":\"https:\\\/\\\/www.lauriecornillon.com\\\/wp-content\\\/uploads\\\/sites\\\/5\\\/2022\\\/07\\\/mariage-saint-paul-de-vence-20-400x250.jpg\",\"et-pb-post-main-image-fullwidth\":\"https:\\\/\\\/www.lauriecornillon.com\\\/wp-content\\\/uploads\\\/sites\\\/5\\\/2022\\\/07\\\/mariage-saint-paul-de-vence-20-1080x675.jpg\",\"et-pb-portfolio-image\":\"https:\\\/\\\/www.lauriecornillon.com\\\/wp-content\\\/uploads\\\/sites\\\/5\\\/2022\\\/07\\\/mariage-saint-paul-de-vence-20-400x284.jpg\",\"et-pb-portfolio-module-image\":\"https:\\\/\\\/www.lauriecornillon.com\\\/wp-content\\\/uploads\\\/sites\\\/5\\\/2022\\\/07\\\/mariage-saint-paul-de-vence-20-510x382.jpg\",\"et-pb-portfolio-image-single\":\"https:\\\/\\\/www.lauriecornillon.com\\\/wp-content\\\/uploads\\\/sites\\\/5\\\/2022\\\/07\\\/mariage-saint-paul-de-vence-20-1080x721.jpg\",\"et-pb-gallery-module-image-portrait\":\"https:\\\/\\\/www.lauriecornillon.com\\\/wp-content\\\/uploads\\\/sites\\\/5\\\/2022\\\/07\\\/mariage-saint-paul-de-vence-20-400x516.jpg\",\"et-pb-post-main-image-fullwidth-large\":\"https:\\\/\\\/www.lauriecornillon.com\\\/wp-content\\\/uploads\\\/sites\\\/5\\\/2022\\\/07\\\/mariage-saint-paul-de-vence-20.jpg\",\"et-pb-image--responsive--desktop\":\"https:\\\/\\\/www.lauriecornillon.com\\\/wp-content\\\/uploads\\\/sites\\\/5\\\/2022\\\/07\\\/mariage-saint-paul-de-vence-20-1280x854.jpg\",\"et-pb-image--responsive--tablet\":\"https:\\\/\\\/www.lauriecornillon.com\\\/wp-content\\\/uploads\\\/sites\\\/5\\\/2022\\\/07\\\/mariage-saint-paul-de-vence-20-980x654.jpg\",\"et-pb-image--responsive--phone\":\"https:\\\/\\\/www.lauriecornillon.com\\\/wp-content\\\/uploads\\\/sites\\\/5\\\/2022\\\/07\\\/mariage-saint-paul-de-vence-20-480x320.jpg\",\"full\":\"https:\\\/\\\/www.lauriecornillon.com\\\/wp-content\\\/uploads\\\/sites\\\/5\\\/2022\\\/07\\\/mariage-saint-paul-de-vence-20.jpg\",\"index\":19,\"id\":28651,\"video\":false,\"opts\":{\"caption\":\"\",\"thumb\":\"https:\\\/\\\/www.lauriecornillon.com\\\/wp-content\\\/uploads\\\/sites\\\/5\\\/2022\\\/07\\\/mariage-saint-paul-de-vence-20-100x75_c.jpg\",\"title\":\"mariage-saint-paul-de-vence-20\"},\"gallery_id\":28572},{\"status\":\"active\",\"src\":\"https:\\\/\\\/www.lauriecornillon.com\\\/wp-content\\\/uploads\\\/sites\\\/5\\\/2022\\\/07\\\/mariage-saint-paul-de-vence-21.jpg\",\"title\":\"mariage-saint-paul-de-vence-21\",\"link\":\"https:\\\/\\\/www.lauriecornillon.com\\\/wp-content\\\/uploads\\\/sites\\\/5\\\/2022\\\/07\\\/mariage-saint-paul-de-vence-21.jpg\",\"alt\":\"\",\"caption\":false,\"thumb\":\"https:\\\/\\\/www.lauriecornillon.com\\\/wp-content\\\/uploads\\\/sites\\\/5\\\/2022\\\/07\\\/mariage-saint-paul-de-vence-21-100x75_c.jpg\",\"meta\":{\"aperture\":null,\"credit\":null,\"camera\":null,\"caption\":\"\",\"created_timestamp\":null,\"copyright\":null,\"focal_length\":null,\"iso\":null,\"shutter_speed\":null,\"title\":\"\",\"orientation\":null,\"keywords\":null,\"resized_images\":null},\"thumbnail\":\"https:\\\/\\\/www.lauriecornillon.com\\\/wp-content\\\/uploads\\\/sites\\\/5\\\/2022\\\/07\\\/mariage-saint-paul-de-vence-21-150x150.jpg\",\"medium\":\"https:\\\/\\\/www.lauriecornillon.com\\\/wp-content\\\/uploads\\\/sites\\\/5\\\/2022\\\/07\\\/mariage-saint-paul-de-vence-21-300x200.jpg\",\"medium_large\":\"https:\\\/\\\/www.lauriecornillon.com\\\/wp-content\\\/uploads\\\/sites\\\/5\\\/2022\\\/07\\\/mariage-saint-paul-de-vence-21-768x512.jpg\",\"large\":\"https:\\\/\\\/www.lauriecornillon.com\\\/wp-content\\\/uploads\\\/sites\\\/5\\\/2022\\\/07\\\/mariage-saint-paul-de-vence-21-1024x683.jpg\",\"1536x1536\":\"https:\\\/\\\/www.lauriecornillon.com\\\/wp-content\\\/uploads\\\/sites\\\/5\\\/2022\\\/07\\\/mariage-saint-paul-de-vence-21-1536x1025.jpg\",\"2048x2048\":\"https:\\\/\\\/www.lauriecornillon.com\\\/wp-content\\\/uploads\\\/sites\\\/5\\\/2022\\\/07\\\/mariage-saint-paul-de-vence-21-2048x1366.jpg\",\"trp-custom-language-flag\":\"https:\\\/\\\/www.lauriecornillon.com\\\/wp-content\\\/uploads\\\/sites\\\/5\\\/2022\\\/07\\\/mariage-saint-paul-de-vence-21.jpg\",\"et-pb-post-main-image\":\"https:\\\/\\\/www.lauriecornillon.com\\\/wp-content\\\/uploads\\\/sites\\\/5\\\/2022\\\/07\\\/mariage-saint-paul-de-vence-21-400x250.jpg\",\"et-pb-post-main-image-fullwidth\":\"https:\\\/\\\/www.lauriecornillon.com\\\/wp-content\\\/uploads\\\/sites\\\/5\\\/2022\\\/07\\\/mariage-saint-paul-de-vence-21-1080x675.jpg\",\"et-pb-portfolio-image\":\"https:\\\/\\\/www.lauriecornillon.com\\\/wp-content\\\/uploads\\\/sites\\\/5\\\/2022\\\/07\\\/mariage-saint-paul-de-vence-21-400x284.jpg\",\"et-pb-portfolio-module-image\":\"https:\\\/\\\/www.lauriecornillon.com\\\/wp-content\\\/uploads\\\/sites\\\/5\\\/2022\\\/07\\\/mariage-saint-paul-de-vence-21-510x382.jpg\",\"et-pb-portfolio-image-single\":\"https:\\\/\\\/www.lauriecornillon.com\\\/wp-content\\\/uploads\\\/sites\\\/5\\\/2022\\\/07\\\/mariage-saint-paul-de-vence-21-1080x721.jpg\",\"et-pb-gallery-module-image-portrait\":\"https:\\\/\\\/www.lauriecornillon.com\\\/wp-content\\\/uploads\\\/sites\\\/5\\\/2022\\\/07\\\/mariage-saint-paul-de-vence-21-400x516.jpg\",\"et-pb-post-main-image-fullwidth-large\":\"https:\\\/\\\/www.lauriecornillon.com\\\/wp-content\\\/uploads\\\/sites\\\/5\\\/2022\\\/07\\\/mariage-saint-paul-de-vence-21.jpg\",\"et-pb-image--responsive--desktop\":\"https:\\\/\\\/www.lauriecornillon.com\\\/wp-content\\\/uploads\\\/sites\\\/5\\\/2022\\\/07\\\/mariage-saint-paul-de-vence-21-1280x854.jpg\",\"et-pb-image--responsive--tablet\":\"https:\\\/\\\/www.lauriecornillon.com\\\/wp-content\\\/uploads\\\/sites\\\/5\\\/2022\\\/07\\\/mariage-saint-paul-de-vence-21-980x654.jpg\",\"et-pb-image--responsive--phone\":\"https:\\\/\\\/www.lauriecornillon.com\\\/wp-content\\\/uploads\\\/sites\\\/5\\\/2022\\\/07\\\/mariage-saint-paul-de-vence-21-480x320.jpg\",\"full\":\"https:\\\/\\\/www.lauriecornillon.com\\\/wp-content\\\/uploads\\\/sites\\\/5\\\/2022\\\/07\\\/mariage-saint-paul-de-vence-21.jpg\",\"index\":20,\"id\":28656,\"video\":false,\"opts\":{\"caption\":\"\",\"thumb\":\"https:\\\/\\\/www.lauriecornillon.com\\\/wp-content\\\/uploads\\\/sites\\\/5\\\/2022\\\/07\\\/mariage-saint-paul-de-vence-21-100x75_c.jpg\",\"title\":\"mariage-saint-paul-de-vence-21\"},\"gallery_id\":28572},{\"status\":\"active\",\"src\":\"https:\\\/\\\/www.lauriecornillon.com\\\/wp-content\\\/uploads\\\/sites\\\/5\\\/2022\\\/07\\\/mariage-saint-paul-de-vence-22.jpg\",\"title\":\"mariage-saint-paul-de-vence-22\",\"link\":\"https:\\\/\\\/www.lauriecornillon.com\\\/wp-content\\\/uploads\\\/sites\\\/5\\\/2022\\\/07\\\/mariage-saint-paul-de-vence-22.jpg\",\"alt\":\"\",\"caption\":false,\"thumb\":\"https:\\\/\\\/www.lauriecornillon.com\\\/wp-content\\\/uploads\\\/sites\\\/5\\\/2022\\\/07\\\/mariage-saint-paul-de-vence-22-100x75_c.jpg\",\"meta\":{\"aperture\":null,\"credit\":null,\"camera\":null,\"caption\":\"\",\"created_timestamp\":null,\"copyright\":null,\"focal_length\":null,\"iso\":null,\"shutter_speed\":null,\"title\":\"\",\"orientation\":null,\"keywords\":null,\"resized_images\":null},\"thumbnail\":\"https:\\\/\\\/www.lauriecornillon.com\\\/wp-content\\\/uploads\\\/sites\\\/5\\\/2022\\\/07\\\/mariage-saint-paul-de-vence-22-150x150.jpg\",\"medium\":\"https:\\\/\\\/www.lauriecornillon.com\\\/wp-content\\\/uploads\\\/sites\\\/5\\\/2022\\\/07\\\/mariage-saint-paul-de-vence-22-300x200.jpg\",\"medium_large\":\"https:\\\/\\\/www.lauriecornillon.com\\\/wp-content\\\/uploads\\\/sites\\\/5\\\/2022\\\/07\\\/mariage-saint-paul-de-vence-22-768x512.jpg\",\"large\":\"https:\\\/\\\/www.lauriecornillon.com\\\/wp-content\\\/uploads\\\/sites\\\/5\\\/2022\\\/07\\\/mariage-saint-paul-de-vence-22-1024x683.jpg\",\"1536x1536\":\"https:\\\/\\\/www.lauriecornillon.com\\\/wp-content\\\/uploads\\\/sites\\\/5\\\/2022\\\/07\\\/mariage-saint-paul-de-vence-22-1536x1025.jpg\",\"2048x2048\":\"https:\\\/\\\/www.lauriecornillon.com\\\/wp-content\\\/uploads\\\/sites\\\/5\\\/2022\\\/07\\\/mariage-saint-paul-de-vence-22-2048x1366.jpg\",\"trp-custom-language-flag\":\"https:\\\/\\\/www.lauriecornillon.com\\\/wp-content\\\/uploads\\\/sites\\\/5\\\/2022\\\/07\\\/mariage-saint-paul-de-vence-22.jpg\",\"et-pb-post-main-image\":\"https:\\\/\\\/www.lauriecornillon.com\\\/wp-content\\\/uploads\\\/sites\\\/5\\\/2022\\\/07\\\/mariage-saint-paul-de-vence-22-400x250.jpg\",\"et-pb-post-main-image-fullwidth\":\"https:\\\/\\\/www.lauriecornillon.com\\\/wp-content\\\/uploads\\\/sites\\\/5\\\/2022\\\/07\\\/mariage-saint-paul-de-vence-22-1080x675.jpg\",\"et-pb-portfolio-image\":\"https:\\\/\\\/www.lauriecornillon.com\\\/wp-content\\\/uploads\\\/sites\\\/5\\\/2022\\\/07\\\/mariage-saint-paul-de-vence-22-400x284.jpg\",\"et-pb-portfolio-module-image\":\"https:\\\/\\\/www.lauriecornillon.com\\\/wp-content\\\/uploads\\\/sites\\\/5\\\/2022\\\/07\\\/mariage-saint-paul-de-vence-22-510x382.jpg\",\"et-pb-portfolio-image-single\":\"https:\\\/\\\/www.lauriecornillon.com\\\/wp-content\\\/uploads\\\/sites\\\/5\\\/2022\\\/07\\\/mariage-saint-paul-de-vence-22-1080x721.jpg\",\"et-pb-gallery-module-image-portrait\":\"https:\\\/\\\/www.lauriecornillon.com\\\/wp-content\\\/uploads\\\/sites\\\/5\\\/2022\\\/07\\\/mariage-saint-paul-de-vence-22-400x516.jpg\",\"et-pb-post-main-image-fullwidth-large\":\"https:\\\/\\\/www.lauriecornillon.com\\\/wp-content\\\/uploads\\\/sites\\\/5\\\/2022\\\/07\\\/mariage-saint-paul-de-vence-22.jpg\",\"et-pb-image--responsive--desktop\":\"https:\\\/\\\/www.lauriecornillon.com\\\/wp-content\\\/uploads\\\/sites\\\/5\\\/2022\\\/07\\\/mariage-saint-paul-de-vence-22-1280x854.jpg\",\"et-pb-image--responsive--tablet\":\"https:\\\/\\\/www.lauriecornillon.com\\\/wp-content\\\/uploads\\\/sites\\\/5\\\/2022\\\/07\\\/mariage-saint-paul-de-vence-22-980x654.jpg\",\"et-pb-image--responsive--phone\":\"https:\\\/\\\/www.lauriecornillon.com\\\/wp-content\\\/uploads\\\/sites\\\/5\\\/2022\\\/07\\\/mariage-saint-paul-de-vence-22-480x320.jpg\",\"full\":\"https:\\\/\\\/www.lauriecornillon.com\\\/wp-content\\\/uploads\\\/sites\\\/5\\\/2022\\\/07\\\/mariage-saint-paul-de-vence-22.jpg\",\"index\":21,\"id\":28661,\"video\":false,\"opts\":{\"caption\":\"\",\"thumb\":\"https:\\\/\\\/www.lauriecornillon.com\\\/wp-content\\\/uploads\\\/sites\\\/5\\\/2022\\\/07\\\/mariage-saint-paul-de-vence-22-100x75_c.jpg\",\"title\":\"mariage-saint-paul-de-vence-22\"},\"gallery_id\":28572},{\"status\":\"active\",\"src\":\"https:\\\/\\\/www.lauriecornillon.com\\\/wp-content\\\/uploads\\\/sites\\\/5\\\/2022\\\/07\\\/mariage-saint-paul-de-vence-23.jpg\",\"title\":\"mariage-saint-paul-de-vence-23\",\"link\":\"https:\\\/\\\/www.lauriecornillon.com\\\/wp-content\\\/uploads\\\/sites\\\/5\\\/2022\\\/07\\\/mariage-saint-paul-de-vence-23.jpg\",\"alt\":\"\",\"caption\":false,\"thumb\":\"https:\\\/\\\/www.lauriecornillon.com\\\/wp-content\\\/uploads\\\/sites\\\/5\\\/2022\\\/07\\\/mariage-saint-paul-de-vence-23-100x75_c.jpg\",\"meta\":{\"aperture\":null,\"credit\":null,\"camera\":null,\"caption\":\"\",\"created_timestamp\":null,\"copyright\":null,\"focal_length\":null,\"iso\":null,\"shutter_speed\":null,\"title\":\"\",\"orientation\":null,\"keywords\":null,\"resized_images\":null},\"thumbnail\":\"https:\\\/\\\/www.lauriecornillon.com\\\/wp-content\\\/uploads\\\/sites\\\/5\\\/2022\\\/07\\\/mariage-saint-paul-de-vence-23-150x150.jpg\",\"medium\":\"https:\\\/\\\/www.lauriecornillon.com\\\/wp-content\\\/uploads\\\/sites\\\/5\\\/2022\\\/07\\\/mariage-saint-paul-de-vence-23-300x200.jpg\",\"medium_large\":\"https:\\\/\\\/www.lauriecornillon.com\\\/wp-content\\\/uploads\\\/sites\\\/5\\\/2022\\\/07\\\/mariage-saint-paul-de-vence-23-768x512.jpg\",\"large\":\"https:\\\/\\\/www.lauriecornillon.com\\\/wp-content\\\/uploads\\\/sites\\\/5\\\/2022\\\/07\\\/mariage-saint-paul-de-vence-23-1024x683.jpg\",\"1536x1536\":\"https:\\\/\\\/www.lauriecornillon.com\\\/wp-content\\\/uploads\\\/sites\\\/5\\\/2022\\\/07\\\/mariage-saint-paul-de-vence-23-1536x1025.jpg\",\"2048x2048\":\"https:\\\/\\\/www.lauriecornillon.com\\\/wp-content\\\/uploads\\\/sites\\\/5\\\/2022\\\/07\\\/mariage-saint-paul-de-vence-23-2048x1366.jpg\",\"trp-custom-language-flag\":\"https:\\\/\\\/www.lauriecornillon.com\\\/wp-content\\\/uploads\\\/sites\\\/5\\\/2022\\\/07\\\/mariage-saint-paul-de-vence-23.jpg\",\"et-pb-post-main-image\":\"https:\\\/\\\/www.lauriecornillon.com\\\/wp-content\\\/uploads\\\/sites\\\/5\\\/2022\\\/07\\\/mariage-saint-paul-de-vence-23-400x250.jpg\",\"et-pb-post-main-image-fullwidth\":\"https:\\\/\\\/www.lauriecornillon.com\\\/wp-content\\\/uploads\\\/sites\\\/5\\\/2022\\\/07\\\/mariage-saint-paul-de-vence-23-1080x675.jpg\",\"et-pb-portfolio-image\":\"https:\\\/\\\/www.lauriecornillon.com\\\/wp-content\\\/uploads\\\/sites\\\/5\\\/2022\\\/07\\\/mariage-saint-paul-de-vence-23-400x284.jpg\",\"et-pb-portfolio-module-image\":\"https:\\\/\\\/www.lauriecornillon.com\\\/wp-content\\\/uploads\\\/sites\\\/5\\\/2022\\\/07\\\/mariage-saint-paul-de-vence-23-510x382.jpg\",\"et-pb-portfolio-image-single\":\"https:\\\/\\\/www.lauriecornillon.com\\\/wp-content\\\/uploads\\\/sites\\\/5\\\/2022\\\/07\\\/mariage-saint-paul-de-vence-23-1080x721.jpg\",\"et-pb-gallery-module-image-portrait\":\"https:\\\/\\\/www.lauriecornillon.com\\\/wp-content\\\/uploads\\\/sites\\\/5\\\/2022\\\/07\\\/mariage-saint-paul-de-vence-23-400x516.jpg\",\"et-pb-post-main-image-fullwidth-large\":\"https:\\\/\\\/www.lauriecornillon.com\\\/wp-content\\\/uploads\\\/sites\\\/5\\\/2022\\\/07\\\/mariage-saint-paul-de-vence-23.jpg\",\"et-pb-image--responsive--desktop\":\"https:\\\/\\\/www.lauriecornillon.com\\\/wp-content\\\/uploads\\\/sites\\\/5\\\/2022\\\/07\\\/mariage-saint-paul-de-vence-23-1280x854.jpg\",\"et-pb-image--responsive--tablet\":\"https:\\\/\\\/www.lauriecornillon.com\\\/wp-content\\\/uploads\\\/sites\\\/5\\\/2022\\\/07\\\/mariage-saint-paul-de-vence-23-980x654.jpg\",\"et-pb-image--responsive--phone\":\"https:\\\/\\\/www.lauriecornillon.com\\\/wp-content\\\/uploads\\\/sites\\\/5\\\/2022\\\/07\\\/mariage-saint-paul-de-vence-23-480x320.jpg\",\"full\":\"https:\\\/\\\/www.lauriecornillon.com\\\/wp-content\\\/uploads\\\/sites\\\/5\\\/2022\\\/07\\\/mariage-saint-paul-de-vence-23.jpg\",\"index\":22,\"id\":28666,\"video\":false,\"opts\":{\"caption\":\"\",\"thumb\":\"https:\\\/\\\/www.lauriecornillon.com\\\/wp-content\\\/uploads\\\/sites\\\/5\\\/2022\\\/07\\\/mariage-saint-paul-de-vence-23-100x75_c.jpg\",\"title\":\"mariage-saint-paul-de-vence-23\"},\"gallery_id\":28572},{\"status\":\"active\",\"src\":\"https:\\\/\\\/www.lauriecornillon.com\\\/wp-content\\\/uploads\\\/sites\\\/5\\\/2022\\\/07\\\/mariage-saint-paul-de-vence-24.jpg\",\"title\":\"mariage-saint-paul-de-vence-24\",\"link\":\"https:\\\/\\\/www.lauriecornillon.com\\\/wp-content\\\/uploads\\\/sites\\\/5\\\/2022\\\/07\\\/mariage-saint-paul-de-vence-24.jpg\",\"alt\":\"\",\"caption\":false,\"thumb\":\"https:\\\/\\\/www.lauriecornillon.com\\\/wp-content\\\/uploads\\\/sites\\\/5\\\/2022\\\/07\\\/mariage-saint-paul-de-vence-24-100x75_c.jpg\",\"meta\":{\"aperture\":null,\"credit\":null,\"camera\":null,\"caption\":\"\",\"created_timestamp\":null,\"copyright\":null,\"focal_length\":null,\"iso\":null,\"shutter_speed\":null,\"title\":\"\",\"orientation\":null,\"keywords\":null,\"resized_images\":null},\"thumbnail\":\"https:\\\/\\\/www.lauriecornillon.com\\\/wp-content\\\/uploads\\\/sites\\\/5\\\/2022\\\/07\\\/mariage-saint-paul-de-vence-24-150x150.jpg\",\"medium\":\"https:\\\/\\\/www.lauriecornillon.com\\\/wp-content\\\/uploads\\\/sites\\\/5\\\/2022\\\/07\\\/mariage-saint-paul-de-vence-24-300x200.jpg\",\"medium_large\":\"https:\\\/\\\/www.lauriecornillon.com\\\/wp-content\\\/uploads\\\/sites\\\/5\\\/2022\\\/07\\\/mariage-saint-paul-de-vence-24-768x512.jpg\",\"large\":\"https:\\\/\\\/www.lauriecornillon.com\\\/wp-content\\\/uploads\\\/sites\\\/5\\\/2022\\\/07\\\/mariage-saint-paul-de-vence-24-1024x683.jpg\",\"1536x1536\":\"https:\\\/\\\/www.lauriecornillon.com\\\/wp-content\\\/uploads\\\/sites\\\/5\\\/2022\\\/07\\\/mariage-saint-paul-de-vence-24-1536x1025.jpg\",\"2048x2048\":\"https:\\\/\\\/www.lauriecornillon.com\\\/wp-content\\\/uploads\\\/sites\\\/5\\\/2022\\\/07\\\/mariage-saint-paul-de-vence-24-2048x1366.jpg\",\"trp-custom-language-flag\":\"https:\\\/\\\/www.lauriecornillon.com\\\/wp-content\\\/uploads\\\/sites\\\/5\\\/2022\\\/07\\\/mariage-saint-paul-de-vence-24.jpg\",\"et-pb-post-main-image\":\"https:\\\/\\\/www.lauriecornillon.com\\\/wp-content\\\/uploads\\\/sites\\\/5\\\/2022\\\/07\\\/mariage-saint-paul-de-vence-24-400x250.jpg\",\"et-pb-post-main-image-fullwidth\":\"https:\\\/\\\/www.lauriecornillon.com\\\/wp-content\\\/uploads\\\/sites\\\/5\\\/2022\\\/07\\\/mariage-saint-paul-de-vence-24-1080x675.jpg\",\"et-pb-portfolio-image\":\"https:\\\/\\\/www.lauriecornillon.com\\\/wp-content\\\/uploads\\\/sites\\\/5\\\/2022\\\/07\\\/mariage-saint-paul-de-vence-24-400x284.jpg\",\"et-pb-portfolio-module-image\":\"https:\\\/\\\/www.lauriecornillon.com\\\/wp-content\\\/uploads\\\/sites\\\/5\\\/2022\\\/07\\\/mariage-saint-paul-de-vence-24-510x382.jpg\",\"et-pb-portfolio-image-single\":\"https:\\\/\\\/www.lauriecornillon.com\\\/wp-content\\\/uploads\\\/sites\\\/5\\\/2022\\\/07\\\/mariage-saint-paul-de-vence-24-1080x721.jpg\",\"et-pb-gallery-module-image-portrait\":\"https:\\\/\\\/www.lauriecornillon.com\\\/wp-content\\\/uploads\\\/sites\\\/5\\\/2022\\\/07\\\/mariage-saint-paul-de-vence-24-400x516.jpg\",\"et-pb-post-main-image-fullwidth-large\":\"https:\\\/\\\/www.lauriecornillon.com\\\/wp-content\\\/uploads\\\/sites\\\/5\\\/2022\\\/07\\\/mariage-saint-paul-de-vence-24.jpg\",\"et-pb-image--responsive--desktop\":\"https:\\\/\\\/www.lauriecornillon.com\\\/wp-content\\\/uploads\\\/sites\\\/5\\\/2022\\\/07\\\/mariage-saint-paul-de-vence-24-1280x854.jpg\",\"et-pb-image--responsive--tablet\":\"https:\\\/\\\/www.lauriecornillon.com\\\/wp-content\\\/uploads\\\/sites\\\/5\\\/2022\\\/07\\\/mariage-saint-paul-de-vence-24-980x654.jpg\",\"et-pb-image--responsive--phone\":\"https:\\\/\\\/www.lauriecornillon.com\\\/wp-content\\\/uploads\\\/sites\\\/5\\\/2022\\\/07\\\/mariage-saint-paul-de-vence-24-480x320.jpg\",\"full\":\"https:\\\/\\\/www.lauriecornillon.com\\\/wp-content\\\/uploads\\\/sites\\\/5\\\/2022\\\/07\\\/mariage-saint-paul-de-vence-24.jpg\",\"index\":23,\"id\":28672,\"video\":false,\"opts\":{\"caption\":\"\",\"thumb\":\"https:\\\/\\\/www.lauriecornillon.com\\\/wp-content\\\/uploads\\\/sites\\\/5\\\/2022\\\/07\\\/mariage-saint-paul-de-vence-24-100x75_c.jpg\",\"title\":\"mariage-saint-paul-de-vence-24\"},\"gallery_id\":28572},{\"status\":\"active\",\"src\":\"https:\\\/\\\/www.lauriecornillon.com\\\/wp-content\\\/uploads\\\/sites\\\/5\\\/2022\\\/07\\\/mariage-saint-paul-de-vence-25.jpg\",\"title\":\"mariage-saint-paul-de-vence-25\",\"link\":\"https:\\\/\\\/www.lauriecornillon.com\\\/wp-content\\\/uploads\\\/sites\\\/5\\\/2022\\\/07\\\/mariage-saint-paul-de-vence-25.jpg\",\"alt\":\"\",\"caption\":false,\"thumb\":\"https:\\\/\\\/www.lauriecornillon.com\\\/wp-content\\\/uploads\\\/sites\\\/5\\\/2022\\\/07\\\/mariage-saint-paul-de-vence-25-100x75_c.jpg\",\"meta\":{\"aperture\":null,\"credit\":null,\"camera\":null,\"caption\":\"\",\"created_timestamp\":null,\"copyright\":null,\"focal_length\":null,\"iso\":null,\"shutter_speed\":null,\"title\":\"\",\"orientation\":null,\"keywords\":null,\"resized_images\":null},\"thumbnail\":\"https:\\\/\\\/www.lauriecornillon.com\\\/wp-content\\\/uploads\\\/sites\\\/5\\\/2022\\\/07\\\/mariage-saint-paul-de-vence-25-150x150.jpg\",\"medium\":\"https:\\\/\\\/www.lauriecornillon.com\\\/wp-content\\\/uploads\\\/sites\\\/5\\\/2022\\\/07\\\/mariage-saint-paul-de-vence-25-300x200.jpg\",\"medium_large\":\"https:\\\/\\\/www.lauriecornillon.com\\\/wp-content\\\/uploads\\\/sites\\\/5\\\/2022\\\/07\\\/mariage-saint-paul-de-vence-25-768x512.jpg\",\"large\":\"https:\\\/\\\/www.lauriecornillon.com\\\/wp-content\\\/uploads\\\/sites\\\/5\\\/2022\\\/07\\\/mariage-saint-paul-de-vence-25-1024x683.jpg\",\"1536x1536\":\"https:\\\/\\\/www.lauriecornillon.com\\\/wp-content\\\/uploads\\\/sites\\\/5\\\/2022\\\/07\\\/mariage-saint-paul-de-vence-25-1536x1025.jpg\",\"2048x2048\":\"https:\\\/\\\/www.lauriecornillon.com\\\/wp-content\\\/uploads\\\/sites\\\/5\\\/2022\\\/07\\\/mariage-saint-paul-de-vence-25-2048x1366.jpg\",\"trp-custom-language-flag\":\"https:\\\/\\\/www.lauriecornillon.com\\\/wp-content\\\/uploads\\\/sites\\\/5\\\/2022\\\/07\\\/mariage-saint-paul-de-vence-25.jpg\",\"et-pb-post-main-image\":\"https:\\\/\\\/www.lauriecornillon.com\\\/wp-content\\\/uploads\\\/sites\\\/5\\\/2022\\\/07\\\/mariage-saint-paul-de-vence-25-400x250.jpg\",\"et-pb-post-main-image-fullwidth\":\"https:\\\/\\\/www.lauriecornillon.com\\\/wp-content\\\/uploads\\\/sites\\\/5\\\/2022\\\/07\\\/mariage-saint-paul-de-vence-25-1080x675.jpg\",\"et-pb-portfolio-image\":\"https:\\\/\\\/www.lauriecornillon.com\\\/wp-content\\\/uploads\\\/sites\\\/5\\\/2022\\\/07\\\/mariage-saint-paul-de-vence-25-400x284.jpg\",\"et-pb-portfolio-module-image\":\"https:\\\/\\\/www.lauriecornillon.com\\\/wp-content\\\/uploads\\\/sites\\\/5\\\/2022\\\/07\\\/mariage-saint-paul-de-vence-25-510x382.jpg\",\"et-pb-portfolio-image-single\":\"https:\\\/\\\/www.lauriecornillon.com\\\/wp-content\\\/uploads\\\/sites\\\/5\\\/2022\\\/07\\\/mariage-saint-paul-de-vence-25-1080x721.jpg\",\"et-pb-gallery-module-image-portrait\":\"https:\\\/\\\/www.lauriecornillon.com\\\/wp-content\\\/uploads\\\/sites\\\/5\\\/2022\\\/07\\\/mariage-saint-paul-de-vence-25-400x516.jpg\",\"et-pb-post-main-image-fullwidth-large\":\"https:\\\/\\\/www.lauriecornillon.com\\\/wp-content\\\/uploads\\\/sites\\\/5\\\/2022\\\/07\\\/mariage-saint-paul-de-vence-25.jpg\",\"et-pb-image--responsive--desktop\":\"https:\\\/\\\/www.lauriecornillon.com\\\/wp-content\\\/uploads\\\/sites\\\/5\\\/2022\\\/07\\\/mariage-saint-paul-de-vence-25-1280x854.jpg\",\"et-pb-image--responsive--tablet\":\"https:\\\/\\\/www.lauriecornillon.com\\\/wp-content\\\/uploads\\\/sites\\\/5\\\/2022\\\/07\\\/mariage-saint-paul-de-vence-25-980x654.jpg\",\"et-pb-image--responsive--phone\":\"https:\\\/\\\/www.lauriecornillon.com\\\/wp-content\\\/uploads\\\/sites\\\/5\\\/2022\\\/07\\\/mariage-saint-paul-de-vence-25-480x320.jpg\",\"full\":\"https:\\\/\\\/www.lauriecornillon.com\\\/wp-content\\\/uploads\\\/sites\\\/5\\\/2022\\\/07\\\/mariage-saint-paul-de-vence-25.jpg\",\"index\":24,\"id\":28676,\"video\":false,\"opts\":{\"caption\":\"\",\"thumb\":\"https:\\\/\\\/www.lauriecornillon.com\\\/wp-content\\\/uploads\\\/sites\\\/5\\\/2022\\\/07\\\/mariage-saint-paul-de-vence-25-100x75_c.jpg\",\"title\":\"mariage-saint-paul-de-vence-25\"},\"gallery_id\":28572},{\"status\":\"active\",\"src\":\"https:\\\/\\\/www.lauriecornillon.com\\\/wp-content\\\/uploads\\\/sites\\\/5\\\/2022\\\/07\\\/mariage-saint-paul-de-vence-26.jpg\",\"title\":\"mariage-saint-paul-de-vence-26\",\"link\":\"https:\\\/\\\/www.lauriecornillon.com\\\/wp-content\\\/uploads\\\/sites\\\/5\\\/2022\\\/07\\\/mariage-saint-paul-de-vence-26.jpg\",\"alt\":\"\",\"caption\":false,\"thumb\":\"https:\\\/\\\/www.lauriecornillon.com\\\/wp-content\\\/uploads\\\/sites\\\/5\\\/2022\\\/07\\\/mariage-saint-paul-de-vence-26-100x75_c.jpg\",\"meta\":{\"aperture\":null,\"credit\":null,\"camera\":null,\"caption\":\"\",\"created_timestamp\":null,\"copyright\":null,\"focal_length\":null,\"iso\":null,\"shutter_speed\":null,\"title\":\"\",\"orientation\":null,\"keywords\":null,\"resized_images\":null},\"thumbnail\":\"https:\\\/\\\/www.lauriecornillon.com\\\/wp-content\\\/uploads\\\/sites\\\/5\\\/2022\\\/07\\\/mariage-saint-paul-de-vence-26-150x150.jpg\",\"medium\":\"https:\\\/\\\/www.lauriecornillon.com\\\/wp-content\\\/uploads\\\/sites\\\/5\\\/2022\\\/07\\\/mariage-saint-paul-de-vence-26-300x200.jpg\",\"medium_large\":\"https:\\\/\\\/www.lauriecornillon.com\\\/wp-content\\\/uploads\\\/sites\\\/5\\\/2022\\\/07\\\/mariage-saint-paul-de-vence-26-768x512.jpg\",\"large\":\"https:\\\/\\\/www.lauriecornillon.com\\\/wp-content\\\/uploads\\\/sites\\\/5\\\/2022\\\/07\\\/mariage-saint-paul-de-vence-26-1024x683.jpg\",\"1536x1536\":\"https:\\\/\\\/www.lauriecornillon.com\\\/wp-content\\\/uploads\\\/sites\\\/5\\\/2022\\\/07\\\/mariage-saint-paul-de-vence-26-1536x1025.jpg\",\"2048x2048\":\"https:\\\/\\\/www.lauriecornillon.com\\\/wp-content\\\/uploads\\\/sites\\\/5\\\/2022\\\/07\\\/mariage-saint-paul-de-vence-26-2048x1366.jpg\",\"trp-custom-language-flag\":\"https:\\\/\\\/www.lauriecornillon.com\\\/wp-content\\\/uploads\\\/sites\\\/5\\\/2022\\\/07\\\/mariage-saint-paul-de-vence-26.jpg\",\"et-pb-post-main-image\":\"https:\\\/\\\/www.lauriecornillon.com\\\/wp-content\\\/uploads\\\/sites\\\/5\\\/2022\\\/07\\\/mariage-saint-paul-de-vence-26-400x250.jpg\",\"et-pb-post-main-image-fullwidth\":\"https:\\\/\\\/www.lauriecornillon.com\\\/wp-content\\\/uploads\\\/sites\\\/5\\\/2022\\\/07\\\/mariage-saint-paul-de-vence-26-1080x675.jpg\",\"et-pb-portfolio-image\":\"https:\\\/\\\/www.lauriecornillon.com\\\/wp-content\\\/uploads\\\/sites\\\/5\\\/2022\\\/07\\\/mariage-saint-paul-de-vence-26-400x284.jpg\",\"et-pb-portfolio-module-image\":\"https:\\\/\\\/www.lauriecornillon.com\\\/wp-content\\\/uploads\\\/sites\\\/5\\\/2022\\\/07\\\/mariage-saint-paul-de-vence-26-510x382.jpg\",\"et-pb-portfolio-image-single\":\"https:\\\/\\\/www.lauriecornillon.com\\\/wp-content\\\/uploads\\\/sites\\\/5\\\/2022\\\/07\\\/mariage-saint-paul-de-vence-26-1080x721.jpg\",\"et-pb-gallery-module-image-portrait\":\"https:\\\/\\\/www.lauriecornillon.com\\\/wp-content\\\/uploads\\\/sites\\\/5\\\/2022\\\/07\\\/mariage-saint-paul-de-vence-26-400x516.jpg\",\"et-pb-post-main-image-fullwidth-large\":\"https:\\\/\\\/www.lauriecornillon.com\\\/wp-content\\\/uploads\\\/sites\\\/5\\\/2022\\\/07\\\/mariage-saint-paul-de-vence-26.jpg\",\"et-pb-image--responsive--desktop\":\"https:\\\/\\\/www.lauriecornillon.com\\\/wp-content\\\/uploads\\\/sites\\\/5\\\/2022\\\/07\\\/mariage-saint-paul-de-vence-26-1280x854.jpg\",\"et-pb-image--responsive--tablet\":\"https:\\\/\\\/www.lauriecornillon.com\\\/wp-content\\\/uploads\\\/sites\\\/5\\\/2022\\\/07\\\/mariage-saint-paul-de-vence-26-980x654.jpg\",\"et-pb-image--responsive--phone\":\"https:\\\/\\\/www.lauriecornillon.com\\\/wp-content\\\/uploads\\\/sites\\\/5\\\/2022\\\/07\\\/mariage-saint-paul-de-vence-26-480x320.jpg\",\"full\":\"https:\\\/\\\/www.lauriecornillon.com\\\/wp-content\\\/uploads\\\/sites\\\/5\\\/2022\\\/07\\\/mariage-saint-paul-de-vence-26.jpg\",\"index\":25,\"id\":28680,\"video\":false,\"opts\":{\"caption\":\"\",\"thumb\":\"https:\\\/\\\/www.lauriecornillon.com\\\/wp-content\\\/uploads\\\/sites\\\/5\\\/2022\\\/07\\\/mariage-saint-paul-de-vence-26-100x75_c.jpg\",\"title\":\"mariage-saint-paul-de-vence-26\"},\"gallery_id\":28572},{\"status\":\"active\",\"src\":\"https:\\\/\\\/www.lauriecornillon.com\\\/wp-content\\\/uploads\\\/sites\\\/5\\\/2022\\\/07\\\/mariage-saint-paul-de-vence-27.jpg\",\"title\":\"mariage-saint-paul-de-vence-27\",\"link\":\"https:\\\/\\\/www.lauriecornillon.com\\\/wp-content\\\/uploads\\\/sites\\\/5\\\/2022\\\/07\\\/mariage-saint-paul-de-vence-27.jpg\",\"alt\":\"\",\"caption\":false,\"thumb\":\"https:\\\/\\\/www.lauriecornillon.com\\\/wp-content\\\/uploads\\\/sites\\\/5\\\/2022\\\/07\\\/mariage-saint-paul-de-vence-27-100x75_c.jpg\",\"meta\":{\"aperture\":null,\"credit\":null,\"camera\":null,\"caption\":\"\",\"created_timestamp\":null,\"copyright\":null,\"focal_length\":null,\"iso\":null,\"shutter_speed\":null,\"title\":\"\",\"orientation\":null,\"keywords\":null,\"resized_images\":null},\"thumbnail\":\"https:\\\/\\\/www.lauriecornillon.com\\\/wp-content\\\/uploads\\\/sites\\\/5\\\/2022\\\/07\\\/mariage-saint-paul-de-vence-27-150x150.jpg\",\"medium\":\"https:\\\/\\\/www.lauriecornillon.com\\\/wp-content\\\/uploads\\\/sites\\\/5\\\/2022\\\/07\\\/mariage-saint-paul-de-vence-27-300x200.jpg\",\"medium_large\":\"https:\\\/\\\/www.lauriecornillon.com\\\/wp-content\\\/uploads\\\/sites\\\/5\\\/2022\\\/07\\\/mariage-saint-paul-de-vence-27-768x512.jpg\",\"large\":\"https:\\\/\\\/www.lauriecornillon.com\\\/wp-content\\\/uploads\\\/sites\\\/5\\\/2022\\\/07\\\/mariage-saint-paul-de-vence-27-1024x683.jpg\",\"1536x1536\":\"https:\\\/\\\/www.lauriecornillon.com\\\/wp-content\\\/uploads\\\/sites\\\/5\\\/2022\\\/07\\\/mariage-saint-paul-de-vence-27-1536x1025.jpg\",\"2048x2048\":\"https:\\\/\\\/www.lauriecornillon.com\\\/wp-content\\\/uploads\\\/sites\\\/5\\\/2022\\\/07\\\/mariage-saint-paul-de-vence-27-2048x1366.jpg\",\"trp-custom-language-flag\":\"https:\\\/\\\/www.lauriecornillon.com\\\/wp-content\\\/uploads\\\/sites\\\/5\\\/2022\\\/07\\\/mariage-saint-paul-de-vence-27.jpg\",\"et-pb-post-main-image\":\"https:\\\/\\\/www.lauriecornillon.com\\\/wp-content\\\/uploads\\\/sites\\\/5\\\/2022\\\/07\\\/mariage-saint-paul-de-vence-27-400x250.jpg\",\"et-pb-post-main-image-fullwidth\":\"https:\\\/\\\/www.lauriecornillon.com\\\/wp-content\\\/uploads\\\/sites\\\/5\\\/2022\\\/07\\\/mariage-saint-paul-de-vence-27-1080x675.jpg\",\"et-pb-portfolio-image\":\"https:\\\/\\\/www.lauriecornillon.com\\\/wp-content\\\/uploads\\\/sites\\\/5\\\/2022\\\/07\\\/mariage-saint-paul-de-vence-27-400x284.jpg\",\"et-pb-portfolio-module-image\":\"https:\\\/\\\/www.lauriecornillon.com\\\/wp-content\\\/uploads\\\/sites\\\/5\\\/2022\\\/07\\\/mariage-saint-paul-de-vence-27-510x382.jpg\",\"et-pb-portfolio-image-single\":\"https:\\\/\\\/www.lauriecornillon.com\\\/wp-content\\\/uploads\\\/sites\\\/5\\\/2022\\\/07\\\/mariage-saint-paul-de-vence-27-1080x721.jpg\",\"et-pb-gallery-module-image-portrait\":\"https:\\\/\\\/www.lauriecornillon.com\\\/wp-content\\\/uploads\\\/sites\\\/5\\\/2022\\\/07\\\/mariage-saint-paul-de-vence-27-400x516.jpg\",\"et-pb-post-main-image-fullwidth-large\":\"https:\\\/\\\/www.lauriecornillon.com\\\/wp-content\\\/uploads\\\/sites\\\/5\\\/2022\\\/07\\\/mariage-saint-paul-de-vence-27.jpg\",\"et-pb-image--responsive--desktop\":\"https:\\\/\\\/www.lauriecornillon.com\\\/wp-content\\\/uploads\\\/sites\\\/5\\\/2022\\\/07\\\/mariage-saint-paul-de-vence-27-1280x854.jpg\",\"et-pb-image--responsive--tablet\":\"https:\\\/\\\/www.lauriecornillon.com\\\/wp-content\\\/uploads\\\/sites\\\/5\\\/2022\\\/07\\\/mariage-saint-paul-de-vence-27-980x654.jpg\",\"et-pb-image--responsive--phone\":\"https:\\\/\\\/www.lauriecornillon.com\\\/wp-content\\\/uploads\\\/sites\\\/5\\\/2022\\\/07\\\/mariage-saint-paul-de-vence-27-480x320.jpg\",\"full\":\"https:\\\/\\\/www.lauriecornillon.com\\\/wp-content\\\/uploads\\\/sites\\\/5\\\/2022\\\/07\\\/mariage-saint-paul-de-vence-27.jpg\",\"index\":26,\"id\":28685,\"video\":false,\"opts\":{\"caption\":\"\",\"thumb\":\"https:\\\/\\\/www.lauriecornillon.com\\\/wp-content\\\/uploads\\\/sites\\\/5\\\/2022\\\/07\\\/mariage-saint-paul-de-vence-27-100x75_c.jpg\",\"title\":\"mariage-saint-paul-de-vence-27\"},\"gallery_id\":28572},{\"status\":\"active\",\"src\":\"https:\\\/\\\/www.lauriecornillon.com\\\/wp-content\\\/uploads\\\/sites\\\/5\\\/2022\\\/07\\\/mariage-saint-paul-de-vence-28.jpg\",\"title\":\"mariage-saint-paul-de-vence-28\",\"link\":\"https:\\\/\\\/www.lauriecornillon.com\\\/wp-content\\\/uploads\\\/sites\\\/5\\\/2022\\\/07\\\/mariage-saint-paul-de-vence-28.jpg\",\"alt\":\"\",\"caption\":false,\"thumb\":\"https:\\\/\\\/www.lauriecornillon.com\\\/wp-content\\\/uploads\\\/sites\\\/5\\\/2022\\\/07\\\/mariage-saint-paul-de-vence-28-100x75_c.jpg\",\"meta\":{\"aperture\":null,\"credit\":null,\"camera\":null,\"caption\":\"\",\"created_timestamp\":null,\"copyright\":null,\"focal_length\":null,\"iso\":null,\"shutter_speed\":null,\"title\":\"\",\"orientation\":null,\"keywords\":null,\"resized_images\":null},\"thumbnail\":\"https:\\\/\\\/www.lauriecornillon.com\\\/wp-content\\\/uploads\\\/sites\\\/5\\\/2022\\\/07\\\/mariage-saint-paul-de-vence-28-150x150.jpg\",\"medium\":\"https:\\\/\\\/www.lauriecornillon.com\\\/wp-content\\\/uploads\\\/sites\\\/5\\\/2022\\\/07\\\/mariage-saint-paul-de-vence-28-300x200.jpg\",\"medium_large\":\"https:\\\/\\\/www.lauriecornillon.com\\\/wp-content\\\/uploads\\\/sites\\\/5\\\/2022\\\/07\\\/mariage-saint-paul-de-vence-28-768x512.jpg\",\"large\":\"https:\\\/\\\/www.lauriecornillon.com\\\/wp-content\\\/uploads\\\/sites\\\/5\\\/2022\\\/07\\\/mariage-saint-paul-de-vence-28-1024x683.jpg\",\"1536x1536\":\"https:\\\/\\\/www.lauriecornillon.com\\\/wp-content\\\/uploads\\\/sites\\\/5\\\/2022\\\/07\\\/mariage-saint-paul-de-vence-28-1536x1025.jpg\",\"2048x2048\":\"https:\\\/\\\/www.lauriecornillon.com\\\/wp-content\\\/uploads\\\/sites\\\/5\\\/2022\\\/07\\\/mariage-saint-paul-de-vence-28-2048x1366.jpg\",\"trp-custom-language-flag\":\"https:\\\/\\\/www.lauriecornillon.com\\\/wp-content\\\/uploads\\\/sites\\\/5\\\/2022\\\/07\\\/mariage-saint-paul-de-vence-28.jpg\",\"et-pb-post-main-image\":\"https:\\\/\\\/www.lauriecornillon.com\\\/wp-content\\\/uploads\\\/sites\\\/5\\\/2022\\\/07\\\/mariage-saint-paul-de-vence-28-400x250.jpg\",\"et-pb-post-main-image-fullwidth\":\"https:\\\/\\\/www.lauriecornillon.com\\\/wp-content\\\/uploads\\\/sites\\\/5\\\/2022\\\/07\\\/mariage-saint-paul-de-vence-28-1080x675.jpg\",\"et-pb-portfolio-image\":\"https:\\\/\\\/www.lauriecornillon.com\\\/wp-content\\\/uploads\\\/sites\\\/5\\\/2022\\\/07\\\/mariage-saint-paul-de-vence-28-400x284.jpg\",\"et-pb-portfolio-module-image\":\"https:\\\/\\\/www.lauriecornillon.com\\\/wp-content\\\/uploads\\\/sites\\\/5\\\/2022\\\/07\\\/mariage-saint-paul-de-vence-28-510x382.jpg\",\"et-pb-portfolio-image-single\":\"https:\\\/\\\/www.lauriecornillon.com\\\/wp-content\\\/uploads\\\/sites\\\/5\\\/2022\\\/07\\\/mariage-saint-paul-de-vence-28-1080x721.jpg\",\"et-pb-gallery-module-image-portrait\":\"https:\\\/\\\/www.lauriecornillon.com\\\/wp-content\\\/uploads\\\/sites\\\/5\\\/2022\\\/07\\\/mariage-saint-paul-de-vence-28-400x516.jpg\",\"et-pb-post-main-image-fullwidth-large\":\"https:\\\/\\\/www.lauriecornillon.com\\\/wp-content\\\/uploads\\\/sites\\\/5\\\/2022\\\/07\\\/mariage-saint-paul-de-vence-28.jpg\",\"et-pb-image--responsive--desktop\":\"https:\\\/\\\/www.lauriecornillon.com\\\/wp-content\\\/uploads\\\/sites\\\/5\\\/2022\\\/07\\\/mariage-saint-paul-de-vence-28-1280x854.jpg\",\"et-pb-image--responsive--tablet\":\"https:\\\/\\\/www.lauriecornillon.com\\\/wp-content\\\/uploads\\\/sites\\\/5\\\/2022\\\/07\\\/mariage-saint-paul-de-vence-28-980x654.jpg\",\"et-pb-image--responsive--phone\":\"https:\\\/\\\/www.lauriecornillon.com\\\/wp-content\\\/uploads\\\/sites\\\/5\\\/2022\\\/07\\\/mariage-saint-paul-de-vence-28-480x320.jpg\",\"full\":\"https:\\\/\\\/www.lauriecornillon.com\\\/wp-content\\\/uploads\\\/sites\\\/5\\\/2022\\\/07\\\/mariage-saint-paul-de-vence-28.jpg\",\"index\":27,\"id\":28690,\"video\":false,\"opts\":{\"caption\":\"\",\"thumb\":\"https:\\\/\\\/www.lauriecornillon.com\\\/wp-content\\\/uploads\\\/sites\\\/5\\\/2022\\\/07\\\/mariage-saint-paul-de-vence-28-100x75_c.jpg\",\"title\":\"mariage-saint-paul-de-vence-28\"},\"gallery_id\":28572},{\"status\":\"active\",\"src\":\"https:\\\/\\\/www.lauriecornillon.com\\\/wp-content\\\/uploads\\\/sites\\\/5\\\/2022\\\/07\\\/mariage-saint-paul-de-vence-29.jpg\",\"title\":\"mariage-saint-paul-de-vence-29\",\"link\":\"https:\\\/\\\/www.lauriecornillon.com\\\/wp-content\\\/uploads\\\/sites\\\/5\\\/2022\\\/07\\\/mariage-saint-paul-de-vence-29.jpg\",\"alt\":\"\",\"caption\":false,\"thumb\":\"https:\\\/\\\/www.lauriecornillon.com\\\/wp-content\\\/uploads\\\/sites\\\/5\\\/2022\\\/07\\\/mariage-saint-paul-de-vence-29-100x75_c.jpg\",\"meta\":{\"aperture\":null,\"credit\":null,\"camera\":null,\"caption\":\"\",\"created_timestamp\":null,\"copyright\":null,\"focal_length\":null,\"iso\":null,\"shutter_speed\":null,\"title\":\"\",\"orientation\":null,\"keywords\":null,\"resized_images\":null},\"thumbnail\":\"https:\\\/\\\/www.lauriecornillon.com\\\/wp-content\\\/uploads\\\/sites\\\/5\\\/2022\\\/07\\\/mariage-saint-paul-de-vence-29-150x150.jpg\",\"medium\":\"https:\\\/\\\/www.lauriecornillon.com\\\/wp-content\\\/uploads\\\/sites\\\/5\\\/2022\\\/07\\\/mariage-saint-paul-de-vence-29-300x200.jpg\",\"medium_large\":\"https:\\\/\\\/www.lauriecornillon.com\\\/wp-content\\\/uploads\\\/sites\\\/5\\\/2022\\\/07\\\/mariage-saint-paul-de-vence-29-768x512.jpg\",\"large\":\"https:\\\/\\\/www.lauriecornillon.com\\\/wp-content\\\/uploads\\\/sites\\\/5\\\/2022\\\/07\\\/mariage-saint-paul-de-vence-29-1024x683.jpg\",\"1536x1536\":\"https:\\\/\\\/www.lauriecornillon.com\\\/wp-content\\\/uploads\\\/sites\\\/5\\\/2022\\\/07\\\/mariage-saint-paul-de-vence-29-1536x1025.jpg\",\"2048x2048\":\"https:\\\/\\\/www.lauriecornillon.com\\\/wp-content\\\/uploads\\\/sites\\\/5\\\/2022\\\/07\\\/mariage-saint-paul-de-vence-29-2048x1366.jpg\",\"trp-custom-language-flag\":\"https:\\\/\\\/www.lauriecornillon.com\\\/wp-content\\\/uploads\\\/sites\\\/5\\\/2022\\\/07\\\/mariage-saint-paul-de-vence-29.jpg\",\"et-pb-post-main-image\":\"https:\\\/\\\/www.lauriecornillon.com\\\/wp-content\\\/uploads\\\/sites\\\/5\\\/2022\\\/07\\\/mariage-saint-paul-de-vence-29-400x250.jpg\",\"et-pb-post-main-image-fullwidth\":\"https:\\\/\\\/www.lauriecornillon.com\\\/wp-content\\\/uploads\\\/sites\\\/5\\\/2022\\\/07\\\/mariage-saint-paul-de-vence-29-1080x675.jpg\",\"et-pb-portfolio-image\":\"https:\\\/\\\/www.lauriecornillon.com\\\/wp-content\\\/uploads\\\/sites\\\/5\\\/2022\\\/07\\\/mariage-saint-paul-de-vence-29-400x284.jpg\",\"et-pb-portfolio-module-image\":\"https:\\\/\\\/www.lauriecornillon.com\\\/wp-content\\\/uploads\\\/sites\\\/5\\\/2022\\\/07\\\/mariage-saint-paul-de-vence-29-510x382.jpg\",\"et-pb-portfolio-image-single\":\"https:\\\/\\\/www.lauriecornillon.com\\\/wp-content\\\/uploads\\\/sites\\\/5\\\/2022\\\/07\\\/mariage-saint-paul-de-vence-29-1080x721.jpg\",\"et-pb-gallery-module-image-portrait\":\"https:\\\/\\\/www.lauriecornillon.com\\\/wp-content\\\/uploads\\\/sites\\\/5\\\/2022\\\/07\\\/mariage-saint-paul-de-vence-29-400x516.jpg\",\"et-pb-post-main-image-fullwidth-large\":\"https:\\\/\\\/www.lauriecornillon.com\\\/wp-content\\\/uploads\\\/sites\\\/5\\\/2022\\\/07\\\/mariage-saint-paul-de-vence-29.jpg\",\"et-pb-image--responsive--desktop\":\"https:\\\/\\\/www.lauriecornillon.com\\\/wp-content\\\/uploads\\\/sites\\\/5\\\/2022\\\/07\\\/mariage-saint-paul-de-vence-29-1280x854.jpg\",\"et-pb-image--responsive--tablet\":\"https:\\\/\\\/www.lauriecornillon.com\\\/wp-content\\\/uploads\\\/sites\\\/5\\\/2022\\\/07\\\/mariage-saint-paul-de-vence-29-980x654.jpg\",\"et-pb-image--responsive--phone\":\"https:\\\/\\\/www.lauriecornillon.com\\\/wp-content\\\/uploads\\\/sites\\\/5\\\/2022\\\/07\\\/mariage-saint-paul-de-vence-29-480x320.jpg\",\"full\":\"https:\\\/\\\/www.lauriecornillon.com\\\/wp-content\\\/uploads\\\/sites\\\/5\\\/2022\\\/07\\\/mariage-saint-paul-de-vence-29.jpg\",\"index\":28,\"id\":28696,\"video\":false,\"opts\":{\"caption\":\"\",\"thumb\":\"https:\\\/\\\/www.lauriecornillon.com\\\/wp-content\\\/uploads\\\/sites\\\/5\\\/2022\\\/07\\\/mariage-saint-paul-de-vence-29-100x75_c.jpg\",\"title\":\"mariage-saint-paul-de-vence-29\"},\"gallery_id\":28572},{\"status\":\"active\",\"src\":\"https:\\\/\\\/www.lauriecornillon.com\\\/wp-content\\\/uploads\\\/sites\\\/5\\\/2022\\\/07\\\/mariage-saint-paul-de-vence-30.jpg\",\"title\":\"mariage-saint-paul-de-vence-30\",\"link\":\"https:\\\/\\\/www.lauriecornillon.com\\\/wp-content\\\/uploads\\\/sites\\\/5\\\/2022\\\/07\\\/mariage-saint-paul-de-vence-30.jpg\",\"alt\":\"\",\"caption\":false,\"thumb\":\"https:\\\/\\\/www.lauriecornillon.com\\\/wp-content\\\/uploads\\\/sites\\\/5\\\/2022\\\/07\\\/mariage-saint-paul-de-vence-30-100x75_c.jpg\",\"meta\":{\"aperture\":null,\"credit\":null,\"camera\":null,\"caption\":\"\",\"created_timestamp\":null,\"copyright\":null,\"focal_length\":null,\"iso\":null,\"shutter_speed\":null,\"title\":\"\",\"orientation\":null,\"keywords\":null,\"resized_images\":null},\"thumbnail\":\"https:\\\/\\\/www.lauriecornillon.com\\\/wp-content\\\/uploads\\\/sites\\\/5\\\/2022\\\/07\\\/mariage-saint-paul-de-vence-30-150x150.jpg\",\"medium\":\"https:\\\/\\\/www.lauriecornillon.com\\\/wp-content\\\/uploads\\\/sites\\\/5\\\/2022\\\/07\\\/mariage-saint-paul-de-vence-30-300x200.jpg\",\"medium_large\":\"https:\\\/\\\/www.lauriecornillon.com\\\/wp-content\\\/uploads\\\/sites\\\/5\\\/2022\\\/07\\\/mariage-saint-paul-de-vence-30-768x512.jpg\",\"large\":\"https:\\\/\\\/www.lauriecornillon.com\\\/wp-content\\\/uploads\\\/sites\\\/5\\\/2022\\\/07\\\/mariage-saint-paul-de-vence-30-1024x683.jpg\",\"1536x1536\":\"https:\\\/\\\/www.lauriecornillon.com\\\/wp-content\\\/uploads\\\/sites\\\/5\\\/2022\\\/07\\\/mariage-saint-paul-de-vence-30-1536x1025.jpg\",\"2048x2048\":\"https:\\\/\\\/www.lauriecornillon.com\\\/wp-content\\\/uploads\\\/sites\\\/5\\\/2022\\\/07\\\/mariage-saint-paul-de-vence-30-2048x1366.jpg\",\"trp-custom-language-flag\":\"https:\\\/\\\/www.lauriecornillon.com\\\/wp-content\\\/uploads\\\/sites\\\/5\\\/2022\\\/07\\\/mariage-saint-paul-de-vence-30.jpg\",\"et-pb-post-main-image\":\"https:\\\/\\\/www.lauriecornillon.com\\\/wp-content\\\/uploads\\\/sites\\\/5\\\/2022\\\/07\\\/mariage-saint-paul-de-vence-30-400x250.jpg\",\"et-pb-post-main-image-fullwidth\":\"https:\\\/\\\/www.lauriecornillon.com\\\/wp-content\\\/uploads\\\/sites\\\/5\\\/2022\\\/07\\\/mariage-saint-paul-de-vence-30-1080x675.jpg\",\"et-pb-portfolio-image\":\"https:\\\/\\\/www.lauriecornillon.com\\\/wp-content\\\/uploads\\\/sites\\\/5\\\/2022\\\/07\\\/mariage-saint-paul-de-vence-30-400x284.jpg\",\"et-pb-portfolio-module-image\":\"https:\\\/\\\/www.lauriecornillon.com\\\/wp-content\\\/uploads\\\/sites\\\/5\\\/2022\\\/07\\\/mariage-saint-paul-de-vence-30-510x382.jpg\",\"et-pb-portfolio-image-single\":\"https:\\\/\\\/www.lauriecornillon.com\\\/wp-content\\\/uploads\\\/sites\\\/5\\\/2022\\\/07\\\/mariage-saint-paul-de-vence-30-1080x721.jpg\",\"et-pb-gallery-module-image-portrait\":\"https:\\\/\\\/www.lauriecornillon.com\\\/wp-content\\\/uploads\\\/sites\\\/5\\\/2022\\\/07\\\/mariage-saint-paul-de-vence-30-400x516.jpg\",\"et-pb-post-main-image-fullwidth-large\":\"https:\\\/\\\/www.lauriecornillon.com\\\/wp-content\\\/uploads\\\/sites\\\/5\\\/2022\\\/07\\\/mariage-saint-paul-de-vence-30.jpg\",\"et-pb-image--responsive--desktop\":\"https:\\\/\\\/www.lauriecornillon.com\\\/wp-content\\\/uploads\\\/sites\\\/5\\\/2022\\\/07\\\/mariage-saint-paul-de-vence-30-1280x854.jpg\",\"et-pb-image--responsive--tablet\":\"https:\\\/\\\/www.lauriecornillon.com\\\/wp-content\\\/uploads\\\/sites\\\/5\\\/2022\\\/07\\\/mariage-saint-paul-de-vence-30-980x654.jpg\",\"et-pb-image--responsive--phone\":\"https:\\\/\\\/www.lauriecornillon.com\\\/wp-content\\\/uploads\\\/sites\\\/5\\\/2022\\\/07\\\/mariage-saint-paul-de-vence-30-480x320.jpg\",\"full\":\"https:\\\/\\\/www.lauriecornillon.com\\\/wp-content\\\/uploads\\\/sites\\\/5\\\/2022\\\/07\\\/mariage-saint-paul-de-vence-30.jpg\",\"index\":29,\"id\":28701,\"video\":false,\"opts\":{\"caption\":\"\",\"thumb\":\"https:\\\/\\\/www.lauriecornillon.com\\\/wp-content\\\/uploads\\\/sites\\\/5\\\/2022\\\/07\\\/mariage-saint-paul-de-vence-30-100x75_c.jpg\",\"title\":\"mariage-saint-paul-de-vence-30\"},\"gallery_id\":28572},{\"status\":\"active\",\"src\":\"https:\\\/\\\/www.lauriecornillon.com\\\/wp-content\\\/uploads\\\/sites\\\/5\\\/2022\\\/07\\\/mariage-saint-paul-de-vence-31.jpg\",\"title\":\"mariage-saint-paul-de-vence-31\",\"link\":\"https:\\\/\\\/www.lauriecornillon.com\\\/wp-content\\\/uploads\\\/sites\\\/5\\\/2022\\\/07\\\/mariage-saint-paul-de-vence-31.jpg\",\"alt\":\"\",\"caption\":false,\"thumb\":\"https:\\\/\\\/www.lauriecornillon.com\\\/wp-content\\\/uploads\\\/sites\\\/5\\\/2022\\\/07\\\/mariage-saint-paul-de-vence-31-100x75_c.jpg\",\"meta\":{\"aperture\":null,\"credit\":null,\"camera\":null,\"caption\":\"\",\"created_timestamp\":null,\"copyright\":null,\"focal_length\":null,\"iso\":null,\"shutter_speed\":null,\"title\":\"\",\"orientation\":null,\"keywords\":null,\"resized_images\":null},\"thumbnail\":\"https:\\\/\\\/www.lauriecornillon.com\\\/wp-content\\\/uploads\\\/sites\\\/5\\\/2022\\\/07\\\/mariage-saint-paul-de-vence-31-150x150.jpg\",\"medium\":\"https:\\\/\\\/www.lauriecornillon.com\\\/wp-content\\\/uploads\\\/sites\\\/5\\\/2022\\\/07\\\/mariage-saint-paul-de-vence-31-300x200.jpg\",\"medium_large\":\"https:\\\/\\\/www.lauriecornillon.com\\\/wp-content\\\/uploads\\\/sites\\\/5\\\/2022\\\/07\\\/mariage-saint-paul-de-vence-31-768x512.jpg\",\"large\":\"https:\\\/\\\/www.lauriecornillon.com\\\/wp-content\\\/uploads\\\/sites\\\/5\\\/2022\\\/07\\\/mariage-saint-paul-de-vence-31-1024x683.jpg\",\"1536x1536\":\"https:\\\/\\\/www.lauriecornillon.com\\\/wp-content\\\/uploads\\\/sites\\\/5\\\/2022\\\/07\\\/mariage-saint-paul-de-vence-31-1536x1025.jpg\",\"2048x2048\":\"https:\\\/\\\/www.lauriecornillon.com\\\/wp-content\\\/uploads\\\/sites\\\/5\\\/2022\\\/07\\\/mariage-saint-paul-de-vence-31-2048x1366.jpg\",\"trp-custom-language-flag\":\"https:\\\/\\\/www.lauriecornillon.com\\\/wp-content\\\/uploads\\\/sites\\\/5\\\/2022\\\/07\\\/mariage-saint-paul-de-vence-31.jpg\",\"et-pb-post-main-image\":\"https:\\\/\\\/www.lauriecornillon.com\\\/wp-content\\\/uploads\\\/sites\\\/5\\\/2022\\\/07\\\/mariage-saint-paul-de-vence-31-400x250.jpg\",\"et-pb-post-main-image-fullwidth\":\"https:\\\/\\\/www.lauriecornillon.com\\\/wp-content\\\/uploads\\\/sites\\\/5\\\/2022\\\/07\\\/mariage-saint-paul-de-vence-31-1080x675.jpg\",\"et-pb-portfolio-image\":\"https:\\\/\\\/www.lauriecornillon.com\\\/wp-content\\\/uploads\\\/sites\\\/5\\\/2022\\\/07\\\/mariage-saint-paul-de-vence-31-400x284.jpg\",\"et-pb-portfolio-module-image\":\"https:\\\/\\\/www.lauriecornillon.com\\\/wp-content\\\/uploads\\\/sites\\\/5\\\/2022\\\/07\\\/mariage-saint-paul-de-vence-31-510x382.jpg\",\"et-pb-portfolio-image-single\":\"https:\\\/\\\/www.lauriecornillon.com\\\/wp-content\\\/uploads\\\/sites\\\/5\\\/2022\\\/07\\\/mariage-saint-paul-de-vence-31-1080x721.jpg\",\"et-pb-gallery-module-image-portrait\":\"https:\\\/\\\/www.lauriecornillon.com\\\/wp-content\\\/uploads\\\/sites\\\/5\\\/2022\\\/07\\\/mariage-saint-paul-de-vence-31-400x516.jpg\",\"et-pb-post-main-image-fullwidth-large\":\"https:\\\/\\\/www.lauriecornillon.com\\\/wp-content\\\/uploads\\\/sites\\\/5\\\/2022\\\/07\\\/mariage-saint-paul-de-vence-31.jpg\",\"et-pb-image--responsive--desktop\":\"https:\\\/\\\/www.lauriecornillon.com\\\/wp-content\\\/uploads\\\/sites\\\/5\\\/2022\\\/07\\\/mariage-saint-paul-de-vence-31-1280x854.jpg\",\"et-pb-image--responsive--tablet\":\"https:\\\/\\\/www.lauriecornillon.com\\\/wp-content\\\/uploads\\\/sites\\\/5\\\/2022\\\/07\\\/mariage-saint-paul-de-vence-31-980x654.jpg\",\"et-pb-image--responsive--phone\":\"https:\\\/\\\/www.lauriecornillon.com\\\/wp-content\\\/uploads\\\/sites\\\/5\\\/2022\\\/07\\\/mariage-saint-paul-de-vence-31-480x320.jpg\",\"full\":\"https:\\\/\\\/www.lauriecornillon.com\\\/wp-content\\\/uploads\\\/sites\\\/5\\\/2022\\\/07\\\/mariage-saint-paul-de-vence-31.jpg\",\"index\":30,\"id\":28706,\"video\":false,\"opts\":{\"caption\":\"\",\"thumb\":\"https:\\\/\\\/www.lauriecornillon.com\\\/wp-content\\\/uploads\\\/sites\\\/5\\\/2022\\\/07\\\/mariage-saint-paul-de-vence-31-100x75_c.jpg\",\"title\":\"mariage-saint-paul-de-vence-31\"},\"gallery_id\":28572},{\"status\":\"active\",\"src\":\"https:\\\/\\\/www.lauriecornillon.com\\\/wp-content\\\/uploads\\\/sites\\\/5\\\/2022\\\/07\\\/mariage-saint-paul-de-vence-32.jpg\",\"title\":\"mariage-saint-paul-de-vence-32\",\"link\":\"https:\\\/\\\/www.lauriecornillon.com\\\/wp-content\\\/uploads\\\/sites\\\/5\\\/2022\\\/07\\\/mariage-saint-paul-de-vence-32.jpg\",\"alt\":\"\",\"caption\":false,\"thumb\":\"https:\\\/\\\/www.lauriecornillon.com\\\/wp-content\\\/uploads\\\/sites\\\/5\\\/2022\\\/07\\\/mariage-saint-paul-de-vence-32-100x75_c.jpg\",\"meta\":{\"aperture\":null,\"credit\":null,\"camera\":null,\"caption\":\"\",\"created_timestamp\":null,\"copyright\":null,\"focal_length\":null,\"iso\":null,\"shutter_speed\":null,\"title\":\"\",\"orientation\":null,\"keywords\":null,\"resized_images\":null},\"thumbnail\":\"https:\\\/\\\/www.lauriecornillon.com\\\/wp-content\\\/uploads\\\/sites\\\/5\\\/2022\\\/07\\\/mariage-saint-paul-de-vence-32-150x150.jpg\",\"medium\":\"https:\\\/\\\/www.lauriecornillon.com\\\/wp-content\\\/uploads\\\/sites\\\/5\\\/2022\\\/07\\\/mariage-saint-paul-de-vence-32-300x200.jpg\",\"medium_large\":\"https:\\\/\\\/www.lauriecornillon.com\\\/wp-content\\\/uploads\\\/sites\\\/5\\\/2022\\\/07\\\/mariage-saint-paul-de-vence-32-768x512.jpg\",\"large\":\"https:\\\/\\\/www.lauriecornillon.com\\\/wp-content\\\/uploads\\\/sites\\\/5\\\/2022\\\/07\\\/mariage-saint-paul-de-vence-32-1024x683.jpg\",\"1536x1536\":\"https:\\\/\\\/www.lauriecornillon.com\\\/wp-content\\\/uploads\\\/sites\\\/5\\\/2022\\\/07\\\/mariage-saint-paul-de-vence-32-1536x1025.jpg\",\"2048x2048\":\"https:\\\/\\\/www.lauriecornillon.com\\\/wp-content\\\/uploads\\\/sites\\\/5\\\/2022\\\/07\\\/mariage-saint-paul-de-vence-32-2048x1366.jpg\",\"trp-custom-language-flag\":\"https:\\\/\\\/www.lauriecornillon.com\\\/wp-content\\\/uploads\\\/sites\\\/5\\\/2022\\\/07\\\/mariage-saint-paul-de-vence-32.jpg\",\"et-pb-post-main-image\":\"https:\\\/\\\/www.lauriecornillon.com\\\/wp-content\\\/uploads\\\/sites\\\/5\\\/2022\\\/07\\\/mariage-saint-paul-de-vence-32-400x250.jpg\",\"et-pb-post-main-image-fullwidth\":\"https:\\\/\\\/www.lauriecornillon.com\\\/wp-content\\\/uploads\\\/sites\\\/5\\\/2022\\\/07\\\/mariage-saint-paul-de-vence-32-1080x675.jpg\",\"et-pb-portfolio-image\":\"https:\\\/\\\/www.lauriecornillon.com\\\/wp-content\\\/uploads\\\/sites\\\/5\\\/2022\\\/07\\\/mariage-saint-paul-de-vence-32-400x284.jpg\",\"et-pb-portfolio-module-image\":\"https:\\\/\\\/www.lauriecornillon.com\\\/wp-content\\\/uploads\\\/sites\\\/5\\\/2022\\\/07\\\/mariage-saint-paul-de-vence-32-510x382.jpg\",\"et-pb-portfolio-image-single\":\"https:\\\/\\\/www.lauriecornillon.com\\\/wp-content\\\/uploads\\\/sites\\\/5\\\/2022\\\/07\\\/mariage-saint-paul-de-vence-32-1080x721.jpg\",\"et-pb-gallery-module-image-portrait\":\"https:\\\/\\\/www.lauriecornillon.com\\\/wp-content\\\/uploads\\\/sites\\\/5\\\/2022\\\/07\\\/mariage-saint-paul-de-vence-32-400x516.jpg\",\"et-pb-post-main-image-fullwidth-large\":\"https:\\\/\\\/www.lauriecornillon.com\\\/wp-content\\\/uploads\\\/sites\\\/5\\\/2022\\\/07\\\/mariage-saint-paul-de-vence-32.jpg\",\"et-pb-image--responsive--desktop\":\"https:\\\/\\\/www.lauriecornillon.com\\\/wp-content\\\/uploads\\\/sites\\\/5\\\/2022\\\/07\\\/mariage-saint-paul-de-vence-32-1280x854.jpg\",\"et-pb-image--responsive--tablet\":\"https:\\\/\\\/www.lauriecornillon.com\\\/wp-content\\\/uploads\\\/sites\\\/5\\\/2022\\\/07\\\/mariage-saint-paul-de-vence-32-980x654.jpg\",\"et-pb-image--responsive--phone\":\"https:\\\/\\\/www.lauriecornillon.com\\\/wp-content\\\/uploads\\\/sites\\\/5\\\/2022\\\/07\\\/mariage-saint-paul-de-vence-32-480x320.jpg\",\"full\":\"https:\\\/\\\/www.lauriecornillon.com\\\/wp-content\\\/uploads\\\/sites\\\/5\\\/2022\\\/07\\\/mariage-saint-paul-de-vence-32.jpg\",\"index\":31,\"id\":28711,\"video\":false,\"opts\":{\"caption\":\"\",\"thumb\":\"https:\\\/\\\/www.lauriecornillon.com\\\/wp-content\\\/uploads\\\/sites\\\/5\\\/2022\\\/07\\\/mariage-saint-paul-de-vence-32-100x75_c.jpg\",\"title\":\"mariage-saint-paul-de-vence-32\"},\"gallery_id\":28572},{\"status\":\"active\",\"src\":\"https:\\\/\\\/www.lauriecornillon.com\\\/wp-content\\\/uploads\\\/sites\\\/5\\\/2022\\\/07\\\/mariage-saint-paul-de-vence-33.jpg\",\"title\":\"mariage-saint-paul-de-vence-33\",\"link\":\"https:\\\/\\\/www.lauriecornillon.com\\\/wp-content\\\/uploads\\\/sites\\\/5\\\/2022\\\/07\\\/mariage-saint-paul-de-vence-33.jpg\",\"alt\":\"\",\"caption\":false,\"thumb\":\"https:\\\/\\\/www.lauriecornillon.com\\\/wp-content\\\/uploads\\\/sites\\\/5\\\/2022\\\/07\\\/mariage-saint-paul-de-vence-33-100x75_c.jpg\",\"meta\":{\"aperture\":null,\"credit\":null,\"camera\":null,\"caption\":\"\",\"created_timestamp\":null,\"copyright\":null,\"focal_length\":null,\"iso\":null,\"shutter_speed\":null,\"title\":\"\",\"orientation\":null,\"keywords\":null,\"resized_images\":null},\"thumbnail\":\"https:\\\/\\\/www.lauriecornillon.com\\\/wp-content\\\/uploads\\\/sites\\\/5\\\/2022\\\/07\\\/mariage-saint-paul-de-vence-33-150x150.jpg\",\"medium\":\"https:\\\/\\\/www.lauriecornillon.com\\\/wp-content\\\/uploads\\\/sites\\\/5\\\/2022\\\/07\\\/mariage-saint-paul-de-vence-33-300x200.jpg\",\"medium_large\":\"https:\\\/\\\/www.lauriecornillon.com\\\/wp-content\\\/uploads\\\/sites\\\/5\\\/2022\\\/07\\\/mariage-saint-paul-de-vence-33-768x512.jpg\",\"large\":\"https:\\\/\\\/www.lauriecornillon.com\\\/wp-content\\\/uploads\\\/sites\\\/5\\\/2022\\\/07\\\/mariage-saint-paul-de-vence-33-1024x683.jpg\",\"1536x1536\":\"https:\\\/\\\/www.lauriecornillon.com\\\/wp-content\\\/uploads\\\/sites\\\/5\\\/2022\\\/07\\\/mariage-saint-paul-de-vence-33-1536x1025.jpg\",\"2048x2048\":\"https:\\\/\\\/www.lauriecornillon.com\\\/wp-content\\\/uploads\\\/sites\\\/5\\\/2022\\\/07\\\/mariage-saint-paul-de-vence-33-2048x1366.jpg\",\"trp-custom-language-flag\":\"https:\\\/\\\/www.lauriecornillon.com\\\/wp-content\\\/uploads\\\/sites\\\/5\\\/2022\\\/07\\\/mariage-saint-paul-de-vence-33.jpg\",\"et-pb-post-main-image\":\"https:\\\/\\\/www.lauriecornillon.com\\\/wp-content\\\/uploads\\\/sites\\\/5\\\/2022\\\/07\\\/mariage-saint-paul-de-vence-33-400x250.jpg\",\"et-pb-post-main-image-fullwidth\":\"https:\\\/\\\/www.lauriecornillon.com\\\/wp-content\\\/uploads\\\/sites\\\/5\\\/2022\\\/07\\\/mariage-saint-paul-de-vence-33-1080x675.jpg\",\"et-pb-portfolio-image\":\"https:\\\/\\\/www.lauriecornillon.com\\\/wp-content\\\/uploads\\\/sites\\\/5\\\/2022\\\/07\\\/mariage-saint-paul-de-vence-33-400x284.jpg\",\"et-pb-portfolio-module-image\":\"https:\\\/\\\/www.lauriecornillon.com\\\/wp-content\\\/uploads\\\/sites\\\/5\\\/2022\\\/07\\\/mariage-saint-paul-de-vence-33-510x382.jpg\",\"et-pb-portfolio-image-single\":\"https:\\\/\\\/www.lauriecornillon.com\\\/wp-content\\\/uploads\\\/sites\\\/5\\\/2022\\\/07\\\/mariage-saint-paul-de-vence-33-1080x721.jpg\",\"et-pb-gallery-module-image-portrait\":\"https:\\\/\\\/www.lauriecornillon.com\\\/wp-content\\\/uploads\\\/sites\\\/5\\\/2022\\\/07\\\/mariage-saint-paul-de-vence-33-400x516.jpg\",\"et-pb-post-main-image-fullwidth-large\":\"https:\\\/\\\/www.lauriecornillon.com\\\/wp-content\\\/uploads\\\/sites\\\/5\\\/2022\\\/07\\\/mariage-saint-paul-de-vence-33.jpg\",\"et-pb-image--responsive--desktop\":\"https:\\\/\\\/www.lauriecornillon.com\\\/wp-content\\\/uploads\\\/sites\\\/5\\\/2022\\\/07\\\/mariage-saint-paul-de-vence-33-1280x854.jpg\",\"et-pb-image--responsive--tablet\":\"https:\\\/\\\/www.lauriecornillon.com\\\/wp-content\\\/uploads\\\/sites\\\/5\\\/2022\\\/07\\\/mariage-saint-paul-de-vence-33-980x654.jpg\",\"et-pb-image--responsive--phone\":\"https:\\\/\\\/www.lauriecornillon.com\\\/wp-content\\\/uploads\\\/sites\\\/5\\\/2022\\\/07\\\/mariage-saint-paul-de-vence-33-480x320.jpg\",\"full\":\"https:\\\/\\\/www.lauriecornillon.com\\\/wp-content\\\/uploads\\\/sites\\\/5\\\/2022\\\/07\\\/mariage-saint-paul-de-vence-33.jpg\",\"index\":32,\"id\":28716,\"video\":false,\"opts\":{\"caption\":\"\",\"thumb\":\"https:\\\/\\\/www.lauriecornillon.com\\\/wp-content\\\/uploads\\\/sites\\\/5\\\/2022\\\/07\\\/mariage-saint-paul-de-vence-33-100x75_c.jpg\",\"title\":\"mariage-saint-paul-de-vence-33\"},\"gallery_id\":28572},{\"status\":\"active\",\"src\":\"https:\\\/\\\/www.lauriecornillon.com\\\/wp-content\\\/uploads\\\/sites\\\/5\\\/2022\\\/07\\\/mariage-saint-paul-de-vence-34.jpg\",\"title\":\"mariage-saint-paul-de-vence-34\",\"link\":\"https:\\\/\\\/www.lauriecornillon.com\\\/wp-content\\\/uploads\\\/sites\\\/5\\\/2022\\\/07\\\/mariage-saint-paul-de-vence-34.jpg\",\"alt\":\"\",\"caption\":false,\"thumb\":\"https:\\\/\\\/www.lauriecornillon.com\\\/wp-content\\\/uploads\\\/sites\\\/5\\\/2022\\\/07\\\/mariage-saint-paul-de-vence-34-100x75_c.jpg\",\"meta\":{\"aperture\":null,\"credit\":null,\"camera\":null,\"caption\":\"\",\"created_timestamp\":null,\"copyright\":null,\"focal_length\":null,\"iso\":null,\"shutter_speed\":null,\"title\":\"\",\"orientation\":null,\"keywords\":null,\"resized_images\":null},\"thumbnail\":\"https:\\\/\\\/www.lauriecornillon.com\\\/wp-content\\\/uploads\\\/sites\\\/5\\\/2022\\\/07\\\/mariage-saint-paul-de-vence-34-150x150.jpg\",\"medium\":\"https:\\\/\\\/www.lauriecornillon.com\\\/wp-content\\\/uploads\\\/sites\\\/5\\\/2022\\\/07\\\/mariage-saint-paul-de-vence-34-300x200.jpg\",\"medium_large\":\"https:\\\/\\\/www.lauriecornillon.com\\\/wp-content\\\/uploads\\\/sites\\\/5\\\/2022\\\/07\\\/mariage-saint-paul-de-vence-34-768x512.jpg\",\"large\":\"https:\\\/\\\/www.lauriecornillon.com\\\/wp-content\\\/uploads\\\/sites\\\/5\\\/2022\\\/07\\\/mariage-saint-paul-de-vence-34-1024x683.jpg\",\"1536x1536\":\"https:\\\/\\\/www.lauriecornillon.com\\\/wp-content\\\/uploads\\\/sites\\\/5\\\/2022\\\/07\\\/mariage-saint-paul-de-vence-34-1536x1025.jpg\",\"2048x2048\":\"https:\\\/\\\/www.lauriecornillon.com\\\/wp-content\\\/uploads\\\/sites\\\/5\\\/2022\\\/07\\\/mariage-saint-paul-de-vence-34-2048x1366.jpg\",\"trp-custom-language-flag\":\"https:\\\/\\\/www.lauriecornillon.com\\\/wp-content\\\/uploads\\\/sites\\\/5\\\/2022\\\/07\\\/mariage-saint-paul-de-vence-34.jpg\",\"et-pb-post-main-image\":\"https:\\\/\\\/www.lauriecornillon.com\\\/wp-content\\\/uploads\\\/sites\\\/5\\\/2022\\\/07\\\/mariage-saint-paul-de-vence-34-400x250.jpg\",\"et-pb-post-main-image-fullwidth\":\"https:\\\/\\\/www.lauriecornillon.com\\\/wp-content\\\/uploads\\\/sites\\\/5\\\/2022\\\/07\\\/mariage-saint-paul-de-vence-34-1080x675.jpg\",\"et-pb-portfolio-image\":\"https:\\\/\\\/www.lauriecornillon.com\\\/wp-content\\\/uploads\\\/sites\\\/5\\\/2022\\\/07\\\/mariage-saint-paul-de-vence-34-400x284.jpg\",\"et-pb-portfolio-module-image\":\"https:\\\/\\\/www.lauriecornillon.com\\\/wp-content\\\/uploads\\\/sites\\\/5\\\/2022\\\/07\\\/mariage-saint-paul-de-vence-34-510x382.jpg\",\"et-pb-portfolio-image-single\":\"https:\\\/\\\/www.lauriecornillon.com\\\/wp-content\\\/uploads\\\/sites\\\/5\\\/2022\\\/07\\\/mariage-saint-paul-de-vence-34-1080x721.jpg\",\"et-pb-gallery-module-image-portrait\":\"https:\\\/\\\/www.lauriecornillon.com\\\/wp-content\\\/uploads\\\/sites\\\/5\\\/2022\\\/07\\\/mariage-saint-paul-de-vence-34-400x516.jpg\",\"et-pb-post-main-image-fullwidth-large\":\"https:\\\/\\\/www.lauriecornillon.com\\\/wp-content\\\/uploads\\\/sites\\\/5\\\/2022\\\/07\\\/mariage-saint-paul-de-vence-34.jpg\",\"et-pb-image--responsive--desktop\":\"https:\\\/\\\/www.lauriecornillon.com\\\/wp-content\\\/uploads\\\/sites\\\/5\\\/2022\\\/07\\\/mariage-saint-paul-de-vence-34-1280x854.jpg\",\"et-pb-image--responsive--tablet\":\"https:\\\/\\\/www.lauriecornillon.com\\\/wp-content\\\/uploads\\\/sites\\\/5\\\/2022\\\/07\\\/mariage-saint-paul-de-vence-34-980x654.jpg\",\"et-pb-image--responsive--phone\":\"https:\\\/\\\/www.lauriecornillon.com\\\/wp-content\\\/uploads\\\/sites\\\/5\\\/2022\\\/07\\\/mariage-saint-paul-de-vence-34-480x320.jpg\",\"full\":\"https:\\\/\\\/www.lauriecornillon.com\\\/wp-content\\\/uploads\\\/sites\\\/5\\\/2022\\\/07\\\/mariage-saint-paul-de-vence-34.jpg\",\"index\":33,\"id\":28722,\"video\":false,\"opts\":{\"caption\":\"\",\"thumb\":\"https:\\\/\\\/www.lauriecornillon.com\\\/wp-content\\\/uploads\\\/sites\\\/5\\\/2022\\\/07\\\/mariage-saint-paul-de-vence-34-100x75_c.jpg\",\"title\":\"mariage-saint-paul-de-vence-34\"},\"gallery_id\":28572},{\"status\":\"active\",\"src\":\"https:\\\/\\\/www.lauriecornillon.com\\\/wp-content\\\/uploads\\\/sites\\\/5\\\/2022\\\/07\\\/mariage-saint-paul-de-vence-35.jpg\",\"title\":\"mariage-saint-paul-de-vence-35\",\"link\":\"https:\\\/\\\/www.lauriecornillon.com\\\/wp-content\\\/uploads\\\/sites\\\/5\\\/2022\\\/07\\\/mariage-saint-paul-de-vence-35.jpg\",\"alt\":\"\",\"caption\":false,\"thumb\":\"https:\\\/\\\/www.lauriecornillon.com\\\/wp-content\\\/uploads\\\/sites\\\/5\\\/2022\\\/07\\\/mariage-saint-paul-de-vence-35-100x75_c.jpg\",\"meta\":{\"aperture\":null,\"credit\":null,\"camera\":null,\"caption\":\"\",\"created_timestamp\":null,\"copyright\":null,\"focal_length\":null,\"iso\":null,\"shutter_speed\":null,\"title\":\"\",\"orientation\":null,\"keywords\":null,\"resized_images\":null},\"thumbnail\":\"https:\\\/\\\/www.lauriecornillon.com\\\/wp-content\\\/uploads\\\/sites\\\/5\\\/2022\\\/07\\\/mariage-saint-paul-de-vence-35-150x150.jpg\",\"medium\":\"https:\\\/\\\/www.lauriecornillon.com\\\/wp-content\\\/uploads\\\/sites\\\/5\\\/2022\\\/07\\\/mariage-saint-paul-de-vence-35-300x200.jpg\",\"medium_large\":\"https:\\\/\\\/www.lauriecornillon.com\\\/wp-content\\\/uploads\\\/sites\\\/5\\\/2022\\\/07\\\/mariage-saint-paul-de-vence-35-768x512.jpg\",\"large\":\"https:\\\/\\\/www.lauriecornillon.com\\\/wp-content\\\/uploads\\\/sites\\\/5\\\/2022\\\/07\\\/mariage-saint-paul-de-vence-35-1024x683.jpg\",\"1536x1536\":\"https:\\\/\\\/www.lauriecornillon.com\\\/wp-content\\\/uploads\\\/sites\\\/5\\\/2022\\\/07\\\/mariage-saint-paul-de-vence-35-1536x1025.jpg\",\"2048x2048\":\"https:\\\/\\\/www.lauriecornillon.com\\\/wp-content\\\/uploads\\\/sites\\\/5\\\/2022\\\/07\\\/mariage-saint-paul-de-vence-35-2048x1366.jpg\",\"trp-custom-language-flag\":\"https:\\\/\\\/www.lauriecornillon.com\\\/wp-content\\\/uploads\\\/sites\\\/5\\\/2022\\\/07\\\/mariage-saint-paul-de-vence-35.jpg\",\"et-pb-post-main-image\":\"https:\\\/\\\/www.lauriecornillon.com\\\/wp-content\\\/uploads\\\/sites\\\/5\\\/2022\\\/07\\\/mariage-saint-paul-de-vence-35-400x250.jpg\",\"et-pb-post-main-image-fullwidth\":\"https:\\\/\\\/www.lauriecornillon.com\\\/wp-content\\\/uploads\\\/sites\\\/5\\\/2022\\\/07\\\/mariage-saint-paul-de-vence-35-1080x675.jpg\",\"et-pb-portfolio-image\":\"https:\\\/\\\/www.lauriecornillon.com\\\/wp-content\\\/uploads\\\/sites\\\/5\\\/2022\\\/07\\\/mariage-saint-paul-de-vence-35-400x284.jpg\",\"et-pb-portfolio-module-image\":\"https:\\\/\\\/www.lauriecornillon.com\\\/wp-content\\\/uploads\\\/sites\\\/5\\\/2022\\\/07\\\/mariage-saint-paul-de-vence-35-510x382.jpg\",\"et-pb-portfolio-image-single\":\"https:\\\/\\\/www.lauriecornillon.com\\\/wp-content\\\/uploads\\\/sites\\\/5\\\/2022\\\/07\\\/mariage-saint-paul-de-vence-35-1080x721.jpg\",\"et-pb-gallery-module-image-portrait\":\"https:\\\/\\\/www.lauriecornillon.com\\\/wp-content\\\/uploads\\\/sites\\\/5\\\/2022\\\/07\\\/mariage-saint-paul-de-vence-35-400x516.jpg\",\"et-pb-post-main-image-fullwidth-large\":\"https:\\\/\\\/www.lauriecornillon.com\\\/wp-content\\\/uploads\\\/sites\\\/5\\\/2022\\\/07\\\/mariage-saint-paul-de-vence-35.jpg\",\"et-pb-image--responsive--desktop\":\"https:\\\/\\\/www.lauriecornillon.com\\\/wp-content\\\/uploads\\\/sites\\\/5\\\/2022\\\/07\\\/mariage-saint-paul-de-vence-35-1280x854.jpg\",\"et-pb-image--responsive--tablet\":\"https:\\\/\\\/www.lauriecornillon.com\\\/wp-content\\\/uploads\\\/sites\\\/5\\\/2022\\\/07\\\/mariage-saint-paul-de-vence-35-980x654.jpg\",\"et-pb-image--responsive--phone\":\"https:\\\/\\\/www.lauriecornillon.com\\\/wp-content\\\/uploads\\\/sites\\\/5\\\/2022\\\/07\\\/mariage-saint-paul-de-vence-35-480x320.jpg\",\"full\":\"https:\\\/\\\/www.lauriecornillon.com\\\/wp-content\\\/uploads\\\/sites\\\/5\\\/2022\\\/07\\\/mariage-saint-paul-de-vence-35.jpg\",\"index\":34,\"id\":28726,\"video\":false,\"opts\":{\"caption\":\"\",\"thumb\":\"https:\\\/\\\/www.lauriecornillon.com\\\/wp-content\\\/uploads\\\/sites\\\/5\\\/2022\\\/07\\\/mariage-saint-paul-de-vence-35-100x75_c.jpg\",\"title\":\"mariage-saint-paul-de-vence-35\"},\"gallery_id\":28572},{\"status\":\"active\",\"src\":\"https:\\\/\\\/www.lauriecornillon.com\\\/wp-content\\\/uploads\\\/sites\\\/5\\\/2022\\\/07\\\/mariage-saint-paul-de-vence-36.jpg\",\"title\":\"mariage-saint-paul-de-vence-36\",\"link\":\"https:\\\/\\\/www.lauriecornillon.com\\\/wp-content\\\/uploads\\\/sites\\\/5\\\/2022\\\/07\\\/mariage-saint-paul-de-vence-36.jpg\",\"alt\":\"\",\"caption\":false,\"thumb\":\"https:\\\/\\\/www.lauriecornillon.com\\\/wp-content\\\/uploads\\\/sites\\\/5\\\/2022\\\/07\\\/mariage-saint-paul-de-vence-36-100x75_c.jpg\",\"meta\":{\"aperture\":null,\"credit\":null,\"camera\":null,\"caption\":\"\",\"created_timestamp\":null,\"copyright\":null,\"focal_length\":null,\"iso\":null,\"shutter_speed\":null,\"title\":\"\",\"orientation\":null,\"keywords\":null,\"resized_images\":null},\"thumbnail\":\"https:\\\/\\\/www.lauriecornillon.com\\\/wp-content\\\/uploads\\\/sites\\\/5\\\/2022\\\/07\\\/mariage-saint-paul-de-vence-36-150x150.jpg\",\"medium\":\"https:\\\/\\\/www.lauriecornillon.com\\\/wp-content\\\/uploads\\\/sites\\\/5\\\/2022\\\/07\\\/mariage-saint-paul-de-vence-36-300x200.jpg\",\"medium_large\":\"https:\\\/\\\/www.lauriecornillon.com\\\/wp-content\\\/uploads\\\/sites\\\/5\\\/2022\\\/07\\\/mariage-saint-paul-de-vence-36-768x512.jpg\",\"large\":\"https:\\\/\\\/www.lauriecornillon.com\\\/wp-content\\\/uploads\\\/sites\\\/5\\\/2022\\\/07\\\/mariage-saint-paul-de-vence-36-1024x683.jpg\",\"1536x1536\":\"https:\\\/\\\/www.lauriecornillon.com\\\/wp-content\\\/uploads\\\/sites\\\/5\\\/2022\\\/07\\\/mariage-saint-paul-de-vence-36-1536x1025.jpg\",\"2048x2048\":\"https:\\\/\\\/www.lauriecornillon.com\\\/wp-content\\\/uploads\\\/sites\\\/5\\\/2022\\\/07\\\/mariage-saint-paul-de-vence-36-2048x1366.jpg\",\"trp-custom-language-flag\":\"https:\\\/\\\/www.lauriecornillon.com\\\/wp-content\\\/uploads\\\/sites\\\/5\\\/2022\\\/07\\\/mariage-saint-paul-de-vence-36.jpg\",\"et-pb-post-main-image\":\"https:\\\/\\\/www.lauriecornillon.com\\\/wp-content\\\/uploads\\\/sites\\\/5\\\/2022\\\/07\\\/mariage-saint-paul-de-vence-36-400x250.jpg\",\"et-pb-post-main-image-fullwidth\":\"https:\\\/\\\/www.lauriecornillon.com\\\/wp-content\\\/uploads\\\/sites\\\/5\\\/2022\\\/07\\\/mariage-saint-paul-de-vence-36-1080x675.jpg\",\"et-pb-portfolio-image\":\"https:\\\/\\\/www.lauriecornillon.com\\\/wp-content\\\/uploads\\\/sites\\\/5\\\/2022\\\/07\\\/mariage-saint-paul-de-vence-36-400x284.jpg\",\"et-pb-portfolio-module-image\":\"https:\\\/\\\/www.lauriecornillon.com\\\/wp-content\\\/uploads\\\/sites\\\/5\\\/2022\\\/07\\\/mariage-saint-paul-de-vence-36-510x382.jpg\",\"et-pb-portfolio-image-single\":\"https:\\\/\\\/www.lauriecornillon.com\\\/wp-content\\\/uploads\\\/sites\\\/5\\\/2022\\\/07\\\/mariage-saint-paul-de-vence-36-1080x721.jpg\",\"et-pb-gallery-module-image-portrait\":\"https:\\\/\\\/www.lauriecornillon.com\\\/wp-content\\\/uploads\\\/sites\\\/5\\\/2022\\\/07\\\/mariage-saint-paul-de-vence-36-400x516.jpg\",\"et-pb-post-main-image-fullwidth-large\":\"https:\\\/\\\/www.lauriecornillon.com\\\/wp-content\\\/uploads\\\/sites\\\/5\\\/2022\\\/07\\\/mariage-saint-paul-de-vence-36.jpg\",\"et-pb-image--responsive--desktop\":\"https:\\\/\\\/www.lauriecornillon.com\\\/wp-content\\\/uploads\\\/sites\\\/5\\\/2022\\\/07\\\/mariage-saint-paul-de-vence-36-1280x854.jpg\",\"et-pb-image--responsive--tablet\":\"https:\\\/\\\/www.lauriecornillon.com\\\/wp-content\\\/uploads\\\/sites\\\/5\\\/2022\\\/07\\\/mariage-saint-paul-de-vence-36-980x654.jpg\",\"et-pb-image--responsive--phone\":\"https:\\\/\\\/www.lauriecornillon.com\\\/wp-content\\\/uploads\\\/sites\\\/5\\\/2022\\\/07\\\/mariage-saint-paul-de-vence-36-480x320.jpg\",\"full\":\"https:\\\/\\\/www.lauriecornillon.com\\\/wp-content\\\/uploads\\\/sites\\\/5\\\/2022\\\/07\\\/mariage-saint-paul-de-vence-36.jpg\",\"index\":35,\"id\":28731,\"video\":false,\"opts\":{\"caption\":\"\",\"thumb\":\"https:\\\/\\\/www.lauriecornillon.com\\\/wp-content\\\/uploads\\\/sites\\\/5\\\/2022\\\/07\\\/mariage-saint-paul-de-vence-36-100x75_c.jpg\",\"title\":\"mariage-saint-paul-de-vence-36\"},\"gallery_id\":28572},{\"status\":\"active\",\"src\":\"https:\\\/\\\/www.lauriecornillon.com\\\/wp-content\\\/uploads\\\/sites\\\/5\\\/2022\\\/07\\\/mariage-saint-paul-de-vence-37.jpg\",\"title\":\"mariage-saint-paul-de-vence-37\",\"link\":\"https:\\\/\\\/www.lauriecornillon.com\\\/wp-content\\\/uploads\\\/sites\\\/5\\\/2022\\\/07\\\/mariage-saint-paul-de-vence-37.jpg\",\"alt\":\"\",\"caption\":false,\"thumb\":\"https:\\\/\\\/www.lauriecornillon.com\\\/wp-content\\\/uploads\\\/sites\\\/5\\\/2022\\\/07\\\/mariage-saint-paul-de-vence-37-100x75_c.jpg\",\"meta\":{\"aperture\":null,\"credit\":null,\"camera\":null,\"caption\":\"\",\"created_timestamp\":null,\"copyright\":null,\"focal_length\":null,\"iso\":null,\"shutter_speed\":null,\"title\":\"\",\"orientation\":null,\"keywords\":null,\"resized_images\":null},\"thumbnail\":\"https:\\\/\\\/www.lauriecornillon.com\\\/wp-content\\\/uploads\\\/sites\\\/5\\\/2022\\\/07\\\/mariage-saint-paul-de-vence-37-150x150.jpg\",\"medium\":\"https:\\\/\\\/www.lauriecornillon.com\\\/wp-content\\\/uploads\\\/sites\\\/5\\\/2022\\\/07\\\/mariage-saint-paul-de-vence-37-300x200.jpg\",\"medium_large\":\"https:\\\/\\\/www.lauriecornillon.com\\\/wp-content\\\/uploads\\\/sites\\\/5\\\/2022\\\/07\\\/mariage-saint-paul-de-vence-37-768x512.jpg\",\"large\":\"https:\\\/\\\/www.lauriecornillon.com\\\/wp-content\\\/uploads\\\/sites\\\/5\\\/2022\\\/07\\\/mariage-saint-paul-de-vence-37-1024x683.jpg\",\"1536x1536\":\"https:\\\/\\\/www.lauriecornillon.com\\\/wp-content\\\/uploads\\\/sites\\\/5\\\/2022\\\/07\\\/mariage-saint-paul-de-vence-37-1536x1025.jpg\",\"2048x2048\":\"https:\\\/\\\/www.lauriecornillon.com\\\/wp-content\\\/uploads\\\/sites\\\/5\\\/2022\\\/07\\\/mariage-saint-paul-de-vence-37-2048x1366.jpg\",\"trp-custom-language-flag\":\"https:\\\/\\\/www.lauriecornillon.com\\\/wp-content\\\/uploads\\\/sites\\\/5\\\/2022\\\/07\\\/mariage-saint-paul-de-vence-37.jpg\",\"et-pb-post-main-image\":\"https:\\\/\\\/www.lauriecornillon.com\\\/wp-content\\\/uploads\\\/sites\\\/5\\\/2022\\\/07\\\/mariage-saint-paul-de-vence-37-400x250.jpg\",\"et-pb-post-main-image-fullwidth\":\"https:\\\/\\\/www.lauriecornillon.com\\\/wp-content\\\/uploads\\\/sites\\\/5\\\/2022\\\/07\\\/mariage-saint-paul-de-vence-37-1080x675.jpg\",\"et-pb-portfolio-image\":\"https:\\\/\\\/www.lauriecornillon.com\\\/wp-content\\\/uploads\\\/sites\\\/5\\\/2022\\\/07\\\/mariage-saint-paul-de-vence-37-400x284.jpg\",\"et-pb-portfolio-module-image\":\"https:\\\/\\\/www.lauriecornillon.com\\\/wp-content\\\/uploads\\\/sites\\\/5\\\/2022\\\/07\\\/mariage-saint-paul-de-vence-37-510x382.jpg\",\"et-pb-portfolio-image-single\":\"https:\\\/\\\/www.lauriecornillon.com\\\/wp-content\\\/uploads\\\/sites\\\/5\\\/2022\\\/07\\\/mariage-saint-paul-de-vence-37-1080x721.jpg\",\"et-pb-gallery-module-image-portrait\":\"https:\\\/\\\/www.lauriecornillon.com\\\/wp-content\\\/uploads\\\/sites\\\/5\\\/2022\\\/07\\\/mariage-saint-paul-de-vence-37-400x516.jpg\",\"et-pb-post-main-image-fullwidth-large\":\"https:\\\/\\\/www.lauriecornillon.com\\\/wp-content\\\/uploads\\\/sites\\\/5\\\/2022\\\/07\\\/mariage-saint-paul-de-vence-37.jpg\",\"et-pb-image--responsive--desktop\":\"https:\\\/\\\/www.lauriecornillon.com\\\/wp-content\\\/uploads\\\/sites\\\/5\\\/2022\\\/07\\\/mariage-saint-paul-de-vence-37-1280x854.jpg\",\"et-pb-image--responsive--tablet\":\"https:\\\/\\\/www.lauriecornillon.com\\\/wp-content\\\/uploads\\\/sites\\\/5\\\/2022\\\/07\\\/mariage-saint-paul-de-vence-37-980x654.jpg\",\"et-pb-image--responsive--phone\":\"https:\\\/\\\/www.lauriecornillon.com\\\/wp-content\\\/uploads\\\/sites\\\/5\\\/2022\\\/07\\\/mariage-saint-paul-de-vence-37-480x320.jpg\",\"full\":\"https:\\\/\\\/www.lauriecornillon.com\\\/wp-content\\\/uploads\\\/sites\\\/5\\\/2022\\\/07\\\/mariage-saint-paul-de-vence-37.jpg\",\"index\":36,\"id\":28735,\"video\":false,\"opts\":{\"caption\":\"\",\"thumb\":\"https:\\\/\\\/www.lauriecornillon.com\\\/wp-content\\\/uploads\\\/sites\\\/5\\\/2022\\\/07\\\/mariage-saint-paul-de-vence-37-100x75_c.jpg\",\"title\":\"mariage-saint-paul-de-vence-37\"},\"gallery_id\":28572},{\"status\":\"active\",\"src\":\"https:\\\/\\\/www.lauriecornillon.com\\\/wp-content\\\/uploads\\\/sites\\\/5\\\/2022\\\/07\\\/mariage-saint-paul-de-vence-38.jpg\",\"title\":\"mariage-saint-paul-de-vence-38\",\"link\":\"https:\\\/\\\/www.lauriecornillon.com\\\/wp-content\\\/uploads\\\/sites\\\/5\\\/2022\\\/07\\\/mariage-saint-paul-de-vence-38.jpg\",\"alt\":\"\",\"caption\":false,\"thumb\":\"https:\\\/\\\/www.lauriecornillon.com\\\/wp-content\\\/uploads\\\/sites\\\/5\\\/2022\\\/07\\\/mariage-saint-paul-de-vence-38-100x75_c.jpg\",\"meta\":{\"aperture\":null,\"credit\":null,\"camera\":null,\"caption\":\"\",\"created_timestamp\":null,\"copyright\":null,\"focal_length\":null,\"iso\":null,\"shutter_speed\":null,\"title\":\"\",\"orientation\":null,\"keywords\":null,\"resized_images\":null},\"thumbnail\":\"https:\\\/\\\/www.lauriecornillon.com\\\/wp-content\\\/uploads\\\/sites\\\/5\\\/2022\\\/07\\\/mariage-saint-paul-de-vence-38-150x150.jpg\",\"medium\":\"https:\\\/\\\/www.lauriecornillon.com\\\/wp-content\\\/uploads\\\/sites\\\/5\\\/2022\\\/07\\\/mariage-saint-paul-de-vence-38-300x200.jpg\",\"medium_large\":\"https:\\\/\\\/www.lauriecornillon.com\\\/wp-content\\\/uploads\\\/sites\\\/5\\\/2022\\\/07\\\/mariage-saint-paul-de-vence-38-768x512.jpg\",\"large\":\"https:\\\/\\\/www.lauriecornillon.com\\\/wp-content\\\/uploads\\\/sites\\\/5\\\/2022\\\/07\\\/mariage-saint-paul-de-vence-38-1024x683.jpg\",\"1536x1536\":\"https:\\\/\\\/www.lauriecornillon.com\\\/wp-content\\\/uploads\\\/sites\\\/5\\\/2022\\\/07\\\/mariage-saint-paul-de-vence-38-1536x1025.jpg\",\"2048x2048\":\"https:\\\/\\\/www.lauriecornillon.com\\\/wp-content\\\/uploads\\\/sites\\\/5\\\/2022\\\/07\\\/mariage-saint-paul-de-vence-38-2048x1366.jpg\",\"trp-custom-language-flag\":\"https:\\\/\\\/www.lauriecornillon.com\\\/wp-content\\\/uploads\\\/sites\\\/5\\\/2022\\\/07\\\/mariage-saint-paul-de-vence-38.jpg\",\"et-pb-post-main-image\":\"https:\\\/\\\/www.lauriecornillon.com\\\/wp-content\\\/uploads\\\/sites\\\/5\\\/2022\\\/07\\\/mariage-saint-paul-de-vence-38-400x250.jpg\",\"et-pb-post-main-image-fullwidth\":\"https:\\\/\\\/www.lauriecornillon.com\\\/wp-content\\\/uploads\\\/sites\\\/5\\\/2022\\\/07\\\/mariage-saint-paul-de-vence-38-1080x675.jpg\",\"et-pb-portfolio-image\":\"https:\\\/\\\/www.lauriecornillon.com\\\/wp-content\\\/uploads\\\/sites\\\/5\\\/2022\\\/07\\\/mariage-saint-paul-de-vence-38-400x284.jpg\",\"et-pb-portfolio-module-image\":\"https:\\\/\\\/www.lauriecornillon.com\\\/wp-content\\\/uploads\\\/sites\\\/5\\\/2022\\\/07\\\/mariage-saint-paul-de-vence-38-510x382.jpg\",\"et-pb-portfolio-image-single\":\"https:\\\/\\\/www.lauriecornillon.com\\\/wp-content\\\/uploads\\\/sites\\\/5\\\/2022\\\/07\\\/mariage-saint-paul-de-vence-38-1080x721.jpg\",\"et-pb-gallery-module-image-portrait\":\"https:\\\/\\\/www.lauriecornillon.com\\\/wp-content\\\/uploads\\\/sites\\\/5\\\/2022\\\/07\\\/mariage-saint-paul-de-vence-38-400x516.jpg\",\"et-pb-post-main-image-fullwidth-large\":\"https:\\\/\\\/www.lauriecornillon.com\\\/wp-content\\\/uploads\\\/sites\\\/5\\\/2022\\\/07\\\/mariage-saint-paul-de-vence-38.jpg\",\"et-pb-image--responsive--desktop\":\"https:\\\/\\\/www.lauriecornillon.com\\\/wp-content\\\/uploads\\\/sites\\\/5\\\/2022\\\/07\\\/mariage-saint-paul-de-vence-38-1280x854.jpg\",\"et-pb-image--responsive--tablet\":\"https:\\\/\\\/www.lauriecornillon.com\\\/wp-content\\\/uploads\\\/sites\\\/5\\\/2022\\\/07\\\/mariage-saint-paul-de-vence-38-980x654.jpg\",\"et-pb-image--responsive--phone\":\"https:\\\/\\\/www.lauriecornillon.com\\\/wp-content\\\/uploads\\\/sites\\\/5\\\/2022\\\/07\\\/mariage-saint-paul-de-vence-38-480x320.jpg\",\"full\":\"https:\\\/\\\/www.lauriecornillon.com\\\/wp-content\\\/uploads\\\/sites\\\/5\\\/2022\\\/07\\\/mariage-saint-paul-de-vence-38.jpg\",\"index\":37,\"id\":28740,\"video\":false,\"opts\":{\"caption\":\"\",\"thumb\":\"https:\\\/\\\/www.lauriecornillon.com\\\/wp-content\\\/uploads\\\/sites\\\/5\\\/2022\\\/07\\\/mariage-saint-paul-de-vence-38-100x75_c.jpg\",\"title\":\"mariage-saint-paul-de-vence-38\"},\"gallery_id\":28572},{\"status\":\"active\",\"src\":\"https:\\\/\\\/www.lauriecornillon.com\\\/wp-content\\\/uploads\\\/sites\\\/5\\\/2022\\\/07\\\/mariage-saint-paul-de-vence-39.jpg\",\"title\":\"mariage-saint-paul-de-vence-39\",\"link\":\"https:\\\/\\\/www.lauriecornillon.com\\\/wp-content\\\/uploads\\\/sites\\\/5\\\/2022\\\/07\\\/mariage-saint-paul-de-vence-39.jpg\",\"alt\":\"\",\"caption\":false,\"thumb\":\"https:\\\/\\\/www.lauriecornillon.com\\\/wp-content\\\/uploads\\\/sites\\\/5\\\/2022\\\/07\\\/mariage-saint-paul-de-vence-39-100x75_c.jpg\",\"meta\":{\"aperture\":null,\"credit\":null,\"camera\":null,\"caption\":\"\",\"created_timestamp\":null,\"copyright\":null,\"focal_length\":null,\"iso\":null,\"shutter_speed\":null,\"title\":\"\",\"orientation\":null,\"keywords\":null,\"resized_images\":null},\"thumbnail\":\"https:\\\/\\\/www.lauriecornillon.com\\\/wp-content\\\/uploads\\\/sites\\\/5\\\/2022\\\/07\\\/mariage-saint-paul-de-vence-39-150x150.jpg\",\"medium\":\"https:\\\/\\\/www.lauriecornillon.com\\\/wp-content\\\/uploads\\\/sites\\\/5\\\/2022\\\/07\\\/mariage-saint-paul-de-vence-39-300x200.jpg\",\"medium_large\":\"https:\\\/\\\/www.lauriecornillon.com\\\/wp-content\\\/uploads\\\/sites\\\/5\\\/2022\\\/07\\\/mariage-saint-paul-de-vence-39-768x512.jpg\",\"large\":\"https:\\\/\\\/www.lauriecornillon.com\\\/wp-content\\\/uploads\\\/sites\\\/5\\\/2022\\\/07\\\/mariage-saint-paul-de-vence-39-1024x683.jpg\",\"1536x1536\":\"https:\\\/\\\/www.lauriecornillon.com\\\/wp-content\\\/uploads\\\/sites\\\/5\\\/2022\\\/07\\\/mariage-saint-paul-de-vence-39-1536x1025.jpg\",\"2048x2048\":\"https:\\\/\\\/www.lauriecornillon.com\\\/wp-content\\\/uploads\\\/sites\\\/5\\\/2022\\\/07\\\/mariage-saint-paul-de-vence-39-2048x1366.jpg\",\"trp-custom-language-flag\":\"https:\\\/\\\/www.lauriecornillon.com\\\/wp-content\\\/uploads\\\/sites\\\/5\\\/2022\\\/07\\\/mariage-saint-paul-de-vence-39.jpg\",\"et-pb-post-main-image\":\"https:\\\/\\\/www.lauriecornillon.com\\\/wp-content\\\/uploads\\\/sites\\\/5\\\/2022\\\/07\\\/mariage-saint-paul-de-vence-39-400x250.jpg\",\"et-pb-post-main-image-fullwidth\":\"https:\\\/\\\/www.lauriecornillon.com\\\/wp-content\\\/uploads\\\/sites\\\/5\\\/2022\\\/07\\\/mariage-saint-paul-de-vence-39-1080x675.jpg\",\"et-pb-portfolio-image\":\"https:\\\/\\\/www.lauriecornillon.com\\\/wp-content\\\/uploads\\\/sites\\\/5\\\/2022\\\/07\\\/mariage-saint-paul-de-vence-39-400x284.jpg\",\"et-pb-portfolio-module-image\":\"https:\\\/\\\/www.lauriecornillon.com\\\/wp-content\\\/uploads\\\/sites\\\/5\\\/2022\\\/07\\\/mariage-saint-paul-de-vence-39-510x382.jpg\",\"et-pb-portfolio-image-single\":\"https:\\\/\\\/www.lauriecornillon.com\\\/wp-content\\\/uploads\\\/sites\\\/5\\\/2022\\\/07\\\/mariage-saint-paul-de-vence-39-1080x721.jpg\",\"et-pb-gallery-module-image-portrait\":\"https:\\\/\\\/www.lauriecornillon.com\\\/wp-content\\\/uploads\\\/sites\\\/5\\\/2022\\\/07\\\/mariage-saint-paul-de-vence-39-400x516.jpg\",\"et-pb-post-main-image-fullwidth-large\":\"https:\\\/\\\/www.lauriecornillon.com\\\/wp-content\\\/uploads\\\/sites\\\/5\\\/2022\\\/07\\\/mariage-saint-paul-de-vence-39.jpg\",\"et-pb-image--responsive--desktop\":\"https:\\\/\\\/www.lauriecornillon.com\\\/wp-content\\\/uploads\\\/sites\\\/5\\\/2022\\\/07\\\/mariage-saint-paul-de-vence-39-1280x854.jpg\",\"et-pb-image--responsive--tablet\":\"https:\\\/\\\/www.lauriecornillon.com\\\/wp-content\\\/uploads\\\/sites\\\/5\\\/2022\\\/07\\\/mariage-saint-paul-de-vence-39-980x654.jpg\",\"et-pb-image--responsive--phone\":\"https:\\\/\\\/www.lauriecornillon.com\\\/wp-content\\\/uploads\\\/sites\\\/5\\\/2022\\\/07\\\/mariage-saint-paul-de-vence-39-480x320.jpg\",\"full\":\"https:\\\/\\\/www.lauriecornillon.com\\\/wp-content\\\/uploads\\\/sites\\\/5\\\/2022\\\/07\\\/mariage-saint-paul-de-vence-39.jpg\",\"index\":38,\"id\":28743,\"video\":false,\"opts\":{\"caption\":\"\",\"thumb\":\"https:\\\/\\\/www.lauriecornillon.com\\\/wp-content\\\/uploads\\\/sites\\\/5\\\/2022\\\/07\\\/mariage-saint-paul-de-vence-39-100x75_c.jpg\",\"title\":\"mariage-saint-paul-de-vence-39\"},\"gallery_id\":28572},{\"status\":\"active\",\"src\":\"https:\\\/\\\/www.lauriecornillon.com\\\/wp-content\\\/uploads\\\/sites\\\/5\\\/2022\\\/07\\\/mariage-saint-paul-de-vence-40.jpg\",\"title\":\"mariage-saint-paul-de-vence-40\",\"link\":\"https:\\\/\\\/www.lauriecornillon.com\\\/wp-content\\\/uploads\\\/sites\\\/5\\\/2022\\\/07\\\/mariage-saint-paul-de-vence-40.jpg\",\"alt\":\"\",\"caption\":false,\"thumb\":\"https:\\\/\\\/www.lauriecornillon.com\\\/wp-content\\\/uploads\\\/sites\\\/5\\\/2022\\\/07\\\/mariage-saint-paul-de-vence-40-100x75_c.jpg\",\"meta\":{\"aperture\":null,\"credit\":null,\"camera\":null,\"caption\":\"\",\"created_timestamp\":null,\"copyright\":null,\"focal_length\":null,\"iso\":null,\"shutter_speed\":null,\"title\":\"\",\"orientation\":null,\"keywords\":null,\"resized_images\":null},\"thumbnail\":\"https:\\\/\\\/www.lauriecornillon.com\\\/wp-content\\\/uploads\\\/sites\\\/5\\\/2022\\\/07\\\/mariage-saint-paul-de-vence-40-150x150.jpg\",\"medium\":\"https:\\\/\\\/www.lauriecornillon.com\\\/wp-content\\\/uploads\\\/sites\\\/5\\\/2022\\\/07\\\/mariage-saint-paul-de-vence-40-300x200.jpg\",\"medium_large\":\"https:\\\/\\\/www.lauriecornillon.com\\\/wp-content\\\/uploads\\\/sites\\\/5\\\/2022\\\/07\\\/mariage-saint-paul-de-vence-40-768x512.jpg\",\"large\":\"https:\\\/\\\/www.lauriecornillon.com\\\/wp-content\\\/uploads\\\/sites\\\/5\\\/2022\\\/07\\\/mariage-saint-paul-de-vence-40-1024x683.jpg\",\"1536x1536\":\"https:\\\/\\\/www.lauriecornillon.com\\\/wp-content\\\/uploads\\\/sites\\\/5\\\/2022\\\/07\\\/mariage-saint-paul-de-vence-40-1536x1025.jpg\",\"2048x2048\":\"https:\\\/\\\/www.lauriecornillon.com\\\/wp-content\\\/uploads\\\/sites\\\/5\\\/2022\\\/07\\\/mariage-saint-paul-de-vence-40-2048x1366.jpg\",\"trp-custom-language-flag\":\"https:\\\/\\\/www.lauriecornillon.com\\\/wp-content\\\/uploads\\\/sites\\\/5\\\/2022\\\/07\\\/mariage-saint-paul-de-vence-40.jpg\",\"et-pb-post-main-image\":\"https:\\\/\\\/www.lauriecornillon.com\\\/wp-content\\\/uploads\\\/sites\\\/5\\\/2022\\\/07\\\/mariage-saint-paul-de-vence-40-400x250.jpg\",\"et-pb-post-main-image-fullwidth\":\"https:\\\/\\\/www.lauriecornillon.com\\\/wp-content\\\/uploads\\\/sites\\\/5\\\/2022\\\/07\\\/mariage-saint-paul-de-vence-40-1080x675.jpg\",\"et-pb-portfolio-image\":\"https:\\\/\\\/www.lauriecornillon.com\\\/wp-content\\\/uploads\\\/sites\\\/5\\\/2022\\\/07\\\/mariage-saint-paul-de-vence-40-400x284.jpg\",\"et-pb-portfolio-module-image\":\"https:\\\/\\\/www.lauriecornillon.com\\\/wp-content\\\/uploads\\\/sites\\\/5\\\/2022\\\/07\\\/mariage-saint-paul-de-vence-40-510x382.jpg\",\"et-pb-portfolio-image-single\":\"https:\\\/\\\/www.lauriecornillon.com\\\/wp-content\\\/uploads\\\/sites\\\/5\\\/2022\\\/07\\\/mariage-saint-paul-de-vence-40-1080x721.jpg\",\"et-pb-gallery-module-image-portrait\":\"https:\\\/\\\/www.lauriecornillon.com\\\/wp-content\\\/uploads\\\/sites\\\/5\\\/2022\\\/07\\\/mariage-saint-paul-de-vence-40-400x516.jpg\",\"et-pb-post-main-image-fullwidth-large\":\"https:\\\/\\\/www.lauriecornillon.com\\\/wp-content\\\/uploads\\\/sites\\\/5\\\/2022\\\/07\\\/mariage-saint-paul-de-vence-40.jpg\",\"et-pb-image--responsive--desktop\":\"https:\\\/\\\/www.lauriecornillon.com\\\/wp-content\\\/uploads\\\/sites\\\/5\\\/2022\\\/07\\\/mariage-saint-paul-de-vence-40-1280x854.jpg\",\"et-pb-image--responsive--tablet\":\"https:\\\/\\\/www.lauriecornillon.com\\\/wp-content\\\/uploads\\\/sites\\\/5\\\/2022\\\/07\\\/mariage-saint-paul-de-vence-40-980x654.jpg\",\"et-pb-image--responsive--phone\":\"https:\\\/\\\/www.lauriecornillon.com\\\/wp-content\\\/uploads\\\/sites\\\/5\\\/2022\\\/07\\\/mariage-saint-paul-de-vence-40-480x320.jpg\",\"full\":\"https:\\\/\\\/www.lauriecornillon.com\\\/wp-content\\\/uploads\\\/sites\\\/5\\\/2022\\\/07\\\/mariage-saint-paul-de-vence-40.jpg\",\"index\":39,\"id\":28748,\"video\":false,\"opts\":{\"caption\":\"\",\"thumb\":\"https:\\\/\\\/www.lauriecornillon.com\\\/wp-content\\\/uploads\\\/sites\\\/5\\\/2022\\\/07\\\/mariage-saint-paul-de-vence-40-100x75_c.jpg\",\"title\":\"mariage-saint-paul-de-vence-40\"},\"gallery_id\":28572},{\"status\":\"active\",\"src\":\"https:\\\/\\\/www.lauriecornillon.com\\\/wp-content\\\/uploads\\\/sites\\\/5\\\/2022\\\/07\\\/mariage-saint-paul-de-vence-41.jpg\",\"title\":\"mariage-saint-paul-de-vence-41\",\"link\":\"https:\\\/\\\/www.lauriecornillon.com\\\/wp-content\\\/uploads\\\/sites\\\/5\\\/2022\\\/07\\\/mariage-saint-paul-de-vence-41.jpg\",\"alt\":\"\",\"caption\":false,\"thumb\":\"https:\\\/\\\/www.lauriecornillon.com\\\/wp-content\\\/uploads\\\/sites\\\/5\\\/2022\\\/07\\\/mariage-saint-paul-de-vence-41-100x75_c.jpg\",\"meta\":{\"aperture\":null,\"credit\":null,\"camera\":null,\"caption\":\"\",\"created_timestamp\":null,\"copyright\":null,\"focal_length\":null,\"iso\":null,\"shutter_speed\":null,\"title\":\"\",\"orientation\":null,\"keywords\":null,\"resized_images\":null},\"thumbnail\":\"https:\\\/\\\/www.lauriecornillon.com\\\/wp-content\\\/uploads\\\/sites\\\/5\\\/2022\\\/07\\\/mariage-saint-paul-de-vence-41-150x150.jpg\",\"medium\":\"https:\\\/\\\/www.lauriecornillon.com\\\/wp-content\\\/uploads\\\/sites\\\/5\\\/2022\\\/07\\\/mariage-saint-paul-de-vence-41-300x200.jpg\",\"medium_large\":\"https:\\\/\\\/www.lauriecornillon.com\\\/wp-content\\\/uploads\\\/sites\\\/5\\\/2022\\\/07\\\/mariage-saint-paul-de-vence-41-768x512.jpg\",\"large\":\"https:\\\/\\\/www.lauriecornillon.com\\\/wp-content\\\/uploads\\\/sites\\\/5\\\/2022\\\/07\\\/mariage-saint-paul-de-vence-41-1024x683.jpg\",\"1536x1536\":\"https:\\\/\\\/www.lauriecornillon.com\\\/wp-content\\\/uploads\\\/sites\\\/5\\\/2022\\\/07\\\/mariage-saint-paul-de-vence-41-1536x1025.jpg\",\"2048x2048\":\"https:\\\/\\\/www.lauriecornillon.com\\\/wp-content\\\/uploads\\\/sites\\\/5\\\/2022\\\/07\\\/mariage-saint-paul-de-vence-41-2048x1366.jpg\",\"trp-custom-language-flag\":\"https:\\\/\\\/www.lauriecornillon.com\\\/wp-content\\\/uploads\\\/sites\\\/5\\\/2022\\\/07\\\/mariage-saint-paul-de-vence-41.jpg\",\"et-pb-post-main-image\":\"https:\\\/\\\/www.lauriecornillon.com\\\/wp-content\\\/uploads\\\/sites\\\/5\\\/2022\\\/07\\\/mariage-saint-paul-de-vence-41-400x250.jpg\",\"et-pb-post-main-image-fullwidth\":\"https:\\\/\\\/www.lauriecornillon.com\\\/wp-content\\\/uploads\\\/sites\\\/5\\\/2022\\\/07\\\/mariage-saint-paul-de-vence-41-1080x675.jpg\",\"et-pb-portfolio-image\":\"https:\\\/\\\/www.lauriecornillon.com\\\/wp-content\\\/uploads\\\/sites\\\/5\\\/2022\\\/07\\\/mariage-saint-paul-de-vence-41-400x284.jpg\",\"et-pb-portfolio-module-image\":\"https:\\\/\\\/www.lauriecornillon.com\\\/wp-content\\\/uploads\\\/sites\\\/5\\\/2022\\\/07\\\/mariage-saint-paul-de-vence-41-510x382.jpg\",\"et-pb-portfolio-image-single\":\"https:\\\/\\\/www.lauriecornillon.com\\\/wp-content\\\/uploads\\\/sites\\\/5\\\/2022\\\/07\\\/mariage-saint-paul-de-vence-41-1080x721.jpg\",\"et-pb-gallery-module-image-portrait\":\"https:\\\/\\\/www.lauriecornillon.com\\\/wp-content\\\/uploads\\\/sites\\\/5\\\/2022\\\/07\\\/mariage-saint-paul-de-vence-41-400x516.jpg\",\"et-pb-post-main-image-fullwidth-large\":\"https:\\\/\\\/www.lauriecornillon.com\\\/wp-content\\\/uploads\\\/sites\\\/5\\\/2022\\\/07\\\/mariage-saint-paul-de-vence-41.jpg\",\"et-pb-image--responsive--desktop\":\"https:\\\/\\\/www.lauriecornillon.com\\\/wp-content\\\/uploads\\\/sites\\\/5\\\/2022\\\/07\\\/mariage-saint-paul-de-vence-41-1280x854.jpg\",\"et-pb-image--responsive--tablet\":\"https:\\\/\\\/www.lauriecornillon.com\\\/wp-content\\\/uploads\\\/sites\\\/5\\\/2022\\\/07\\\/mariage-saint-paul-de-vence-41-980x654.jpg\",\"et-pb-image--responsive--phone\":\"https:\\\/\\\/www.lauriecornillon.com\\\/wp-content\\\/uploads\\\/sites\\\/5\\\/2022\\\/07\\\/mariage-saint-paul-de-vence-41-480x320.jpg\",\"full\":\"https:\\\/\\\/www.lauriecornillon.com\\\/wp-content\\\/uploads\\\/sites\\\/5\\\/2022\\\/07\\\/mariage-saint-paul-de-vence-41.jpg\",\"index\":40,\"id\":28753,\"video\":false,\"opts\":{\"caption\":\"\",\"thumb\":\"https:\\\/\\\/www.lauriecornillon.com\\\/wp-content\\\/uploads\\\/sites\\\/5\\\/2022\\\/07\\\/mariage-saint-paul-de-vence-41-100x75_c.jpg\",\"title\":\"mariage-saint-paul-de-vence-41\"},\"gallery_id\":28572},{\"status\":\"active\",\"src\":\"https:\\\/\\\/www.lauriecornillon.com\\\/wp-content\\\/uploads\\\/sites\\\/5\\\/2022\\\/07\\\/mariage-saint-paul-de-vence-42.jpg\",\"title\":\"mariage-saint-paul-de-vence-42\",\"link\":\"https:\\\/\\\/www.lauriecornillon.com\\\/wp-content\\\/uploads\\\/sites\\\/5\\\/2022\\\/07\\\/mariage-saint-paul-de-vence-42.jpg\",\"alt\":\"\",\"caption\":false,\"thumb\":\"https:\\\/\\\/www.lauriecornillon.com\\\/wp-content\\\/uploads\\\/sites\\\/5\\\/2022\\\/07\\\/mariage-saint-paul-de-vence-42-100x75_c.jpg\",\"meta\":{\"aperture\":null,\"credit\":null,\"camera\":null,\"caption\":\"\",\"created_timestamp\":null,\"copyright\":null,\"focal_length\":null,\"iso\":null,\"shutter_speed\":null,\"title\":\"\",\"orientation\":null,\"keywords\":null,\"resized_images\":null},\"thumbnail\":\"https:\\\/\\\/www.lauriecornillon.com\\\/wp-content\\\/uploads\\\/sites\\\/5\\\/2022\\\/07\\\/mariage-saint-paul-de-vence-42-150x150.jpg\",\"medium\":\"https:\\\/\\\/www.lauriecornillon.com\\\/wp-content\\\/uploads\\\/sites\\\/5\\\/2022\\\/07\\\/mariage-saint-paul-de-vence-42-200x300.jpg\",\"medium_large\":\"https:\\\/\\\/www.lauriecornillon.com\\\/wp-content\\\/uploads\\\/sites\\\/5\\\/2022\\\/07\\\/mariage-saint-paul-de-vence-42-768x1151.jpg\",\"large\":\"https:\\\/\\\/www.lauriecornillon.com\\\/wp-content\\\/uploads\\\/sites\\\/5\\\/2022\\\/07\\\/mariage-saint-paul-de-vence-42-683x1024.jpg\",\"1536x1536\":\"https:\\\/\\\/www.lauriecornillon.com\\\/wp-content\\\/uploads\\\/sites\\\/5\\\/2022\\\/07\\\/mariage-saint-paul-de-vence-42-1025x1536.jpg\",\"2048x2048\":\"https:\\\/\\\/www.lauriecornillon.com\\\/wp-content\\\/uploads\\\/sites\\\/5\\\/2022\\\/07\\\/mariage-saint-paul-de-vence-42-1366x2048.jpg\",\"trp-custom-language-flag\":\"https:\\\/\\\/www.lauriecornillon.com\\\/wp-content\\\/uploads\\\/sites\\\/5\\\/2022\\\/07\\\/mariage-saint-paul-de-vence-42.jpg\",\"et-pb-post-main-image\":\"https:\\\/\\\/www.lauriecornillon.com\\\/wp-content\\\/uploads\\\/sites\\\/5\\\/2022\\\/07\\\/mariage-saint-paul-de-vence-42-400x250.jpg\",\"et-pb-post-main-image-fullwidth\":\"https:\\\/\\\/www.lauriecornillon.com\\\/wp-content\\\/uploads\\\/sites\\\/5\\\/2022\\\/07\\\/mariage-saint-paul-de-vence-42-1080x675.jpg\",\"et-pb-portfolio-image\":\"https:\\\/\\\/www.lauriecornillon.com\\\/wp-content\\\/uploads\\\/sites\\\/5\\\/2022\\\/07\\\/mariage-saint-paul-de-vence-42-400x284.jpg\",\"et-pb-portfolio-module-image\":\"https:\\\/\\\/www.lauriecornillon.com\\\/wp-content\\\/uploads\\\/sites\\\/5\\\/2022\\\/07\\\/mariage-saint-paul-de-vence-42-510x382.jpg\",\"et-pb-portfolio-image-single\":\"https:\\\/\\\/www.lauriecornillon.com\\\/wp-content\\\/uploads\\\/sites\\\/5\\\/2022\\\/07\\\/mariage-saint-paul-de-vence-42-1080x1619.jpg\",\"et-pb-gallery-module-image-portrait\":\"https:\\\/\\\/www.lauriecornillon.com\\\/wp-content\\\/uploads\\\/sites\\\/5\\\/2022\\\/07\\\/mariage-saint-paul-de-vence-42-400x516.jpg\",\"et-pb-post-main-image-fullwidth-large\":\"https:\\\/\\\/www.lauriecornillon.com\\\/wp-content\\\/uploads\\\/sites\\\/5\\\/2022\\\/07\\\/mariage-saint-paul-de-vence-42-1668x1800.jpg\",\"et-pb-image--responsive--desktop\":\"https:\\\/\\\/www.lauriecornillon.com\\\/wp-content\\\/uploads\\\/sites\\\/5\\\/2022\\\/07\\\/mariage-saint-paul-de-vence-42-1280x1918.jpg\",\"et-pb-image--responsive--tablet\":\"https:\\\/\\\/www.lauriecornillon.com\\\/wp-content\\\/uploads\\\/sites\\\/5\\\/2022\\\/07\\\/mariage-saint-paul-de-vence-42-980x1469.jpg\",\"et-pb-image--responsive--phone\":\"https:\\\/\\\/www.lauriecornillon.com\\\/wp-content\\\/uploads\\\/sites\\\/5\\\/2022\\\/07\\\/mariage-saint-paul-de-vence-42-480x719.jpg\",\"full\":\"https:\\\/\\\/www.lauriecornillon.com\\\/wp-content\\\/uploads\\\/sites\\\/5\\\/2022\\\/07\\\/mariage-saint-paul-de-vence-42.jpg\",\"index\":41,\"id\":28757,\"video\":false,\"opts\":{\"caption\":\"\",\"thumb\":\"https:\\\/\\\/www.lauriecornillon.com\\\/wp-content\\\/uploads\\\/sites\\\/5\\\/2022\\\/07\\\/mariage-saint-paul-de-vence-42-100x75_c.jpg\",\"title\":\"mariage-saint-paul-de-vence-42\"},\"gallery_id\":28572},{\"status\":\"active\",\"src\":\"https:\\\/\\\/www.lauriecornillon.com\\\/wp-content\\\/uploads\\\/sites\\\/5\\\/2022\\\/07\\\/mariage-saint-paul-de-vence-44.jpg\",\"title\":\"mariage-saint-paul-de-vence-44\",\"link\":\"https:\\\/\\\/www.lauriecornillon.com\\\/wp-content\\\/uploads\\\/sites\\\/5\\\/2022\\\/07\\\/mariage-saint-paul-de-vence-44.jpg\",\"alt\":\"\",\"caption\":false,\"thumb\":\"https:\\\/\\\/www.lauriecornillon.com\\\/wp-content\\\/uploads\\\/sites\\\/5\\\/2022\\\/07\\\/mariage-saint-paul-de-vence-44-100x75_c.jpg\",\"meta\":{\"aperture\":null,\"credit\":null,\"camera\":null,\"caption\":\"\",\"created_timestamp\":null,\"copyright\":null,\"focal_length\":null,\"iso\":null,\"shutter_speed\":null,\"title\":\"\",\"orientation\":null,\"keywords\":null,\"resized_images\":null},\"thumbnail\":\"https:\\\/\\\/www.lauriecornillon.com\\\/wp-content\\\/uploads\\\/sites\\\/5\\\/2022\\\/07\\\/mariage-saint-paul-de-vence-44-150x150.jpg\",\"medium\":\"https:\\\/\\\/www.lauriecornillon.com\\\/wp-content\\\/uploads\\\/sites\\\/5\\\/2022\\\/07\\\/mariage-saint-paul-de-vence-44-300x200.jpg\",\"medium_large\":\"https:\\\/\\\/www.lauriecornillon.com\\\/wp-content\\\/uploads\\\/sites\\\/5\\\/2022\\\/07\\\/mariage-saint-paul-de-vence-44-768x512.jpg\",\"large\":\"https:\\\/\\\/www.lauriecornillon.com\\\/wp-content\\\/uploads\\\/sites\\\/5\\\/2022\\\/07\\\/mariage-saint-paul-de-vence-44-1024x683.jpg\",\"1536x1536\":\"https:\\\/\\\/www.lauriecornillon.com\\\/wp-content\\\/uploads\\\/sites\\\/5\\\/2022\\\/07\\\/mariage-saint-paul-de-vence-44-1536x1025.jpg\",\"2048x2048\":\"https:\\\/\\\/www.lauriecornillon.com\\\/wp-content\\\/uploads\\\/sites\\\/5\\\/2022\\\/07\\\/mariage-saint-paul-de-vence-44-2048x1366.jpg\",\"trp-custom-language-flag\":\"https:\\\/\\\/www.lauriecornillon.com\\\/wp-content\\\/uploads\\\/sites\\\/5\\\/2022\\\/07\\\/mariage-saint-paul-de-vence-44.jpg\",\"et-pb-post-main-image\":\"https:\\\/\\\/www.lauriecornillon.com\\\/wp-content\\\/uploads\\\/sites\\\/5\\\/2022\\\/07\\\/mariage-saint-paul-de-vence-44-400x250.jpg\",\"et-pb-post-main-image-fullwidth\":\"https:\\\/\\\/www.lauriecornillon.com\\\/wp-content\\\/uploads\\\/sites\\\/5\\\/2022\\\/07\\\/mariage-saint-paul-de-vence-44-1080x675.jpg\",\"et-pb-portfolio-image\":\"https:\\\/\\\/www.lauriecornillon.com\\\/wp-content\\\/uploads\\\/sites\\\/5\\\/2022\\\/07\\\/mariage-saint-paul-de-vence-44-400x284.jpg\",\"et-pb-portfolio-module-image\":\"https:\\\/\\\/www.lauriecornillon.com\\\/wp-content\\\/uploads\\\/sites\\\/5\\\/2022\\\/07\\\/mariage-saint-paul-de-vence-44-510x382.jpg\",\"et-pb-portfolio-image-single\":\"https:\\\/\\\/www.lauriecornillon.com\\\/wp-content\\\/uploads\\\/sites\\\/5\\\/2022\\\/07\\\/mariage-saint-paul-de-vence-44-1080x721.jpg\",\"et-pb-gallery-module-image-portrait\":\"https:\\\/\\\/www.lauriecornillon.com\\\/wp-content\\\/uploads\\\/sites\\\/5\\\/2022\\\/07\\\/mariage-saint-paul-de-vence-44-400x516.jpg\",\"et-pb-post-main-image-fullwidth-large\":\"https:\\\/\\\/www.lauriecornillon.com\\\/wp-content\\\/uploads\\\/sites\\\/5\\\/2022\\\/07\\\/mariage-saint-paul-de-vence-44.jpg\",\"et-pb-image--responsive--desktop\":\"https:\\\/\\\/www.lauriecornillon.com\\\/wp-content\\\/uploads\\\/sites\\\/5\\\/2022\\\/07\\\/mariage-saint-paul-de-vence-44-1280x854.jpg\",\"et-pb-image--responsive--tablet\":\"https:\\\/\\\/www.lauriecornillon.com\\\/wp-content\\\/uploads\\\/sites\\\/5\\\/2022\\\/07\\\/mariage-saint-paul-de-vence-44-980x654.jpg\",\"et-pb-image--responsive--phone\":\"https:\\\/\\\/www.lauriecornillon.com\\\/wp-content\\\/uploads\\\/sites\\\/5\\\/2022\\\/07\\\/mariage-saint-paul-de-vence-44-480x320.jpg\",\"full\":\"https:\\\/\\\/www.lauriecornillon.com\\\/wp-content\\\/uploads\\\/sites\\\/5\\\/2022\\\/07\\\/mariage-saint-paul-de-vence-44.jpg\",\"index\":42,\"id\":28769,\"video\":false,\"opts\":{\"caption\":\"\",\"thumb\":\"https:\\\/\\\/www.lauriecornillon.com\\\/wp-content\\\/uploads\\\/sites\\\/5\\\/2022\\\/07\\\/mariage-saint-paul-de-vence-44-100x75_c.jpg\",\"title\":\"mariage-saint-paul-de-vence-44\"},\"gallery_id\":28572},{\"status\":\"active\",\"src\":\"https:\\\/\\\/www.lauriecornillon.com\\\/wp-content\\\/uploads\\\/sites\\\/5\\\/2022\\\/07\\\/mariage-saint-paul-de-vence-45.jpg\",\"title\":\"mariage-saint-paul-de-vence-45\",\"link\":\"https:\\\/\\\/www.lauriecornillon.com\\\/wp-content\\\/uploads\\\/sites\\\/5\\\/2022\\\/07\\\/mariage-saint-paul-de-vence-45.jpg\",\"alt\":\"\",\"caption\":false,\"thumb\":\"https:\\\/\\\/www.lauriecornillon.com\\\/wp-content\\\/uploads\\\/sites\\\/5\\\/2022\\\/07\\\/mariage-saint-paul-de-vence-45-100x75_c.jpg\",\"meta\":{\"aperture\":null,\"credit\":null,\"camera\":null,\"caption\":\"\",\"created_timestamp\":null,\"copyright\":null,\"focal_length\":null,\"iso\":null,\"shutter_speed\":null,\"title\":\"\",\"orientation\":null,\"keywords\":null,\"resized_images\":null},\"thumbnail\":\"https:\\\/\\\/www.lauriecornillon.com\\\/wp-content\\\/uploads\\\/sites\\\/5\\\/2022\\\/07\\\/mariage-saint-paul-de-vence-45-150x150.jpg\",\"medium\":\"https:\\\/\\\/www.lauriecornillon.com\\\/wp-content\\\/uploads\\\/sites\\\/5\\\/2022\\\/07\\\/mariage-saint-paul-de-vence-45-300x200.jpg\",\"medium_large\":\"https:\\\/\\\/www.lauriecornillon.com\\\/wp-content\\\/uploads\\\/sites\\\/5\\\/2022\\\/07\\\/mariage-saint-paul-de-vence-45-768x512.jpg\",\"large\":\"https:\\\/\\\/www.lauriecornillon.com\\\/wp-content\\\/uploads\\\/sites\\\/5\\\/2022\\\/07\\\/mariage-saint-paul-de-vence-45-1024x683.jpg\",\"1536x1536\":\"https:\\\/\\\/www.lauriecornillon.com\\\/wp-content\\\/uploads\\\/sites\\\/5\\\/2022\\\/07\\\/mariage-saint-paul-de-vence-45-1536x1025.jpg\",\"2048x2048\":\"https:\\\/\\\/www.lauriecornillon.com\\\/wp-content\\\/uploads\\\/sites\\\/5\\\/2022\\\/07\\\/mariage-saint-paul-de-vence-45-2048x1366.jpg\",\"trp-custom-language-flag\":\"https:\\\/\\\/www.lauriecornillon.com\\\/wp-content\\\/uploads\\\/sites\\\/5\\\/2022\\\/07\\\/mariage-saint-paul-de-vence-45.jpg\",\"et-pb-post-main-image\":\"https:\\\/\\\/www.lauriecornillon.com\\\/wp-content\\\/uploads\\\/sites\\\/5\\\/2022\\\/07\\\/mariage-saint-paul-de-vence-45-400x250.jpg\",\"et-pb-post-main-image-fullwidth\":\"https:\\\/\\\/www.lauriecornillon.com\\\/wp-content\\\/uploads\\\/sites\\\/5\\\/2022\\\/07\\\/mariage-saint-paul-de-vence-45-1080x675.jpg\",\"et-pb-portfolio-image\":\"https:\\\/\\\/www.lauriecornillon.com\\\/wp-content\\\/uploads\\\/sites\\\/5\\\/2022\\\/07\\\/mariage-saint-paul-de-vence-45-400x284.jpg\",\"et-pb-portfolio-module-image\":\"https:\\\/\\\/www.lauriecornillon.com\\\/wp-content\\\/uploads\\\/sites\\\/5\\\/2022\\\/07\\\/mariage-saint-paul-de-vence-45-510x382.jpg\",\"et-pb-portfolio-image-single\":\"https:\\\/\\\/www.lauriecornillon.com\\\/wp-content\\\/uploads\\\/sites\\\/5\\\/2022\\\/07\\\/mariage-saint-paul-de-vence-45-1080x721.jpg\",\"et-pb-gallery-module-image-portrait\":\"https:\\\/\\\/www.lauriecornillon.com\\\/wp-content\\\/uploads\\\/sites\\\/5\\\/2022\\\/07\\\/mariage-saint-paul-de-vence-45-400x516.jpg\",\"et-pb-post-main-image-fullwidth-large\":\"https:\\\/\\\/www.lauriecornillon.com\\\/wp-content\\\/uploads\\\/sites\\\/5\\\/2022\\\/07\\\/mariage-saint-paul-de-vence-45.jpg\",\"et-pb-image--responsive--desktop\":\"https:\\\/\\\/www.lauriecornillon.com\\\/wp-content\\\/uploads\\\/sites\\\/5\\\/2022\\\/07\\\/mariage-saint-paul-de-vence-45-1280x854.jpg\",\"et-pb-image--responsive--tablet\":\"https:\\\/\\\/www.lauriecornillon.com\\\/wp-content\\\/uploads\\\/sites\\\/5\\\/2022\\\/07\\\/mariage-saint-paul-de-vence-45-980x654.jpg\",\"et-pb-image--responsive--phone\":\"https:\\\/\\\/www.lauriecornillon.com\\\/wp-content\\\/uploads\\\/sites\\\/5\\\/2022\\\/07\\\/mariage-saint-paul-de-vence-45-480x320.jpg\",\"full\":\"https:\\\/\\\/www.lauriecornillon.com\\\/wp-content\\\/uploads\\\/sites\\\/5\\\/2022\\\/07\\\/mariage-saint-paul-de-vence-45.jpg\",\"index\":43,\"id\":28774,\"video\":false,\"opts\":{\"caption\":\"\",\"thumb\":\"https:\\\/\\\/www.lauriecornillon.com\\\/wp-content\\\/uploads\\\/sites\\\/5\\\/2022\\\/07\\\/mariage-saint-paul-de-vence-45-100x75_c.jpg\",\"title\":\"mariage-saint-paul-de-vence-45\"},\"gallery_id\":28572},{\"status\":\"active\",\"src\":\"https:\\\/\\\/www.lauriecornillon.com\\\/wp-content\\\/uploads\\\/sites\\\/5\\\/2022\\\/07\\\/mariage-saint-paul-de-vence-46.jpg\",\"title\":\"mariage-saint-paul-de-vence-46\",\"link\":\"https:\\\/\\\/www.lauriecornillon.com\\\/wp-content\\\/uploads\\\/sites\\\/5\\\/2022\\\/07\\\/mariage-saint-paul-de-vence-46.jpg\",\"alt\":\"\",\"caption\":false,\"thumb\":\"https:\\\/\\\/www.lauriecornillon.com\\\/wp-content\\\/uploads\\\/sites\\\/5\\\/2022\\\/07\\\/mariage-saint-paul-de-vence-46-100x75_c.jpg\",\"meta\":{\"aperture\":null,\"credit\":null,\"camera\":null,\"caption\":\"\",\"created_timestamp\":null,\"copyright\":null,\"focal_length\":null,\"iso\":null,\"shutter_speed\":null,\"title\":\"\",\"orientation\":null,\"keywords\":null,\"resized_images\":null},\"thumbnail\":\"https:\\\/\\\/www.lauriecornillon.com\\\/wp-content\\\/uploads\\\/sites\\\/5\\\/2022\\\/07\\\/mariage-saint-paul-de-vence-46-150x150.jpg\",\"medium\":\"https:\\\/\\\/www.lauriecornillon.com\\\/wp-content\\\/uploads\\\/sites\\\/5\\\/2022\\\/07\\\/mariage-saint-paul-de-vence-46-300x200.jpg\",\"medium_large\":\"https:\\\/\\\/www.lauriecornillon.com\\\/wp-content\\\/uploads\\\/sites\\\/5\\\/2022\\\/07\\\/mariage-saint-paul-de-vence-46-768x512.jpg\",\"large\":\"https:\\\/\\\/www.lauriecornillon.com\\\/wp-content\\\/uploads\\\/sites\\\/5\\\/2022\\\/07\\\/mariage-saint-paul-de-vence-46-1024x683.jpg\",\"1536x1536\":\"https:\\\/\\\/www.lauriecornillon.com\\\/wp-content\\\/uploads\\\/sites\\\/5\\\/2022\\\/07\\\/mariage-saint-paul-de-vence-46-1536x1025.jpg\",\"2048x2048\":\"https:\\\/\\\/www.lauriecornillon.com\\\/wp-content\\\/uploads\\\/sites\\\/5\\\/2022\\\/07\\\/mariage-saint-paul-de-vence-46-2048x1366.jpg\",\"trp-custom-language-flag\":\"https:\\\/\\\/www.lauriecornillon.com\\\/wp-content\\\/uploads\\\/sites\\\/5\\\/2022\\\/07\\\/mariage-saint-paul-de-vence-46.jpg\",\"et-pb-post-main-image\":\"https:\\\/\\\/www.lauriecornillon.com\\\/wp-content\\\/uploads\\\/sites\\\/5\\\/2022\\\/07\\\/mariage-saint-paul-de-vence-46-400x250.jpg\",\"et-pb-post-main-image-fullwidth\":\"https:\\\/\\\/www.lauriecornillon.com\\\/wp-content\\\/uploads\\\/sites\\\/5\\\/2022\\\/07\\\/mariage-saint-paul-de-vence-46-1080x675.jpg\",\"et-pb-portfolio-image\":\"https:\\\/\\\/www.lauriecornillon.com\\\/wp-content\\\/uploads\\\/sites\\\/5\\\/2022\\\/07\\\/mariage-saint-paul-de-vence-46-400x284.jpg\",\"et-pb-portfolio-module-image\":\"https:\\\/\\\/www.lauriecornillon.com\\\/wp-content\\\/uploads\\\/sites\\\/5\\\/2022\\\/07\\\/mariage-saint-paul-de-vence-46-510x382.jpg\",\"et-pb-portfolio-image-single\":\"https:\\\/\\\/www.lauriecornillon.com\\\/wp-content\\\/uploads\\\/sites\\\/5\\\/2022\\\/07\\\/mariage-saint-paul-de-vence-46-1080x721.jpg\",\"et-pb-gallery-module-image-portrait\":\"https:\\\/\\\/www.lauriecornillon.com\\\/wp-content\\\/uploads\\\/sites\\\/5\\\/2022\\\/07\\\/mariage-saint-paul-de-vence-46-400x516.jpg\",\"et-pb-post-main-image-fullwidth-large\":\"https:\\\/\\\/www.lauriecornillon.com\\\/wp-content\\\/uploads\\\/sites\\\/5\\\/2022\\\/07\\\/mariage-saint-paul-de-vence-46.jpg\",\"et-pb-image--responsive--desktop\":\"https:\\\/\\\/www.lauriecornillon.com\\\/wp-content\\\/uploads\\\/sites\\\/5\\\/2022\\\/07\\\/mariage-saint-paul-de-vence-46-1280x854.jpg\",\"et-pb-image--responsive--tablet\":\"https:\\\/\\\/www.lauriecornillon.com\\\/wp-content\\\/uploads\\\/sites\\\/5\\\/2022\\\/07\\\/mariage-saint-paul-de-vence-46-980x654.jpg\",\"et-pb-image--responsive--phone\":\"https:\\\/\\\/www.lauriecornillon.com\\\/wp-content\\\/uploads\\\/sites\\\/5\\\/2022\\\/07\\\/mariage-saint-paul-de-vence-46-480x320.jpg\",\"full\":\"https:\\\/\\\/www.lauriecornillon.com\\\/wp-content\\\/uploads\\\/sites\\\/5\\\/2022\\\/07\\\/mariage-saint-paul-de-vence-46.jpg\",\"index\":44,\"id\":28779,\"video\":false,\"opts\":{\"caption\":\"\",\"thumb\":\"https:\\\/\\\/www.lauriecornillon.com\\\/wp-content\\\/uploads\\\/sites\\\/5\\\/2022\\\/07\\\/mariage-saint-paul-de-vence-46-100x75_c.jpg\",\"title\":\"mariage-saint-paul-de-vence-46\"},\"gallery_id\":28572},{\"status\":\"active\",\"src\":\"https:\\\/\\\/www.lauriecornillon.com\\\/wp-content\\\/uploads\\\/sites\\\/5\\\/2022\\\/07\\\/mariage-saint-paul-de-vence-47.jpg\",\"title\":\"mariage-saint-paul-de-vence-47\",\"link\":\"https:\\\/\\\/www.lauriecornillon.com\\\/wp-content\\\/uploads\\\/sites\\\/5\\\/2022\\\/07\\\/mariage-saint-paul-de-vence-47.jpg\",\"alt\":\"\",\"caption\":false,\"thumb\":\"https:\\\/\\\/www.lauriecornillon.com\\\/wp-content\\\/uploads\\\/sites\\\/5\\\/2022\\\/07\\\/mariage-saint-paul-de-vence-47-100x75_c.jpg\",\"meta\":{\"aperture\":null,\"credit\":null,\"camera\":null,\"caption\":\"\",\"created_timestamp\":null,\"copyright\":null,\"focal_length\":null,\"iso\":null,\"shutter_speed\":null,\"title\":\"\",\"orientation\":null,\"keywords\":null,\"resized_images\":null},\"thumbnail\":\"https:\\\/\\\/www.lauriecornillon.com\\\/wp-content\\\/uploads\\\/sites\\\/5\\\/2022\\\/07\\\/mariage-saint-paul-de-vence-47-150x150.jpg\",\"medium\":\"https:\\\/\\\/www.lauriecornillon.com\\\/wp-content\\\/uploads\\\/sites\\\/5\\\/2022\\\/07\\\/mariage-saint-paul-de-vence-47-300x200.jpg\",\"medium_large\":\"https:\\\/\\\/www.lauriecornillon.com\\\/wp-content\\\/uploads\\\/sites\\\/5\\\/2022\\\/07\\\/mariage-saint-paul-de-vence-47-768x512.jpg\",\"large\":\"https:\\\/\\\/www.lauriecornillon.com\\\/wp-content\\\/uploads\\\/sites\\\/5\\\/2022\\\/07\\\/mariage-saint-paul-de-vence-47-1024x683.jpg\",\"1536x1536\":\"https:\\\/\\\/www.lauriecornillon.com\\\/wp-content\\\/uploads\\\/sites\\\/5\\\/2022\\\/07\\\/mariage-saint-paul-de-vence-47-1536x1025.jpg\",\"2048x2048\":\"https:\\\/\\\/www.lauriecornillon.com\\\/wp-content\\\/uploads\\\/sites\\\/5\\\/2022\\\/07\\\/mariage-saint-paul-de-vence-47-2048x1366.jpg\",\"trp-custom-language-flag\":\"https:\\\/\\\/www.lauriecornillon.com\\\/wp-content\\\/uploads\\\/sites\\\/5\\\/2022\\\/07\\\/mariage-saint-paul-de-vence-47.jpg\",\"et-pb-post-main-image\":\"https:\\\/\\\/www.lauriecornillon.com\\\/wp-content\\\/uploads\\\/sites\\\/5\\\/2022\\\/07\\\/mariage-saint-paul-de-vence-47-400x250.jpg\",\"et-pb-post-main-image-fullwidth\":\"https:\\\/\\\/www.lauriecornillon.com\\\/wp-content\\\/uploads\\\/sites\\\/5\\\/2022\\\/07\\\/mariage-saint-paul-de-vence-47-1080x675.jpg\",\"et-pb-portfolio-image\":\"https:\\\/\\\/www.lauriecornillon.com\\\/wp-content\\\/uploads\\\/sites\\\/5\\\/2022\\\/07\\\/mariage-saint-paul-de-vence-47-400x284.jpg\",\"et-pb-portfolio-module-image\":\"https:\\\/\\\/www.lauriecornillon.com\\\/wp-content\\\/uploads\\\/sites\\\/5\\\/2022\\\/07\\\/mariage-saint-paul-de-vence-47-510x382.jpg\",\"et-pb-portfolio-image-single\":\"https:\\\/\\\/www.lauriecornillon.com\\\/wp-content\\\/uploads\\\/sites\\\/5\\\/2022\\\/07\\\/mariage-saint-paul-de-vence-47-1080x721.jpg\",\"et-pb-gallery-module-image-portrait\":\"https:\\\/\\\/www.lauriecornillon.com\\\/wp-content\\\/uploads\\\/sites\\\/5\\\/2022\\\/07\\\/mariage-saint-paul-de-vence-47-400x516.jpg\",\"et-pb-post-main-image-fullwidth-large\":\"https:\\\/\\\/www.lauriecornillon.com\\\/wp-content\\\/uploads\\\/sites\\\/5\\\/2022\\\/07\\\/mariage-saint-paul-de-vence-47.jpg\",\"et-pb-image--responsive--desktop\":\"https:\\\/\\\/www.lauriecornillon.com\\\/wp-content\\\/uploads\\\/sites\\\/5\\\/2022\\\/07\\\/mariage-saint-paul-de-vence-47-1280x854.jpg\",\"et-pb-image--responsive--tablet\":\"https:\\\/\\\/www.lauriecornillon.com\\\/wp-content\\\/uploads\\\/sites\\\/5\\\/2022\\\/07\\\/mariage-saint-paul-de-vence-47-980x654.jpg\",\"et-pb-image--responsive--phone\":\"https:\\\/\\\/www.lauriecornillon.com\\\/wp-content\\\/uploads\\\/sites\\\/5\\\/2022\\\/07\\\/mariage-saint-paul-de-vence-47-480x320.jpg\",\"full\":\"https:\\\/\\\/www.lauriecornillon.com\\\/wp-content\\\/uploads\\\/sites\\\/5\\\/2022\\\/07\\\/mariage-saint-paul-de-vence-47.jpg\",\"index\":45,\"id\":28784,\"video\":false,\"opts\":{\"caption\":\"\",\"thumb\":\"https:\\\/\\\/www.lauriecornillon.com\\\/wp-content\\\/uploads\\\/sites\\\/5\\\/2022\\\/07\\\/mariage-saint-paul-de-vence-47-100x75_c.jpg\",\"title\":\"mariage-saint-paul-de-vence-47\"},\"gallery_id\":28572}]' data-lightbox-theme='{&quot;arrows&quot;:true,&quot;margins&quot;:[10,0],&quot;gutter&quot;:&quot;100&quot;,&quot;thumbs_position&quot;:&quot;bottom&quot;,&quot;base_template&quot;:&quot;&lt;div id=\\&quot;envirabox-28572\\&quot; data-envirabox-id=\\&quot;28572\\&quot; class=\\&quot;envirabox-container envirabox-theme-base_dark envirabox-wrap\\&quot; role=\\&quot;dialog\\&quot;&gt;&lt;div class=\\&quot;envirabox-bg\\&quot;&gt;&lt;\\\/div&gt;&lt;div class=\\&quot;envirabox-outer\\&quot;&gt;&lt;div class=\\&quot;envirabox-inner\\&quot;&gt;&lt;div class=\\&quot;envirabox-caption-wrap\\&quot;&gt;&lt;\\\/div&gt;&lt;div class=\\&quot;envirabox-toolbar\\&quot;&gt;&lt;div class=\\&quot;envirabox-slideshow-button\\&quot;&gt;&lt;a data-envirabox-play href=\\&quot;#\\&quot; class=\\&quot;envirabox-button--play\\&quot; title=\\&quot;D\\u00e9marrer le diaporama\\&quot;&gt;&lt;\\\/a&gt;&lt;\\\/div&gt;&lt;div class=\\&quot;envira-thumbs-button\\&quot;&gt;&lt;a data-envirabox-thumbs class=\\&quot;envirabox-item envira-thumbs-button envirabox-button--thumbs\\&quot; title=\\&quot;Basculer les vignettes\\&quot; href=\\&quot;javascript:void(0)\\&quot;&gt;&lt;\\\/a&gt;&lt;\\\/div&gt;&lt;div class=\\&quot;envira-close-button\\&quot;&gt;&lt;a data-envirabox-close class=\\&quot;envirabox-item envirabox-close envirabox-button--close\\&quot; title=\\&quot;Fermer\\&quot; href=\\&quot;#\\&quot;&gt;&lt;\\\/a&gt;&lt;\\\/div&gt;&lt;\\\/div&gt;&lt;div class=\\&quot;envirabox-navigation\\&quot;&gt;&lt;a data-envirabox-prev title=\\&quot;Prev\\&quot; class=\\&quot;envirabox-arrow envirabox-arrow--left envirabox-nav envirabox-prev\\&quot; href=\\&quot;#\\&quot;&gt;&lt;span&gt;&lt;\\\/span&gt;&lt;\\\/a&gt;&lt;a data-envirabox-next title=\\&quot;Suivant\\&quot; class=\\&quot;envirabox-arrow envirabox-arrow--right envirabox-nav envirabox-next\\&quot; href=\\&quot;#\\&quot;&gt;&lt;span&gt;&lt;\\\/span&gt;&lt;\\\/a&gt;&lt;\\\/div&gt;&lt;div class=\\&quot;envirabox-stage\\&quot;&gt;&lt;\\\/div&gt;&lt;\\\/div&gt;&lt;\\\/div&gt;&lt;\\\/div&gt;&quot;,&quot;load_all&quot;:false,&quot;error_template&quot;:&quot;&lt;div class=\\&quot;envirabox-error\\&quot;&gt;&lt;p&gt;{{ERROR}}&lt;p&gt;&lt;\\\/div&gt;&quot;,&quot;inner_caption&quot;:false,&quot;caption_position&quot;:false,&quot;arrow_position&quot;:false,&quot;toolbar&quot;:true,&quot;infobar&quot;:false,&quot;show_smallbtn&quot;:false,&quot;idle_time&quot;:false,&quot;click_content&quot;:false,&quot;click_slide&quot;:false,&quot;click_outside&quot;:false,&quot;animation_duration&quot;:false,&quot;transition_duration&quot;:false,&quot;small_btn_template&quot;:&quot;&lt;a data-envirabox-close class=\\&quot;envirabox-item envirabox-close envirabox-button--close\\&quot; title=\\&quot;Fermer\\&quot; href=\\&quot;#\\&quot;&gt;&lt;\\\/a&gt;&quot;}' id=\"envira-gallery-28572\" class=\"envira-gallery-public  envira-gallery-3-columns envira-clear enviratope\"><div id=\"envira-gallery-item-28579\" class=\"envira-gallery-item envira-gallery-item-1 enviratope-item\" style=\"padding-left: 1px; padding-bottom: 2px; padding-right: 1px;\"  itemscope itemtype=\"http:\/\/schema.org\/ImageObject\"><div class=\"envira-gallery-item-inner\"><div class=\"envira-gallery-position-overlay envira-gallery-top-left\"><\/div><div class=\"envira-gallery-position-overlay envira-gallery-top-right\"><\/div><div class=\"envira-gallery-position-overlay envira-gallery-bottom-left\"><\/div><div class=\"envira-gallery-position-overlay envira-gallery-bottom-right\"><\/div><a data-envirabox=\"28572\" href=\"https:\/\/www.lauriecornillon.com\/wp-content\/uploads\/sites\/5\/2022\/07\/mariage-saint-paul-de-vence-1.jpg\" class=\"envira-gallery-28572 envira-gallery-link \" title=\"mariage-saint-paul-de-vence-1\" data-envira-item-id=\"28579\" data-title=\"mariage-saint-paul-de-vence-1\" data-caption=\" \" data-envira-retina=\"https:\/\/www.lauriecornillon.com\/wp-content\/uploads\/sites\/5\/2022\/07\/mariage-saint-paul-de-vence-1.jpg\" data-thumb=\"https:\/\/www.lauriecornillon.com\/wp-content\/uploads\/sites\/5\/2022\/07\/mariage-saint-paul-de-vence-1-100x75_c.jpg\"  itemprop=\"contentUrl\" ><img decoding=\"async\" id=\"envira-gallery-image-28579\"  data-envirabox=\"28572\" tabindex=\"-1\" class=\"envira-gallery-image envira-gallery-image-1 \" data-envira-index=\"0\" src=\"https:\/\/www.lauriecornillon.com\/wp-content\/uploads\/sites\/5\/2022\/07\/mariage-saint-paul-de-vence-1-1024x683.jpg\" width=\"640\" height=\"480\" data-envira-src=\"https:\/\/www.lauriecornillon.com\/wp-content\/uploads\/sites\/5\/2022\/07\/mariage-saint-paul-de-vence-1-1024x683.jpg\" data-envira-gallery-id=\"28572\" data-envira-item-id=\"28579\" data-caption=\" \" data-title=\"mariage-saint-paul-de-vence-1\"  alt=\"\" title=\"mariage-saint-paul-de-vence-1\"  data-no-lazy=\"1\"  itemprop=\"thumbnailUrl\" data-envira-srcset=\"https:\/\/www.lauriecornillon.com\/wp-content\/uploads\/sites\/5\/2022\/07\/mariage-saint-paul-de-vence-1-1024x683.jpg 400w,https:\/\/www.lauriecornillon.com\/wp-content\/uploads\/sites\/5\/2022\/07\/mariage-saint-paul-de-vence-1-1024x683.jpg 2x\" srcset=\"https:\/\/www.lauriecornillon.com\/wp-content\/uploads\/sites\/5\/2022\/07\/mariage-saint-paul-de-vence-1.jpg, https:\/\/www.lauriecornillon.com\/wp-content\/uploads\/sites\/5\/2022\/07\/mariage-saint-paul-de-vence-1.jpg 2x\" \/><\/a><div class=\"envira-gallery-captioned-data envira-gallery-captioned-data-base\"><\/div><\/div><\/div><div id=\"envira-gallery-item-28583\" class=\"envira-gallery-item envira-gallery-item-2 enviratope-item\" style=\"padding-left: 1px; padding-bottom: 2px; padding-right: 1px;\"  itemscope itemtype=\"http:\/\/schema.org\/ImageObject\"><div class=\"envira-gallery-item-inner\"><div class=\"envira-gallery-position-overlay envira-gallery-top-left\"><\/div><div class=\"envira-gallery-position-overlay envira-gallery-top-right\"><\/div><div class=\"envira-gallery-position-overlay envira-gallery-bottom-left\"><\/div><div class=\"envira-gallery-position-overlay envira-gallery-bottom-right\"><\/div><a data-envirabox=\"28572\" href=\"https:\/\/www.lauriecornillon.com\/wp-content\/uploads\/sites\/5\/2022\/07\/mariage-saint-paul-de-vence-2.jpg\" class=\"envira-gallery-28572 envira-gallery-link \" title=\"mariage-saint-paul-de-vence-2\" data-envira-item-id=\"28583\" data-title=\"mariage-saint-paul-de-vence-2\" data-caption=\" \" data-envira-retina=\"https:\/\/www.lauriecornillon.com\/wp-content\/uploads\/sites\/5\/2022\/07\/mariage-saint-paul-de-vence-2.jpg\" data-thumb=\"https:\/\/www.lauriecornillon.com\/wp-content\/uploads\/sites\/5\/2022\/07\/mariage-saint-paul-de-vence-2-100x75_c.jpg\"  itemprop=\"contentUrl\" ><img decoding=\"async\" id=\"envira-gallery-image-28583\"  data-envirabox=\"28572\" tabindex=\"-1\" class=\"envira-gallery-image envira-gallery-image-2 \" data-envira-index=\"1\" src=\"https:\/\/www.lauriecornillon.com\/wp-content\/uploads\/sites\/5\/2022\/07\/mariage-saint-paul-de-vence-2-1024x683.jpg\" width=\"640\" height=\"480\" data-envira-src=\"https:\/\/www.lauriecornillon.com\/wp-content\/uploads\/sites\/5\/2022\/07\/mariage-saint-paul-de-vence-2-1024x683.jpg\" data-envira-gallery-id=\"28572\" data-envira-item-id=\"28583\" data-caption=\" \" data-title=\"mariage-saint-paul-de-vence-2\"  alt=\"\" title=\"mariage-saint-paul-de-vence-2\"  data-no-lazy=\"1\"  itemprop=\"thumbnailUrl\" data-envira-srcset=\"https:\/\/www.lauriecornillon.com\/wp-content\/uploads\/sites\/5\/2022\/07\/mariage-saint-paul-de-vence-2-1024x683.jpg 400w,https:\/\/www.lauriecornillon.com\/wp-content\/uploads\/sites\/5\/2022\/07\/mariage-saint-paul-de-vence-2-1024x683.jpg 2x\" srcset=\"https:\/\/www.lauriecornillon.com\/wp-content\/uploads\/sites\/5\/2022\/07\/mariage-saint-paul-de-vence-2.jpg, https:\/\/www.lauriecornillon.com\/wp-content\/uploads\/sites\/5\/2022\/07\/mariage-saint-paul-de-vence-2.jpg 2x\" \/><\/a><div class=\"envira-gallery-captioned-data envira-gallery-captioned-data-base\"><\/div><\/div><\/div><div id=\"envira-gallery-item-28585\" class=\"envira-gallery-item envira-gallery-item-3 enviratope-item\" style=\"padding-left: 1px; padding-bottom: 2px; padding-right: 1px;\"  itemscope itemtype=\"http:\/\/schema.org\/ImageObject\"><div class=\"envira-gallery-item-inner\"><div class=\"envira-gallery-position-overlay envira-gallery-top-left\"><\/div><div class=\"envira-gallery-position-overlay envira-gallery-top-right\"><\/div><div class=\"envira-gallery-position-overlay envira-gallery-bottom-left\"><\/div><div class=\"envira-gallery-position-overlay envira-gallery-bottom-right\"><\/div><a data-envirabox=\"28572\" href=\"https:\/\/www.lauriecornillon.com\/wp-content\/uploads\/sites\/5\/2022\/07\/mariage-saint-paul-de-vence-3.jpg\" class=\"envira-gallery-28572 envira-gallery-link \" title=\"mariage-saint-paul-de-vence-3\" data-envira-item-id=\"28585\" data-title=\"mariage-saint-paul-de-vence-3\" data-caption=\" \" data-envira-retina=\"https:\/\/www.lauriecornillon.com\/wp-content\/uploads\/sites\/5\/2022\/07\/mariage-saint-paul-de-vence-3.jpg\" data-thumb=\"https:\/\/www.lauriecornillon.com\/wp-content\/uploads\/sites\/5\/2022\/07\/mariage-saint-paul-de-vence-3-100x75_c.jpg\"  itemprop=\"contentUrl\" ><img decoding=\"async\" id=\"envira-gallery-image-28585\"  data-envirabox=\"28572\" tabindex=\"-1\" class=\"envira-gallery-image envira-gallery-image-3 \" data-envira-index=\"2\" src=\"https:\/\/www.lauriecornillon.com\/wp-content\/uploads\/sites\/5\/2022\/07\/mariage-saint-paul-de-vence-3-1024x683.jpg\" width=\"640\" height=\"480\" data-envira-src=\"https:\/\/www.lauriecornillon.com\/wp-content\/uploads\/sites\/5\/2022\/07\/mariage-saint-paul-de-vence-3-1024x683.jpg\" data-envira-gallery-id=\"28572\" data-envira-item-id=\"28585\" data-caption=\" \" data-title=\"mariage-saint-paul-de-vence-3\"  alt=\"\" title=\"mariage-saint-paul-de-vence-3\"  data-no-lazy=\"1\"  itemprop=\"thumbnailUrl\" data-envira-srcset=\"https:\/\/www.lauriecornillon.com\/wp-content\/uploads\/sites\/5\/2022\/07\/mariage-saint-paul-de-vence-3-1024x683.jpg 400w,https:\/\/www.lauriecornillon.com\/wp-content\/uploads\/sites\/5\/2022\/07\/mariage-saint-paul-de-vence-3-1024x683.jpg 2x\" srcset=\"https:\/\/www.lauriecornillon.com\/wp-content\/uploads\/sites\/5\/2022\/07\/mariage-saint-paul-de-vence-3.jpg, https:\/\/www.lauriecornillon.com\/wp-content\/uploads\/sites\/5\/2022\/07\/mariage-saint-paul-de-vence-3.jpg 2x\" \/><\/a><div class=\"envira-gallery-captioned-data envira-gallery-captioned-data-base\"><\/div><\/div><\/div><div id=\"envira-gallery-item-28589\" class=\"envira-gallery-item envira-gallery-item-4 enviratope-item\" style=\"padding-left: 1px; padding-bottom: 2px; padding-right: 1px;\"  itemscope itemtype=\"http:\/\/schema.org\/ImageObject\"><div class=\"envira-gallery-item-inner\"><div class=\"envira-gallery-position-overlay envira-gallery-top-left\"><\/div><div class=\"envira-gallery-position-overlay envira-gallery-top-right\"><\/div><div class=\"envira-gallery-position-overlay envira-gallery-bottom-left\"><\/div><div class=\"envira-gallery-position-overlay envira-gallery-bottom-right\"><\/div><a data-envirabox=\"28572\" href=\"https:\/\/www.lauriecornillon.com\/wp-content\/uploads\/sites\/5\/2022\/07\/mariage-saint-paul-de-vence-4.jpg\" class=\"envira-gallery-28572 envira-gallery-link \" title=\"mariage-saint-paul-de-vence-4\" data-envira-item-id=\"28589\" data-title=\"mariage-saint-paul-de-vence-4\" data-caption=\" \" data-envira-retina=\"https:\/\/www.lauriecornillon.com\/wp-content\/uploads\/sites\/5\/2022\/07\/mariage-saint-paul-de-vence-4.jpg\" data-thumb=\"https:\/\/www.lauriecornillon.com\/wp-content\/uploads\/sites\/5\/2022\/07\/mariage-saint-paul-de-vence-4-100x75_c.jpg\"  itemprop=\"contentUrl\" ><img decoding=\"async\" id=\"envira-gallery-image-28589\"  data-envirabox=\"28572\" tabindex=\"-1\" class=\"envira-gallery-image envira-gallery-image-4 \" data-envira-index=\"3\" src=\"https:\/\/www.lauriecornillon.com\/wp-content\/uploads\/sites\/5\/2022\/07\/mariage-saint-paul-de-vence-4-1024x683.jpg\" width=\"640\" height=\"480\" data-envira-src=\"https:\/\/www.lauriecornillon.com\/wp-content\/uploads\/sites\/5\/2022\/07\/mariage-saint-paul-de-vence-4-1024x683.jpg\" data-envira-gallery-id=\"28572\" data-envira-item-id=\"28589\" data-caption=\" \" data-title=\"mariage-saint-paul-de-vence-4\"  alt=\"\" title=\"mariage-saint-paul-de-vence-4\"  data-no-lazy=\"1\"  itemprop=\"thumbnailUrl\" data-envira-srcset=\"https:\/\/www.lauriecornillon.com\/wp-content\/uploads\/sites\/5\/2022\/07\/mariage-saint-paul-de-vence-4-1024x683.jpg 400w,https:\/\/www.lauriecornillon.com\/wp-content\/uploads\/sites\/5\/2022\/07\/mariage-saint-paul-de-vence-4-1024x683.jpg 2x\" srcset=\"https:\/\/www.lauriecornillon.com\/wp-content\/uploads\/sites\/5\/2022\/07\/mariage-saint-paul-de-vence-4.jpg, https:\/\/www.lauriecornillon.com\/wp-content\/uploads\/sites\/5\/2022\/07\/mariage-saint-paul-de-vence-4.jpg 2x\" \/><\/a><div class=\"envira-gallery-captioned-data envira-gallery-captioned-data-base\"><\/div><\/div><\/div><div id=\"envira-gallery-item-28594\" class=\"envira-gallery-item envira-gallery-item-5 enviratope-item\" style=\"padding-left: 1px; padding-bottom: 2px; padding-right: 1px;\"  itemscope itemtype=\"http:\/\/schema.org\/ImageObject\"><div class=\"envira-gallery-item-inner\"><div class=\"envira-gallery-position-overlay envira-gallery-top-left\"><\/div><div class=\"envira-gallery-position-overlay envira-gallery-top-right\"><\/div><div class=\"envira-gallery-position-overlay envira-gallery-bottom-left\"><\/div><div class=\"envira-gallery-position-overlay envira-gallery-bottom-right\"><\/div><a data-envirabox=\"28572\" href=\"https:\/\/www.lauriecornillon.com\/wp-content\/uploads\/sites\/5\/2022\/07\/mariage-saint-paul-de-vence-5.jpg\" class=\"envira-gallery-28572 envira-gallery-link \" title=\"mariage-saint-paul-de-vence-5\" data-envira-item-id=\"28594\" data-title=\"mariage-saint-paul-de-vence-5\" data-caption=\" \" data-envira-retina=\"https:\/\/www.lauriecornillon.com\/wp-content\/uploads\/sites\/5\/2022\/07\/mariage-saint-paul-de-vence-5.jpg\" data-thumb=\"https:\/\/www.lauriecornillon.com\/wp-content\/uploads\/sites\/5\/2022\/07\/mariage-saint-paul-de-vence-5-100x75_c.jpg\"  itemprop=\"contentUrl\" ><img decoding=\"async\" id=\"envira-gallery-image-28594\"  data-envirabox=\"28572\" tabindex=\"-1\" class=\"envira-gallery-image envira-gallery-image-5 \" data-envira-index=\"4\" src=\"https:\/\/www.lauriecornillon.com\/wp-content\/uploads\/sites\/5\/2022\/07\/mariage-saint-paul-de-vence-5-1024x683.jpg\" width=\"640\" height=\"480\" data-envira-src=\"https:\/\/www.lauriecornillon.com\/wp-content\/uploads\/sites\/5\/2022\/07\/mariage-saint-paul-de-vence-5-1024x683.jpg\" data-envira-gallery-id=\"28572\" data-envira-item-id=\"28594\" data-caption=\" \" data-title=\"mariage-saint-paul-de-vence-5\"  alt=\"\" title=\"mariage-saint-paul-de-vence-5\"  data-no-lazy=\"1\"  itemprop=\"thumbnailUrl\" data-envira-srcset=\"https:\/\/www.lauriecornillon.com\/wp-content\/uploads\/sites\/5\/2022\/07\/mariage-saint-paul-de-vence-5-1024x683.jpg 400w,https:\/\/www.lauriecornillon.com\/wp-content\/uploads\/sites\/5\/2022\/07\/mariage-saint-paul-de-vence-5-1024x683.jpg 2x\" srcset=\"https:\/\/www.lauriecornillon.com\/wp-content\/uploads\/sites\/5\/2022\/07\/mariage-saint-paul-de-vence-5.jpg, https:\/\/www.lauriecornillon.com\/wp-content\/uploads\/sites\/5\/2022\/07\/mariage-saint-paul-de-vence-5.jpg 2x\" \/><\/a><div class=\"envira-gallery-captioned-data envira-gallery-captioned-data-base\"><\/div><\/div><\/div><div id=\"envira-gallery-item-28597\" class=\"envira-gallery-item envira-gallery-item-6 enviratope-item\" style=\"padding-left: 1px; padding-bottom: 2px; padding-right: 1px;\"  itemscope itemtype=\"http:\/\/schema.org\/ImageObject\"><div class=\"envira-gallery-item-inner\"><div class=\"envira-gallery-position-overlay envira-gallery-top-left\"><\/div><div class=\"envira-gallery-position-overlay envira-gallery-top-right\"><\/div><div class=\"envira-gallery-position-overlay envira-gallery-bottom-left\"><\/div><div class=\"envira-gallery-position-overlay envira-gallery-bottom-right\"><\/div><a data-envirabox=\"28572\" href=\"https:\/\/www.lauriecornillon.com\/wp-content\/uploads\/sites\/5\/2022\/07\/mariage-saint-paul-de-vence-6.jpg\" class=\"envira-gallery-28572 envira-gallery-link \" title=\"mariage-saint-paul-de-vence-6\" data-envira-item-id=\"28597\" data-title=\"mariage-saint-paul-de-vence-6\" data-caption=\" \" data-envira-retina=\"https:\/\/www.lauriecornillon.com\/wp-content\/uploads\/sites\/5\/2022\/07\/mariage-saint-paul-de-vence-6.jpg\" data-thumb=\"https:\/\/www.lauriecornillon.com\/wp-content\/uploads\/sites\/5\/2022\/07\/mariage-saint-paul-de-vence-6-100x75_c.jpg\"  itemprop=\"contentUrl\" ><img decoding=\"async\" id=\"envira-gallery-image-28597\"  data-envirabox=\"28572\" tabindex=\"-1\" class=\"envira-gallery-image envira-gallery-image-6 \" data-envira-index=\"5\" src=\"https:\/\/www.lauriecornillon.com\/wp-content\/uploads\/sites\/5\/2022\/07\/mariage-saint-paul-de-vence-6-1024x683.jpg\" width=\"640\" height=\"480\" data-envira-src=\"https:\/\/www.lauriecornillon.com\/wp-content\/uploads\/sites\/5\/2022\/07\/mariage-saint-paul-de-vence-6-1024x683.jpg\" data-envira-gallery-id=\"28572\" data-envira-item-id=\"28597\" data-caption=\" \" data-title=\"mariage-saint-paul-de-vence-6\"  alt=\"\" title=\"mariage-saint-paul-de-vence-6\"  data-no-lazy=\"1\"  itemprop=\"thumbnailUrl\" data-envira-srcset=\"https:\/\/www.lauriecornillon.com\/wp-content\/uploads\/sites\/5\/2022\/07\/mariage-saint-paul-de-vence-6-1024x683.jpg 400w,https:\/\/www.lauriecornillon.com\/wp-content\/uploads\/sites\/5\/2022\/07\/mariage-saint-paul-de-vence-6-1024x683.jpg 2x\" srcset=\"https:\/\/www.lauriecornillon.com\/wp-content\/uploads\/sites\/5\/2022\/07\/mariage-saint-paul-de-vence-6.jpg, https:\/\/www.lauriecornillon.com\/wp-content\/uploads\/sites\/5\/2022\/07\/mariage-saint-paul-de-vence-6.jpg 2x\" \/><\/a><div class=\"envira-gallery-captioned-data envira-gallery-captioned-data-base\"><\/div><\/div><\/div><div id=\"envira-gallery-item-28601\" class=\"envira-gallery-item envira-gallery-item-7 enviratope-item\" style=\"padding-left: 1px; padding-bottom: 2px; padding-right: 1px;\"  itemscope itemtype=\"http:\/\/schema.org\/ImageObject\"><div class=\"envira-gallery-item-inner\"><div class=\"envira-gallery-position-overlay envira-gallery-top-left\"><\/div><div class=\"envira-gallery-position-overlay envira-gallery-top-right\"><\/div><div class=\"envira-gallery-position-overlay envira-gallery-bottom-left\"><\/div><div class=\"envira-gallery-position-overlay envira-gallery-bottom-right\"><\/div><a data-envirabox=\"28572\" href=\"https:\/\/www.lauriecornillon.com\/wp-content\/uploads\/sites\/5\/2022\/07\/mariage-saint-paul-de-vence-7.jpg\" class=\"envira-gallery-28572 envira-gallery-link \" title=\"mariage-saint-paul-de-vence-7\" data-envira-item-id=\"28601\" data-title=\"mariage-saint-paul-de-vence-7\" data-caption=\" \" data-envira-retina=\"https:\/\/www.lauriecornillon.com\/wp-content\/uploads\/sites\/5\/2022\/07\/mariage-saint-paul-de-vence-7.jpg\" data-thumb=\"https:\/\/www.lauriecornillon.com\/wp-content\/uploads\/sites\/5\/2022\/07\/mariage-saint-paul-de-vence-7-100x75_c.jpg\"  itemprop=\"contentUrl\" ><img decoding=\"async\" id=\"envira-gallery-image-28601\"  data-envirabox=\"28572\" tabindex=\"-1\" class=\"envira-gallery-image envira-gallery-image-7 \" data-envira-index=\"6\" src=\"https:\/\/www.lauriecornillon.com\/wp-content\/uploads\/sites\/5\/2022\/07\/mariage-saint-paul-de-vence-7-1024x683.jpg\" width=\"640\" height=\"480\" data-envira-src=\"https:\/\/www.lauriecornillon.com\/wp-content\/uploads\/sites\/5\/2022\/07\/mariage-saint-paul-de-vence-7-1024x683.jpg\" data-envira-gallery-id=\"28572\" data-envira-item-id=\"28601\" data-caption=\" \" data-title=\"mariage-saint-paul-de-vence-7\"  alt=\"\" title=\"mariage-saint-paul-de-vence-7\"  data-no-lazy=\"1\"  itemprop=\"thumbnailUrl\" data-envira-srcset=\"https:\/\/www.lauriecornillon.com\/wp-content\/uploads\/sites\/5\/2022\/07\/mariage-saint-paul-de-vence-7-1024x683.jpg 400w,https:\/\/www.lauriecornillon.com\/wp-content\/uploads\/sites\/5\/2022\/07\/mariage-saint-paul-de-vence-7-1024x683.jpg 2x\" srcset=\"https:\/\/www.lauriecornillon.com\/wp-content\/uploads\/sites\/5\/2022\/07\/mariage-saint-paul-de-vence-7.jpg, https:\/\/www.lauriecornillon.com\/wp-content\/uploads\/sites\/5\/2022\/07\/mariage-saint-paul-de-vence-7.jpg 2x\" \/><\/a><div class=\"envira-gallery-captioned-data envira-gallery-captioned-data-base\"><\/div><\/div><\/div><div id=\"envira-gallery-item-28605\" class=\"envira-gallery-item envira-gallery-item-8 enviratope-item\" style=\"padding-left: 1px; padding-bottom: 2px; padding-right: 1px;\"  itemscope itemtype=\"http:\/\/schema.org\/ImageObject\"><div class=\"envira-gallery-item-inner\"><div class=\"envira-gallery-position-overlay envira-gallery-top-left\"><\/div><div class=\"envira-gallery-position-overlay envira-gallery-top-right\"><\/div><div class=\"envira-gallery-position-overlay envira-gallery-bottom-left\"><\/div><div class=\"envira-gallery-position-overlay envira-gallery-bottom-right\"><\/div><a data-envirabox=\"28572\" href=\"https:\/\/www.lauriecornillon.com\/wp-content\/uploads\/sites\/5\/2022\/07\/mariage-saint-paul-de-vence-8.jpg\" class=\"envira-gallery-28572 envira-gallery-link \" title=\"mariage-saint-paul-de-vence-8\" data-envira-item-id=\"28605\" data-title=\"mariage-saint-paul-de-vence-8\" data-caption=\" \" data-envira-retina=\"https:\/\/www.lauriecornillon.com\/wp-content\/uploads\/sites\/5\/2022\/07\/mariage-saint-paul-de-vence-8.jpg\" data-thumb=\"https:\/\/www.lauriecornillon.com\/wp-content\/uploads\/sites\/5\/2022\/07\/mariage-saint-paul-de-vence-8-100x75_c.jpg\"  itemprop=\"contentUrl\" ><img decoding=\"async\" id=\"envira-gallery-image-28605\"  data-envirabox=\"28572\" tabindex=\"-1\" class=\"envira-gallery-image envira-gallery-image-8 \" data-envira-index=\"7\" src=\"https:\/\/www.lauriecornillon.com\/wp-content\/uploads\/sites\/5\/2022\/07\/mariage-saint-paul-de-vence-8-1024x683.jpg\" width=\"640\" height=\"480\" data-envira-src=\"https:\/\/www.lauriecornillon.com\/wp-content\/uploads\/sites\/5\/2022\/07\/mariage-saint-paul-de-vence-8-1024x683.jpg\" data-envira-gallery-id=\"28572\" data-envira-item-id=\"28605\" data-caption=\" \" data-title=\"mariage-saint-paul-de-vence-8\"  alt=\"\" title=\"mariage-saint-paul-de-vence-8\"  data-no-lazy=\"1\"  itemprop=\"thumbnailUrl\" data-envira-srcset=\"https:\/\/www.lauriecornillon.com\/wp-content\/uploads\/sites\/5\/2022\/07\/mariage-saint-paul-de-vence-8-1024x683.jpg 400w,https:\/\/www.lauriecornillon.com\/wp-content\/uploads\/sites\/5\/2022\/07\/mariage-saint-paul-de-vence-8-1024x683.jpg 2x\" srcset=\"https:\/\/www.lauriecornillon.com\/wp-content\/uploads\/sites\/5\/2022\/07\/mariage-saint-paul-de-vence-8.jpg, https:\/\/www.lauriecornillon.com\/wp-content\/uploads\/sites\/5\/2022\/07\/mariage-saint-paul-de-vence-8.jpg 2x\" \/><\/a><div class=\"envira-gallery-captioned-data envira-gallery-captioned-data-base\"><\/div><\/div><\/div><div id=\"envira-gallery-item-28608\" class=\"envira-gallery-item envira-gallery-item-9 enviratope-item\" style=\"padding-left: 1px; padding-bottom: 2px; padding-right: 1px;\"  itemscope itemtype=\"http:\/\/schema.org\/ImageObject\"><div class=\"envira-gallery-item-inner\"><div class=\"envira-gallery-position-overlay envira-gallery-top-left\"><\/div><div class=\"envira-gallery-position-overlay envira-gallery-top-right\"><\/div><div class=\"envira-gallery-position-overlay envira-gallery-bottom-left\"><\/div><div class=\"envira-gallery-position-overlay envira-gallery-bottom-right\"><\/div><a data-envirabox=\"28572\" href=\"https:\/\/www.lauriecornillon.com\/wp-content\/uploads\/sites\/5\/2022\/07\/mariage-saint-paul-de-vence-9.jpg\" class=\"envira-gallery-28572 envira-gallery-link \" title=\"mariage-saint-paul-de-vence-9\" data-envira-item-id=\"28608\" data-title=\"mariage-saint-paul-de-vence-9\" data-caption=\" \" data-envira-retina=\"https:\/\/www.lauriecornillon.com\/wp-content\/uploads\/sites\/5\/2022\/07\/mariage-saint-paul-de-vence-9.jpg\" data-thumb=\"https:\/\/www.lauriecornillon.com\/wp-content\/uploads\/sites\/5\/2022\/07\/mariage-saint-paul-de-vence-9-100x75_c.jpg\"  itemprop=\"contentUrl\" ><img decoding=\"async\" id=\"envira-gallery-image-28608\"  data-envirabox=\"28572\" tabindex=\"-1\" class=\"envira-gallery-image envira-gallery-image-9 \" data-envira-index=\"8\" src=\"https:\/\/www.lauriecornillon.com\/wp-content\/uploads\/sites\/5\/2022\/07\/mariage-saint-paul-de-vence-9-1024x683.jpg\" width=\"640\" height=\"480\" data-envira-src=\"https:\/\/www.lauriecornillon.com\/wp-content\/uploads\/sites\/5\/2022\/07\/mariage-saint-paul-de-vence-9-1024x683.jpg\" data-envira-gallery-id=\"28572\" data-envira-item-id=\"28608\" data-caption=\" \" data-title=\"mariage-saint-paul-de-vence-9\"  alt=\"\" title=\"mariage-saint-paul-de-vence-9\"  data-no-lazy=\"1\"  itemprop=\"thumbnailUrl\" data-envira-srcset=\"https:\/\/www.lauriecornillon.com\/wp-content\/uploads\/sites\/5\/2022\/07\/mariage-saint-paul-de-vence-9-1024x683.jpg 400w,https:\/\/www.lauriecornillon.com\/wp-content\/uploads\/sites\/5\/2022\/07\/mariage-saint-paul-de-vence-9-1024x683.jpg 2x\" srcset=\"https:\/\/www.lauriecornillon.com\/wp-content\/uploads\/sites\/5\/2022\/07\/mariage-saint-paul-de-vence-9.jpg, https:\/\/www.lauriecornillon.com\/wp-content\/uploads\/sites\/5\/2022\/07\/mariage-saint-paul-de-vence-9.jpg 2x\" \/><\/a><div class=\"envira-gallery-captioned-data envira-gallery-captioned-data-base\"><\/div><\/div><\/div><div id=\"envira-gallery-item-28612\" class=\"envira-gallery-item envira-gallery-item-10 enviratope-item\" style=\"padding-left: 1px; padding-bottom: 2px; padding-right: 1px;\"  itemscope itemtype=\"http:\/\/schema.org\/ImageObject\"><div class=\"envira-gallery-item-inner\"><div class=\"envira-gallery-position-overlay envira-gallery-top-left\"><\/div><div class=\"envira-gallery-position-overlay envira-gallery-top-right\"><\/div><div class=\"envira-gallery-position-overlay envira-gallery-bottom-left\"><\/div><div class=\"envira-gallery-position-overlay envira-gallery-bottom-right\"><\/div><a data-envirabox=\"28572\" href=\"https:\/\/www.lauriecornillon.com\/wp-content\/uploads\/sites\/5\/2022\/07\/mariage-saint-paul-de-vence-10.jpg\" class=\"envira-gallery-28572 envira-gallery-link \" title=\"mariage-saint-paul-de-vence-10\" data-envira-item-id=\"28612\" data-title=\"mariage-saint-paul-de-vence-10\" data-caption=\" \" data-envira-retina=\"https:\/\/www.lauriecornillon.com\/wp-content\/uploads\/sites\/5\/2022\/07\/mariage-saint-paul-de-vence-10.jpg\" data-thumb=\"https:\/\/www.lauriecornillon.com\/wp-content\/uploads\/sites\/5\/2022\/07\/mariage-saint-paul-de-vence-10-100x75_c.jpg\"  itemprop=\"contentUrl\" ><img decoding=\"async\" id=\"envira-gallery-image-28612\"  data-envirabox=\"28572\" tabindex=\"-1\" class=\"envira-gallery-image envira-gallery-image-10 \" data-envira-index=\"9\" src=\"https:\/\/www.lauriecornillon.com\/wp-content\/uploads\/sites\/5\/2022\/07\/mariage-saint-paul-de-vence-10-1024x683.jpg\" width=\"640\" height=\"480\" data-envira-src=\"https:\/\/www.lauriecornillon.com\/wp-content\/uploads\/sites\/5\/2022\/07\/mariage-saint-paul-de-vence-10-1024x683.jpg\" data-envira-gallery-id=\"28572\" data-envira-item-id=\"28612\" data-caption=\" \" data-title=\"mariage-saint-paul-de-vence-10\"  alt=\"\" title=\"mariage-saint-paul-de-vence-10\"  data-no-lazy=\"1\"  itemprop=\"thumbnailUrl\" data-envira-srcset=\"https:\/\/www.lauriecornillon.com\/wp-content\/uploads\/sites\/5\/2022\/07\/mariage-saint-paul-de-vence-10-1024x683.jpg 400w,https:\/\/www.lauriecornillon.com\/wp-content\/uploads\/sites\/5\/2022\/07\/mariage-saint-paul-de-vence-10-1024x683.jpg 2x\" srcset=\"https:\/\/www.lauriecornillon.com\/wp-content\/uploads\/sites\/5\/2022\/07\/mariage-saint-paul-de-vence-10.jpg, https:\/\/www.lauriecornillon.com\/wp-content\/uploads\/sites\/5\/2022\/07\/mariage-saint-paul-de-vence-10.jpg 2x\" \/><\/a><div class=\"envira-gallery-captioned-data envira-gallery-captioned-data-base\"><\/div><\/div><\/div><div id=\"envira-gallery-item-28616\" class=\"envira-gallery-item envira-gallery-item-11 enviratope-item\" style=\"padding-left: 1px; padding-bottom: 2px; padding-right: 1px;\"  itemscope itemtype=\"http:\/\/schema.org\/ImageObject\"><div class=\"envira-gallery-item-inner\"><div class=\"envira-gallery-position-overlay envira-gallery-top-left\"><\/div><div class=\"envira-gallery-position-overlay envira-gallery-top-right\"><\/div><div class=\"envira-gallery-position-overlay envira-gallery-bottom-left\"><\/div><div class=\"envira-gallery-position-overlay envira-gallery-bottom-right\"><\/div><a data-envirabox=\"28572\" href=\"https:\/\/www.lauriecornillon.com\/wp-content\/uploads\/sites\/5\/2022\/07\/mariage-saint-paul-de-vence-11.jpg\" class=\"envira-gallery-28572 envira-gallery-link \" title=\"mariage-saint-paul-de-vence-11\" data-envira-item-id=\"28616\" data-title=\"mariage-saint-paul-de-vence-11\" data-caption=\" \" data-envira-retina=\"https:\/\/www.lauriecornillon.com\/wp-content\/uploads\/sites\/5\/2022\/07\/mariage-saint-paul-de-vence-11.jpg\" data-thumb=\"https:\/\/www.lauriecornillon.com\/wp-content\/uploads\/sites\/5\/2022\/07\/mariage-saint-paul-de-vence-11-100x75_c.jpg\"  itemprop=\"contentUrl\" ><img decoding=\"async\" id=\"envira-gallery-image-28616\"  data-envirabox=\"28572\" tabindex=\"-1\" class=\"envira-gallery-image envira-gallery-image-11 \" data-envira-index=\"10\" src=\"https:\/\/www.lauriecornillon.com\/wp-content\/uploads\/sites\/5\/2022\/07\/mariage-saint-paul-de-vence-11-1024x683.jpg\" width=\"640\" height=\"480\" data-envira-src=\"https:\/\/www.lauriecornillon.com\/wp-content\/uploads\/sites\/5\/2022\/07\/mariage-saint-paul-de-vence-11-1024x683.jpg\" data-envira-gallery-id=\"28572\" data-envira-item-id=\"28616\" data-caption=\" \" data-title=\"mariage-saint-paul-de-vence-11\"  alt=\"\" title=\"mariage-saint-paul-de-vence-11\"  data-no-lazy=\"1\"  itemprop=\"thumbnailUrl\" data-envira-srcset=\"https:\/\/www.lauriecornillon.com\/wp-content\/uploads\/sites\/5\/2022\/07\/mariage-saint-paul-de-vence-11-1024x683.jpg 400w,https:\/\/www.lauriecornillon.com\/wp-content\/uploads\/sites\/5\/2022\/07\/mariage-saint-paul-de-vence-11-1024x683.jpg 2x\" srcset=\"https:\/\/www.lauriecornillon.com\/wp-content\/uploads\/sites\/5\/2022\/07\/mariage-saint-paul-de-vence-11.jpg, https:\/\/www.lauriecornillon.com\/wp-content\/uploads\/sites\/5\/2022\/07\/mariage-saint-paul-de-vence-11.jpg 2x\" \/><\/a><div class=\"envira-gallery-captioned-data envira-gallery-captioned-data-base\"><\/div><\/div><\/div><div id=\"envira-gallery-item-28620\" class=\"envira-gallery-item envira-gallery-item-12 enviratope-item\" style=\"padding-left: 1px; padding-bottom: 2px; padding-right: 1px;\"  itemscope itemtype=\"http:\/\/schema.org\/ImageObject\"><div class=\"envira-gallery-item-inner\"><div class=\"envira-gallery-position-overlay envira-gallery-top-left\"><\/div><div class=\"envira-gallery-position-overlay envira-gallery-top-right\"><\/div><div class=\"envira-gallery-position-overlay envira-gallery-bottom-left\"><\/div><div class=\"envira-gallery-position-overlay envira-gallery-bottom-right\"><\/div><a data-envirabox=\"28572\" href=\"https:\/\/www.lauriecornillon.com\/wp-content\/uploads\/sites\/5\/2022\/07\/mariage-saint-paul-de-vence-12.jpg\" class=\"envira-gallery-28572 envira-gallery-link \" title=\"mariage-saint-paul-de-vence-12\" data-envira-item-id=\"28620\" data-title=\"mariage-saint-paul-de-vence-12\" data-caption=\" \" data-envira-retina=\"https:\/\/www.lauriecornillon.com\/wp-content\/uploads\/sites\/5\/2022\/07\/mariage-saint-paul-de-vence-12.jpg\" data-thumb=\"https:\/\/www.lauriecornillon.com\/wp-content\/uploads\/sites\/5\/2022\/07\/mariage-saint-paul-de-vence-12-100x75_c.jpg\"  itemprop=\"contentUrl\" ><img decoding=\"async\" id=\"envira-gallery-image-28620\"  data-envirabox=\"28572\" tabindex=\"-1\" class=\"envira-gallery-image envira-gallery-image-12 \" data-envira-index=\"11\" src=\"https:\/\/www.lauriecornillon.com\/wp-content\/uploads\/sites\/5\/2022\/07\/mariage-saint-paul-de-vence-12-1024x683.jpg\" width=\"640\" height=\"480\" data-envira-src=\"https:\/\/www.lauriecornillon.com\/wp-content\/uploads\/sites\/5\/2022\/07\/mariage-saint-paul-de-vence-12-1024x683.jpg\" data-envira-gallery-id=\"28572\" data-envira-item-id=\"28620\" data-caption=\" \" data-title=\"mariage-saint-paul-de-vence-12\"  alt=\"\" title=\"mariage-saint-paul-de-vence-12\"  data-no-lazy=\"1\"  itemprop=\"thumbnailUrl\" data-envira-srcset=\"https:\/\/www.lauriecornillon.com\/wp-content\/uploads\/sites\/5\/2022\/07\/mariage-saint-paul-de-vence-12-1024x683.jpg 400w,https:\/\/www.lauriecornillon.com\/wp-content\/uploads\/sites\/5\/2022\/07\/mariage-saint-paul-de-vence-12-1024x683.jpg 2x\" srcset=\"https:\/\/www.lauriecornillon.com\/wp-content\/uploads\/sites\/5\/2022\/07\/mariage-saint-paul-de-vence-12.jpg, https:\/\/www.lauriecornillon.com\/wp-content\/uploads\/sites\/5\/2022\/07\/mariage-saint-paul-de-vence-12.jpg 2x\" \/><\/a><div class=\"envira-gallery-captioned-data envira-gallery-captioned-data-base\"><\/div><\/div><\/div><div id=\"envira-gallery-item-28624\" class=\"envira-gallery-item envira-gallery-item-13 enviratope-item\" style=\"padding-left: 1px; padding-bottom: 2px; padding-right: 1px;\"  itemscope itemtype=\"http:\/\/schema.org\/ImageObject\"><div class=\"envira-gallery-item-inner\"><div class=\"envira-gallery-position-overlay envira-gallery-top-left\"><\/div><div class=\"envira-gallery-position-overlay envira-gallery-top-right\"><\/div><div class=\"envira-gallery-position-overlay envira-gallery-bottom-left\"><\/div><div class=\"envira-gallery-position-overlay envira-gallery-bottom-right\"><\/div><a data-envirabox=\"28572\" href=\"https:\/\/www.lauriecornillon.com\/wp-content\/uploads\/sites\/5\/2022\/07\/mariage-saint-paul-de-vence-13.jpg\" class=\"envira-gallery-28572 envira-gallery-link \" title=\"mariage-saint-paul-de-vence-13\" data-envira-item-id=\"28624\" data-title=\"mariage-saint-paul-de-vence-13\" data-caption=\" \" data-envira-retina=\"https:\/\/www.lauriecornillon.com\/wp-content\/uploads\/sites\/5\/2022\/07\/mariage-saint-paul-de-vence-13.jpg\" data-thumb=\"https:\/\/www.lauriecornillon.com\/wp-content\/uploads\/sites\/5\/2022\/07\/mariage-saint-paul-de-vence-13-100x75_c.jpg\"  itemprop=\"contentUrl\" ><img decoding=\"async\" id=\"envira-gallery-image-28624\"  data-envirabox=\"28572\" tabindex=\"-1\" class=\"envira-gallery-image envira-gallery-image-13 \" data-envira-index=\"12\" src=\"https:\/\/www.lauriecornillon.com\/wp-content\/uploads\/sites\/5\/2022\/07\/mariage-saint-paul-de-vence-13-1024x683.jpg\" width=\"640\" height=\"480\" data-envira-src=\"https:\/\/www.lauriecornillon.com\/wp-content\/uploads\/sites\/5\/2022\/07\/mariage-saint-paul-de-vence-13-1024x683.jpg\" data-envira-gallery-id=\"28572\" data-envira-item-id=\"28624\" data-caption=\" \" data-title=\"mariage-saint-paul-de-vence-13\"  alt=\"\" title=\"mariage-saint-paul-de-vence-13\"  data-no-lazy=\"1\"  itemprop=\"thumbnailUrl\" data-envira-srcset=\"https:\/\/www.lauriecornillon.com\/wp-content\/uploads\/sites\/5\/2022\/07\/mariage-saint-paul-de-vence-13-1024x683.jpg 400w,https:\/\/www.lauriecornillon.com\/wp-content\/uploads\/sites\/5\/2022\/07\/mariage-saint-paul-de-vence-13-1024x683.jpg 2x\" srcset=\"https:\/\/www.lauriecornillon.com\/wp-content\/uploads\/sites\/5\/2022\/07\/mariage-saint-paul-de-vence-13.jpg, https:\/\/www.lauriecornillon.com\/wp-content\/uploads\/sites\/5\/2022\/07\/mariage-saint-paul-de-vence-13.jpg 2x\" \/><\/a><div class=\"envira-gallery-captioned-data envira-gallery-captioned-data-base\"><\/div><\/div><\/div><div id=\"envira-gallery-item-28627\" class=\"envira-gallery-item envira-gallery-item-14 enviratope-item\" style=\"padding-left: 1px; padding-bottom: 2px; padding-right: 1px;\"  itemscope itemtype=\"http:\/\/schema.org\/ImageObject\"><div class=\"envira-gallery-item-inner\"><div class=\"envira-gallery-position-overlay envira-gallery-top-left\"><\/div><div class=\"envira-gallery-position-overlay envira-gallery-top-right\"><\/div><div class=\"envira-gallery-position-overlay envira-gallery-bottom-left\"><\/div><div class=\"envira-gallery-position-overlay envira-gallery-bottom-right\"><\/div><a data-envirabox=\"28572\" href=\"https:\/\/www.lauriecornillon.com\/wp-content\/uploads\/sites\/5\/2022\/07\/mariage-saint-paul-de-vence-14.jpg\" class=\"envira-gallery-28572 envira-gallery-link \" title=\"mariage-saint-paul-de-vence-14\" data-envira-item-id=\"28627\" data-title=\"mariage-saint-paul-de-vence-14\" data-caption=\" \" data-envira-retina=\"https:\/\/www.lauriecornillon.com\/wp-content\/uploads\/sites\/5\/2022\/07\/mariage-saint-paul-de-vence-14.jpg\" data-thumb=\"https:\/\/www.lauriecornillon.com\/wp-content\/uploads\/sites\/5\/2022\/07\/mariage-saint-paul-de-vence-14-100x75_c.jpg\"  itemprop=\"contentUrl\" ><img decoding=\"async\" id=\"envira-gallery-image-28627\"  data-envirabox=\"28572\" tabindex=\"-1\" class=\"envira-gallery-image envira-gallery-image-14 \" data-envira-index=\"13\" src=\"https:\/\/www.lauriecornillon.com\/wp-content\/uploads\/sites\/5\/2022\/07\/mariage-saint-paul-de-vence-14-1024x683.jpg\" width=\"640\" height=\"480\" data-envira-src=\"https:\/\/www.lauriecornillon.com\/wp-content\/uploads\/sites\/5\/2022\/07\/mariage-saint-paul-de-vence-14-1024x683.jpg\" data-envira-gallery-id=\"28572\" data-envira-item-id=\"28627\" data-caption=\" \" data-title=\"mariage-saint-paul-de-vence-14\"  alt=\"\" title=\"mariage-saint-paul-de-vence-14\"  data-no-lazy=\"1\"  itemprop=\"thumbnailUrl\" data-envira-srcset=\"https:\/\/www.lauriecornillon.com\/wp-content\/uploads\/sites\/5\/2022\/07\/mariage-saint-paul-de-vence-14-1024x683.jpg 400w,https:\/\/www.lauriecornillon.com\/wp-content\/uploads\/sites\/5\/2022\/07\/mariage-saint-paul-de-vence-14-1024x683.jpg 2x\" srcset=\"https:\/\/www.lauriecornillon.com\/wp-content\/uploads\/sites\/5\/2022\/07\/mariage-saint-paul-de-vence-14.jpg, https:\/\/www.lauriecornillon.com\/wp-content\/uploads\/sites\/5\/2022\/07\/mariage-saint-paul-de-vence-14.jpg 2x\" \/><\/a><div class=\"envira-gallery-captioned-data envira-gallery-captioned-data-base\"><\/div><\/div><\/div><div id=\"envira-gallery-item-28630\" class=\"envira-gallery-item envira-gallery-item-15 enviratope-item\" style=\"padding-left: 1px; padding-bottom: 2px; padding-right: 1px;\"  itemscope itemtype=\"http:\/\/schema.org\/ImageObject\"><div class=\"envira-gallery-item-inner\"><div class=\"envira-gallery-position-overlay envira-gallery-top-left\"><\/div><div class=\"envira-gallery-position-overlay envira-gallery-top-right\"><\/div><div class=\"envira-gallery-position-overlay envira-gallery-bottom-left\"><\/div><div class=\"envira-gallery-position-overlay envira-gallery-bottom-right\"><\/div><a data-envirabox=\"28572\" href=\"https:\/\/www.lauriecornillon.com\/wp-content\/uploads\/sites\/5\/2022\/07\/mariage-saint-paul-de-vence-15.jpg\" class=\"envira-gallery-28572 envira-gallery-link \" title=\"mariage-saint-paul-de-vence-15\" data-envira-item-id=\"28630\" data-title=\"mariage-saint-paul-de-vence-15\" data-caption=\" \" data-envira-retina=\"https:\/\/www.lauriecornillon.com\/wp-content\/uploads\/sites\/5\/2022\/07\/mariage-saint-paul-de-vence-15.jpg\" data-thumb=\"https:\/\/www.lauriecornillon.com\/wp-content\/uploads\/sites\/5\/2022\/07\/mariage-saint-paul-de-vence-15-100x75_c.jpg\"  itemprop=\"contentUrl\" ><img decoding=\"async\" id=\"envira-gallery-image-28630\"  data-envirabox=\"28572\" tabindex=\"-1\" class=\"envira-gallery-image envira-gallery-image-15 \" data-envira-index=\"14\" src=\"https:\/\/www.lauriecornillon.com\/wp-content\/uploads\/sites\/5\/2022\/07\/mariage-saint-paul-de-vence-15-1024x683.jpg\" width=\"640\" height=\"480\" data-envira-src=\"https:\/\/www.lauriecornillon.com\/wp-content\/uploads\/sites\/5\/2022\/07\/mariage-saint-paul-de-vence-15-1024x683.jpg\" data-envira-gallery-id=\"28572\" data-envira-item-id=\"28630\" data-caption=\" \" data-title=\"mariage-saint-paul-de-vence-15\"  alt=\"\" title=\"mariage-saint-paul-de-vence-15\"  data-no-lazy=\"1\"  itemprop=\"thumbnailUrl\" data-envira-srcset=\"https:\/\/www.lauriecornillon.com\/wp-content\/uploads\/sites\/5\/2022\/07\/mariage-saint-paul-de-vence-15-1024x683.jpg 400w,https:\/\/www.lauriecornillon.com\/wp-content\/uploads\/sites\/5\/2022\/07\/mariage-saint-paul-de-vence-15-1024x683.jpg 2x\" srcset=\"https:\/\/www.lauriecornillon.com\/wp-content\/uploads\/sites\/5\/2022\/07\/mariage-saint-paul-de-vence-15.jpg, https:\/\/www.lauriecornillon.com\/wp-content\/uploads\/sites\/5\/2022\/07\/mariage-saint-paul-de-vence-15.jpg 2x\" \/><\/a><div class=\"envira-gallery-captioned-data envira-gallery-captioned-data-base\"><\/div><\/div><\/div><div id=\"envira-gallery-item-28634\" class=\"envira-gallery-item envira-gallery-item-16 enviratope-item\" style=\"padding-left: 1px; padding-bottom: 2px; padding-right: 1px;\"  itemscope itemtype=\"http:\/\/schema.org\/ImageObject\"><div class=\"envira-gallery-item-inner\"><div class=\"envira-gallery-position-overlay envira-gallery-top-left\"><\/div><div class=\"envira-gallery-position-overlay envira-gallery-top-right\"><\/div><div class=\"envira-gallery-position-overlay envira-gallery-bottom-left\"><\/div><div class=\"envira-gallery-position-overlay envira-gallery-bottom-right\"><\/div><a data-envirabox=\"28572\" href=\"https:\/\/www.lauriecornillon.com\/wp-content\/uploads\/sites\/5\/2022\/07\/mariage-saint-paul-de-vence-16.jpg\" class=\"envira-gallery-28572 envira-gallery-link \" title=\"mariage-saint-paul-de-vence-16\" data-envira-item-id=\"28634\" data-title=\"mariage-saint-paul-de-vence-16\" data-caption=\" \" data-envira-retina=\"https:\/\/www.lauriecornillon.com\/wp-content\/uploads\/sites\/5\/2022\/07\/mariage-saint-paul-de-vence-16.jpg\" data-thumb=\"https:\/\/www.lauriecornillon.com\/wp-content\/uploads\/sites\/5\/2022\/07\/mariage-saint-paul-de-vence-16-100x75_c.jpg\"  itemprop=\"contentUrl\" ><img decoding=\"async\" id=\"envira-gallery-image-28634\"  data-envirabox=\"28572\" tabindex=\"-1\" class=\"envira-gallery-image envira-gallery-image-16 \" data-envira-index=\"15\" src=\"https:\/\/www.lauriecornillon.com\/wp-content\/uploads\/sites\/5\/2022\/07\/mariage-saint-paul-de-vence-16-1024x683.jpg\" width=\"640\" height=\"480\" data-envira-src=\"https:\/\/www.lauriecornillon.com\/wp-content\/uploads\/sites\/5\/2022\/07\/mariage-saint-paul-de-vence-16-1024x683.jpg\" data-envira-gallery-id=\"28572\" data-envira-item-id=\"28634\" data-caption=\" \" data-title=\"mariage-saint-paul-de-vence-16\"  alt=\"\" title=\"mariage-saint-paul-de-vence-16\"  data-no-lazy=\"1\"  itemprop=\"thumbnailUrl\" data-envira-srcset=\"https:\/\/www.lauriecornillon.com\/wp-content\/uploads\/sites\/5\/2022\/07\/mariage-saint-paul-de-vence-16-1024x683.jpg 400w,https:\/\/www.lauriecornillon.com\/wp-content\/uploads\/sites\/5\/2022\/07\/mariage-saint-paul-de-vence-16-1024x683.jpg 2x\" srcset=\"https:\/\/www.lauriecornillon.com\/wp-content\/uploads\/sites\/5\/2022\/07\/mariage-saint-paul-de-vence-16.jpg, https:\/\/www.lauriecornillon.com\/wp-content\/uploads\/sites\/5\/2022\/07\/mariage-saint-paul-de-vence-16.jpg 2x\" \/><\/a><div class=\"envira-gallery-captioned-data envira-gallery-captioned-data-base\"><\/div><\/div><\/div><div id=\"envira-gallery-item-28638\" class=\"envira-gallery-item envira-gallery-item-17 enviratope-item\" style=\"padding-left: 1px; padding-bottom: 2px; padding-right: 1px;\"  itemscope itemtype=\"http:\/\/schema.org\/ImageObject\"><div class=\"envira-gallery-item-inner\"><div class=\"envira-gallery-position-overlay envira-gallery-top-left\"><\/div><div class=\"envira-gallery-position-overlay envira-gallery-top-right\"><\/div><div class=\"envira-gallery-position-overlay envira-gallery-bottom-left\"><\/div><div class=\"envira-gallery-position-overlay envira-gallery-bottom-right\"><\/div><a data-envirabox=\"28572\" href=\"https:\/\/www.lauriecornillon.com\/wp-content\/uploads\/sites\/5\/2022\/07\/mariage-saint-paul-de-vence-17.jpg\" class=\"envira-gallery-28572 envira-gallery-link \" title=\"mariage-saint-paul-de-vence-17\" data-envira-item-id=\"28638\" data-title=\"mariage-saint-paul-de-vence-17\" data-caption=\" \" data-envira-retina=\"https:\/\/www.lauriecornillon.com\/wp-content\/uploads\/sites\/5\/2022\/07\/mariage-saint-paul-de-vence-17.jpg\" data-thumb=\"https:\/\/www.lauriecornillon.com\/wp-content\/uploads\/sites\/5\/2022\/07\/mariage-saint-paul-de-vence-17-100x75_c.jpg\"  itemprop=\"contentUrl\" ><img decoding=\"async\" id=\"envira-gallery-image-28638\"  data-envirabox=\"28572\" tabindex=\"-1\" class=\"envira-gallery-image envira-gallery-image-17 \" data-envira-index=\"16\" src=\"https:\/\/www.lauriecornillon.com\/wp-content\/uploads\/sites\/5\/2022\/07\/mariage-saint-paul-de-vence-17-1024x683.jpg\" width=\"640\" height=\"480\" data-envira-src=\"https:\/\/www.lauriecornillon.com\/wp-content\/uploads\/sites\/5\/2022\/07\/mariage-saint-paul-de-vence-17-1024x683.jpg\" data-envira-gallery-id=\"28572\" data-envira-item-id=\"28638\" data-caption=\" \" data-title=\"mariage-saint-paul-de-vence-17\"  alt=\"\" title=\"mariage-saint-paul-de-vence-17\"  data-no-lazy=\"1\"  itemprop=\"thumbnailUrl\" data-envira-srcset=\"https:\/\/www.lauriecornillon.com\/wp-content\/uploads\/sites\/5\/2022\/07\/mariage-saint-paul-de-vence-17-1024x683.jpg 400w,https:\/\/www.lauriecornillon.com\/wp-content\/uploads\/sites\/5\/2022\/07\/mariage-saint-paul-de-vence-17-1024x683.jpg 2x\" srcset=\"https:\/\/www.lauriecornillon.com\/wp-content\/uploads\/sites\/5\/2022\/07\/mariage-saint-paul-de-vence-17.jpg, https:\/\/www.lauriecornillon.com\/wp-content\/uploads\/sites\/5\/2022\/07\/mariage-saint-paul-de-vence-17.jpg 2x\" \/><\/a><div class=\"envira-gallery-captioned-data envira-gallery-captioned-data-base\"><\/div><\/div><\/div><div id=\"envira-gallery-item-28642\" class=\"envira-gallery-item envira-gallery-item-18 enviratope-item\" style=\"padding-left: 1px; padding-bottom: 2px; padding-right: 1px;\"  itemscope itemtype=\"http:\/\/schema.org\/ImageObject\"><div class=\"envira-gallery-item-inner\"><div class=\"envira-gallery-position-overlay envira-gallery-top-left\"><\/div><div class=\"envira-gallery-position-overlay envira-gallery-top-right\"><\/div><div class=\"envira-gallery-position-overlay envira-gallery-bottom-left\"><\/div><div class=\"envira-gallery-position-overlay envira-gallery-bottom-right\"><\/div><a data-envirabox=\"28572\" href=\"https:\/\/www.lauriecornillon.com\/wp-content\/uploads\/sites\/5\/2022\/07\/mariage-saint-paul-de-vence-18.jpg\" class=\"envira-gallery-28572 envira-gallery-link \" title=\"mariage-saint-paul-de-vence-18\" data-envira-item-id=\"28642\" data-title=\"mariage-saint-paul-de-vence-18\" data-caption=\" \" data-envira-retina=\"https:\/\/www.lauriecornillon.com\/wp-content\/uploads\/sites\/5\/2022\/07\/mariage-saint-paul-de-vence-18.jpg\" data-thumb=\"https:\/\/www.lauriecornillon.com\/wp-content\/uploads\/sites\/5\/2022\/07\/mariage-saint-paul-de-vence-18-100x75_c.jpg\"  itemprop=\"contentUrl\" ><img decoding=\"async\" id=\"envira-gallery-image-28642\"  data-envirabox=\"28572\" tabindex=\"-1\" class=\"envira-gallery-image envira-gallery-image-18 \" data-envira-index=\"17\" src=\"https:\/\/www.lauriecornillon.com\/wp-content\/uploads\/sites\/5\/2022\/07\/mariage-saint-paul-de-vence-18-1024x683.jpg\" width=\"640\" height=\"480\" data-envira-src=\"https:\/\/www.lauriecornillon.com\/wp-content\/uploads\/sites\/5\/2022\/07\/mariage-saint-paul-de-vence-18-1024x683.jpg\" data-envira-gallery-id=\"28572\" data-envira-item-id=\"28642\" data-caption=\" \" data-title=\"mariage-saint-paul-de-vence-18\"  alt=\"\" title=\"mariage-saint-paul-de-vence-18\"  data-no-lazy=\"1\"  itemprop=\"thumbnailUrl\" data-envira-srcset=\"https:\/\/www.lauriecornillon.com\/wp-content\/uploads\/sites\/5\/2022\/07\/mariage-saint-paul-de-vence-18-1024x683.jpg 400w,https:\/\/www.lauriecornillon.com\/wp-content\/uploads\/sites\/5\/2022\/07\/mariage-saint-paul-de-vence-18-1024x683.jpg 2x\" srcset=\"https:\/\/www.lauriecornillon.com\/wp-content\/uploads\/sites\/5\/2022\/07\/mariage-saint-paul-de-vence-18.jpg, https:\/\/www.lauriecornillon.com\/wp-content\/uploads\/sites\/5\/2022\/07\/mariage-saint-paul-de-vence-18.jpg 2x\" \/><\/a><div class=\"envira-gallery-captioned-data envira-gallery-captioned-data-base\"><\/div><\/div><\/div><div id=\"envira-gallery-item-28647\" class=\"envira-gallery-item envira-gallery-item-19 enviratope-item\" style=\"padding-left: 1px; padding-bottom: 2px; padding-right: 1px;\"  itemscope itemtype=\"http:\/\/schema.org\/ImageObject\"><div class=\"envira-gallery-item-inner\"><div class=\"envira-gallery-position-overlay envira-gallery-top-left\"><\/div><div class=\"envira-gallery-position-overlay envira-gallery-top-right\"><\/div><div class=\"envira-gallery-position-overlay envira-gallery-bottom-left\"><\/div><div class=\"envira-gallery-position-overlay envira-gallery-bottom-right\"><\/div><a data-envirabox=\"28572\" href=\"https:\/\/www.lauriecornillon.com\/wp-content\/uploads\/sites\/5\/2022\/07\/mariage-saint-paul-de-vence-19.jpg\" class=\"envira-gallery-28572 envira-gallery-link \" title=\"mariage-saint-paul-de-vence-19\" data-envira-item-id=\"28647\" data-title=\"mariage-saint-paul-de-vence-19\" data-caption=\" \" data-envira-retina=\"https:\/\/www.lauriecornillon.com\/wp-content\/uploads\/sites\/5\/2022\/07\/mariage-saint-paul-de-vence-19.jpg\" data-thumb=\"https:\/\/www.lauriecornillon.com\/wp-content\/uploads\/sites\/5\/2022\/07\/mariage-saint-paul-de-vence-19-100x75_c.jpg\"  itemprop=\"contentUrl\" ><img decoding=\"async\" id=\"envira-gallery-image-28647\"  data-envirabox=\"28572\" tabindex=\"-1\" class=\"envira-gallery-image envira-gallery-image-19 \" data-envira-index=\"18\" src=\"https:\/\/www.lauriecornillon.com\/wp-content\/uploads\/sites\/5\/2022\/07\/mariage-saint-paul-de-vence-19-1024x683.jpg\" width=\"640\" height=\"480\" data-envira-src=\"https:\/\/www.lauriecornillon.com\/wp-content\/uploads\/sites\/5\/2022\/07\/mariage-saint-paul-de-vence-19-1024x683.jpg\" data-envira-gallery-id=\"28572\" data-envira-item-id=\"28647\" data-caption=\" \" data-title=\"mariage-saint-paul-de-vence-19\"  alt=\"\" title=\"mariage-saint-paul-de-vence-19\"  data-no-lazy=\"1\"  itemprop=\"thumbnailUrl\" data-envira-srcset=\"https:\/\/www.lauriecornillon.com\/wp-content\/uploads\/sites\/5\/2022\/07\/mariage-saint-paul-de-vence-19-1024x683.jpg 400w,https:\/\/www.lauriecornillon.com\/wp-content\/uploads\/sites\/5\/2022\/07\/mariage-saint-paul-de-vence-19-1024x683.jpg 2x\" srcset=\"https:\/\/www.lauriecornillon.com\/wp-content\/uploads\/sites\/5\/2022\/07\/mariage-saint-paul-de-vence-19.jpg, https:\/\/www.lauriecornillon.com\/wp-content\/uploads\/sites\/5\/2022\/07\/mariage-saint-paul-de-vence-19.jpg 2x\" \/><\/a><div class=\"envira-gallery-captioned-data envira-gallery-captioned-data-base\"><\/div><\/div><\/div><div id=\"envira-gallery-item-28651\" class=\"envira-gallery-item envira-gallery-item-20 enviratope-item\" style=\"padding-left: 1px; padding-bottom: 2px; padding-right: 1px;\"  itemscope itemtype=\"http:\/\/schema.org\/ImageObject\"><div class=\"envira-gallery-item-inner\"><div class=\"envira-gallery-position-overlay envira-gallery-top-left\"><\/div><div class=\"envira-gallery-position-overlay envira-gallery-top-right\"><\/div><div class=\"envira-gallery-position-overlay envira-gallery-bottom-left\"><\/div><div class=\"envira-gallery-position-overlay envira-gallery-bottom-right\"><\/div><a data-envirabox=\"28572\" href=\"https:\/\/www.lauriecornillon.com\/wp-content\/uploads\/sites\/5\/2022\/07\/mariage-saint-paul-de-vence-20.jpg\" class=\"envira-gallery-28572 envira-gallery-link \" title=\"mariage-saint-paul-de-vence-20\" data-envira-item-id=\"28651\" data-title=\"mariage-saint-paul-de-vence-20\" data-caption=\" \" data-envira-retina=\"https:\/\/www.lauriecornillon.com\/wp-content\/uploads\/sites\/5\/2022\/07\/mariage-saint-paul-de-vence-20.jpg\" data-thumb=\"https:\/\/www.lauriecornillon.com\/wp-content\/uploads\/sites\/5\/2022\/07\/mariage-saint-paul-de-vence-20-100x75_c.jpg\"  itemprop=\"contentUrl\" ><img decoding=\"async\" id=\"envira-gallery-image-28651\"  data-envirabox=\"28572\" tabindex=\"-1\" class=\"envira-gallery-image envira-gallery-image-20 \" data-envira-index=\"19\" src=\"https:\/\/www.lauriecornillon.com\/wp-content\/uploads\/sites\/5\/2022\/07\/mariage-saint-paul-de-vence-20-1024x683.jpg\" width=\"640\" height=\"480\" data-envira-src=\"https:\/\/www.lauriecornillon.com\/wp-content\/uploads\/sites\/5\/2022\/07\/mariage-saint-paul-de-vence-20-1024x683.jpg\" data-envira-gallery-id=\"28572\" data-envira-item-id=\"28651\" data-caption=\" \" data-title=\"mariage-saint-paul-de-vence-20\"  alt=\"\" title=\"mariage-saint-paul-de-vence-20\"  data-no-lazy=\"1\"  itemprop=\"thumbnailUrl\" data-envira-srcset=\"https:\/\/www.lauriecornillon.com\/wp-content\/uploads\/sites\/5\/2022\/07\/mariage-saint-paul-de-vence-20-1024x683.jpg 400w,https:\/\/www.lauriecornillon.com\/wp-content\/uploads\/sites\/5\/2022\/07\/mariage-saint-paul-de-vence-20-1024x683.jpg 2x\" srcset=\"https:\/\/www.lauriecornillon.com\/wp-content\/uploads\/sites\/5\/2022\/07\/mariage-saint-paul-de-vence-20.jpg, https:\/\/www.lauriecornillon.com\/wp-content\/uploads\/sites\/5\/2022\/07\/mariage-saint-paul-de-vence-20.jpg 2x\" \/><\/a><div class=\"envira-gallery-captioned-data envira-gallery-captioned-data-base\"><\/div><\/div><\/div><div id=\"envira-gallery-item-28656\" class=\"envira-gallery-item envira-gallery-item-21 enviratope-item\" style=\"padding-left: 1px; padding-bottom: 2px; padding-right: 1px;\"  itemscope itemtype=\"http:\/\/schema.org\/ImageObject\"><div class=\"envira-gallery-item-inner\"><div class=\"envira-gallery-position-overlay envira-gallery-top-left\"><\/div><div class=\"envira-gallery-position-overlay envira-gallery-top-right\"><\/div><div class=\"envira-gallery-position-overlay envira-gallery-bottom-left\"><\/div><div class=\"envira-gallery-position-overlay envira-gallery-bottom-right\"><\/div><a data-envirabox=\"28572\" href=\"https:\/\/www.lauriecornillon.com\/wp-content\/uploads\/sites\/5\/2022\/07\/mariage-saint-paul-de-vence-21.jpg\" class=\"envira-gallery-28572 envira-gallery-link \" title=\"mariage-saint-paul-de-vence-21\" data-envira-item-id=\"28656\" data-title=\"mariage-saint-paul-de-vence-21\" data-caption=\" \" data-envira-retina=\"https:\/\/www.lauriecornillon.com\/wp-content\/uploads\/sites\/5\/2022\/07\/mariage-saint-paul-de-vence-21.jpg\" data-thumb=\"https:\/\/www.lauriecornillon.com\/wp-content\/uploads\/sites\/5\/2022\/07\/mariage-saint-paul-de-vence-21-100x75_c.jpg\"  itemprop=\"contentUrl\" ><img decoding=\"async\" id=\"envira-gallery-image-28656\"  data-envirabox=\"28572\" tabindex=\"-1\" class=\"envira-gallery-image envira-gallery-image-21 \" data-envira-index=\"20\" src=\"https:\/\/www.lauriecornillon.com\/wp-content\/uploads\/sites\/5\/2022\/07\/mariage-saint-paul-de-vence-21-1024x683.jpg\" width=\"640\" height=\"480\" data-envira-src=\"https:\/\/www.lauriecornillon.com\/wp-content\/uploads\/sites\/5\/2022\/07\/mariage-saint-paul-de-vence-21-1024x683.jpg\" data-envira-gallery-id=\"28572\" data-envira-item-id=\"28656\" data-caption=\" \" data-title=\"mariage-saint-paul-de-vence-21\"  alt=\"\" title=\"mariage-saint-paul-de-vence-21\"  data-no-lazy=\"1\"  itemprop=\"thumbnailUrl\" data-envira-srcset=\"https:\/\/www.lauriecornillon.com\/wp-content\/uploads\/sites\/5\/2022\/07\/mariage-saint-paul-de-vence-21-1024x683.jpg 400w,https:\/\/www.lauriecornillon.com\/wp-content\/uploads\/sites\/5\/2022\/07\/mariage-saint-paul-de-vence-21-1024x683.jpg 2x\" srcset=\"https:\/\/www.lauriecornillon.com\/wp-content\/uploads\/sites\/5\/2022\/07\/mariage-saint-paul-de-vence-21.jpg, https:\/\/www.lauriecornillon.com\/wp-content\/uploads\/sites\/5\/2022\/07\/mariage-saint-paul-de-vence-21.jpg 2x\" \/><\/a><div class=\"envira-gallery-captioned-data envira-gallery-captioned-data-base\"><\/div><\/div><\/div><div id=\"envira-gallery-item-28661\" class=\"envira-gallery-item envira-gallery-item-22 enviratope-item\" style=\"padding-left: 1px; padding-bottom: 2px; padding-right: 1px;\"  itemscope itemtype=\"http:\/\/schema.org\/ImageObject\"><div class=\"envira-gallery-item-inner\"><div class=\"envira-gallery-position-overlay envira-gallery-top-left\"><\/div><div class=\"envira-gallery-position-overlay envira-gallery-top-right\"><\/div><div class=\"envira-gallery-position-overlay envira-gallery-bottom-left\"><\/div><div class=\"envira-gallery-position-overlay envira-gallery-bottom-right\"><\/div><a data-envirabox=\"28572\" href=\"https:\/\/www.lauriecornillon.com\/wp-content\/uploads\/sites\/5\/2022\/07\/mariage-saint-paul-de-vence-22.jpg\" class=\"envira-gallery-28572 envira-gallery-link \" title=\"mariage-saint-paul-de-vence-22\" data-envira-item-id=\"28661\" data-title=\"mariage-saint-paul-de-vence-22\" data-caption=\" \" data-envira-retina=\"https:\/\/www.lauriecornillon.com\/wp-content\/uploads\/sites\/5\/2022\/07\/mariage-saint-paul-de-vence-22.jpg\" data-thumb=\"https:\/\/www.lauriecornillon.com\/wp-content\/uploads\/sites\/5\/2022\/07\/mariage-saint-paul-de-vence-22-100x75_c.jpg\"  itemprop=\"contentUrl\" ><img decoding=\"async\" id=\"envira-gallery-image-28661\"  data-envirabox=\"28572\" tabindex=\"-1\" class=\"envira-gallery-image envira-gallery-image-22 \" data-envira-index=\"21\" src=\"https:\/\/www.lauriecornillon.com\/wp-content\/uploads\/sites\/5\/2022\/07\/mariage-saint-paul-de-vence-22-1024x683.jpg\" width=\"640\" height=\"480\" data-envira-src=\"https:\/\/www.lauriecornillon.com\/wp-content\/uploads\/sites\/5\/2022\/07\/mariage-saint-paul-de-vence-22-1024x683.jpg\" data-envira-gallery-id=\"28572\" data-envira-item-id=\"28661\" data-caption=\" \" data-title=\"mariage-saint-paul-de-vence-22\"  alt=\"\" title=\"mariage-saint-paul-de-vence-22\"  data-no-lazy=\"1\"  itemprop=\"thumbnailUrl\" data-envira-srcset=\"https:\/\/www.lauriecornillon.com\/wp-content\/uploads\/sites\/5\/2022\/07\/mariage-saint-paul-de-vence-22-1024x683.jpg 400w,https:\/\/www.lauriecornillon.com\/wp-content\/uploads\/sites\/5\/2022\/07\/mariage-saint-paul-de-vence-22-1024x683.jpg 2x\" srcset=\"https:\/\/www.lauriecornillon.com\/wp-content\/uploads\/sites\/5\/2022\/07\/mariage-saint-paul-de-vence-22.jpg, https:\/\/www.lauriecornillon.com\/wp-content\/uploads\/sites\/5\/2022\/07\/mariage-saint-paul-de-vence-22.jpg 2x\" \/><\/a><div class=\"envira-gallery-captioned-data envira-gallery-captioned-data-base\"><\/div><\/div><\/div><div id=\"envira-gallery-item-28666\" class=\"envira-gallery-item envira-gallery-item-23 enviratope-item\" style=\"padding-left: 1px; padding-bottom: 2px; padding-right: 1px;\"  itemscope itemtype=\"http:\/\/schema.org\/ImageObject\"><div class=\"envira-gallery-item-inner\"><div class=\"envira-gallery-position-overlay envira-gallery-top-left\"><\/div><div class=\"envira-gallery-position-overlay envira-gallery-top-right\"><\/div><div class=\"envira-gallery-position-overlay envira-gallery-bottom-left\"><\/div><div class=\"envira-gallery-position-overlay envira-gallery-bottom-right\"><\/div><a data-envirabox=\"28572\" href=\"https:\/\/www.lauriecornillon.com\/wp-content\/uploads\/sites\/5\/2022\/07\/mariage-saint-paul-de-vence-23.jpg\" class=\"envira-gallery-28572 envira-gallery-link \" title=\"mariage-saint-paul-de-vence-23\" data-envira-item-id=\"28666\" data-title=\"mariage-saint-paul-de-vence-23\" data-caption=\" \" data-envira-retina=\"https:\/\/www.lauriecornillon.com\/wp-content\/uploads\/sites\/5\/2022\/07\/mariage-saint-paul-de-vence-23.jpg\" data-thumb=\"https:\/\/www.lauriecornillon.com\/wp-content\/uploads\/sites\/5\/2022\/07\/mariage-saint-paul-de-vence-23-100x75_c.jpg\"  itemprop=\"contentUrl\" ><img decoding=\"async\" id=\"envira-gallery-image-28666\"  data-envirabox=\"28572\" tabindex=\"-1\" class=\"envira-gallery-image envira-gallery-image-23 \" data-envira-index=\"22\" src=\"https:\/\/www.lauriecornillon.com\/wp-content\/uploads\/sites\/5\/2022\/07\/mariage-saint-paul-de-vence-23-1024x683.jpg\" width=\"640\" height=\"480\" data-envira-src=\"https:\/\/www.lauriecornillon.com\/wp-content\/uploads\/sites\/5\/2022\/07\/mariage-saint-paul-de-vence-23-1024x683.jpg\" data-envira-gallery-id=\"28572\" data-envira-item-id=\"28666\" data-caption=\" \" data-title=\"mariage-saint-paul-de-vence-23\"  alt=\"\" title=\"mariage-saint-paul-de-vence-23\"  data-no-lazy=\"1\"  itemprop=\"thumbnailUrl\" data-envira-srcset=\"https:\/\/www.lauriecornillon.com\/wp-content\/uploads\/sites\/5\/2022\/07\/mariage-saint-paul-de-vence-23-1024x683.jpg 400w,https:\/\/www.lauriecornillon.com\/wp-content\/uploads\/sites\/5\/2022\/07\/mariage-saint-paul-de-vence-23-1024x683.jpg 2x\" srcset=\"https:\/\/www.lauriecornillon.com\/wp-content\/uploads\/sites\/5\/2022\/07\/mariage-saint-paul-de-vence-23.jpg, https:\/\/www.lauriecornillon.com\/wp-content\/uploads\/sites\/5\/2022\/07\/mariage-saint-paul-de-vence-23.jpg 2x\" \/><\/a><div class=\"envira-gallery-captioned-data envira-gallery-captioned-data-base\"><\/div><\/div><\/div><div id=\"envira-gallery-item-28672\" class=\"envira-gallery-item envira-gallery-item-24 enviratope-item\" style=\"padding-left: 1px; padding-bottom: 2px; padding-right: 1px;\"  itemscope itemtype=\"http:\/\/schema.org\/ImageObject\"><div class=\"envira-gallery-item-inner\"><div class=\"envira-gallery-position-overlay envira-gallery-top-left\"><\/div><div class=\"envira-gallery-position-overlay envira-gallery-top-right\"><\/div><div class=\"envira-gallery-position-overlay envira-gallery-bottom-left\"><\/div><div class=\"envira-gallery-position-overlay envira-gallery-bottom-right\"><\/div><a data-envirabox=\"28572\" href=\"https:\/\/www.lauriecornillon.com\/wp-content\/uploads\/sites\/5\/2022\/07\/mariage-saint-paul-de-vence-24.jpg\" class=\"envira-gallery-28572 envira-gallery-link \" title=\"mariage-saint-paul-de-vence-24\" data-envira-item-id=\"28672\" data-title=\"mariage-saint-paul-de-vence-24\" data-caption=\" \" data-envira-retina=\"https:\/\/www.lauriecornillon.com\/wp-content\/uploads\/sites\/5\/2022\/07\/mariage-saint-paul-de-vence-24.jpg\" data-thumb=\"https:\/\/www.lauriecornillon.com\/wp-content\/uploads\/sites\/5\/2022\/07\/mariage-saint-paul-de-vence-24-100x75_c.jpg\"  itemprop=\"contentUrl\" ><img decoding=\"async\" id=\"envira-gallery-image-28672\"  data-envirabox=\"28572\" tabindex=\"-1\" class=\"envira-gallery-image envira-gallery-image-24 \" data-envira-index=\"23\" src=\"https:\/\/www.lauriecornillon.com\/wp-content\/uploads\/sites\/5\/2022\/07\/mariage-saint-paul-de-vence-24-1024x683.jpg\" width=\"640\" height=\"480\" data-envira-src=\"https:\/\/www.lauriecornillon.com\/wp-content\/uploads\/sites\/5\/2022\/07\/mariage-saint-paul-de-vence-24-1024x683.jpg\" data-envira-gallery-id=\"28572\" data-envira-item-id=\"28672\" data-caption=\" \" data-title=\"mariage-saint-paul-de-vence-24\"  alt=\"\" title=\"mariage-saint-paul-de-vence-24\"  data-no-lazy=\"1\"  itemprop=\"thumbnailUrl\" data-envira-srcset=\"https:\/\/www.lauriecornillon.com\/wp-content\/uploads\/sites\/5\/2022\/07\/mariage-saint-paul-de-vence-24-1024x683.jpg 400w,https:\/\/www.lauriecornillon.com\/wp-content\/uploads\/sites\/5\/2022\/07\/mariage-saint-paul-de-vence-24-1024x683.jpg 2x\" srcset=\"https:\/\/www.lauriecornillon.com\/wp-content\/uploads\/sites\/5\/2022\/07\/mariage-saint-paul-de-vence-24.jpg, https:\/\/www.lauriecornillon.com\/wp-content\/uploads\/sites\/5\/2022\/07\/mariage-saint-paul-de-vence-24.jpg 2x\" \/><\/a><div class=\"envira-gallery-captioned-data envira-gallery-captioned-data-base\"><\/div><\/div><\/div><div id=\"envira-gallery-item-28676\" class=\"envira-gallery-item envira-gallery-item-25 enviratope-item\" style=\"padding-left: 1px; padding-bottom: 2px; padding-right: 1px;\"  itemscope itemtype=\"http:\/\/schema.org\/ImageObject\"><div class=\"envira-gallery-item-inner\"><div class=\"envira-gallery-position-overlay envira-gallery-top-left\"><\/div><div class=\"envira-gallery-position-overlay envira-gallery-top-right\"><\/div><div class=\"envira-gallery-position-overlay envira-gallery-bottom-left\"><\/div><div class=\"envira-gallery-position-overlay envira-gallery-bottom-right\"><\/div><a data-envirabox=\"28572\" href=\"https:\/\/www.lauriecornillon.com\/wp-content\/uploads\/sites\/5\/2022\/07\/mariage-saint-paul-de-vence-25.jpg\" class=\"envira-gallery-28572 envira-gallery-link \" title=\"mariage-saint-paul-de-vence-25\" data-envira-item-id=\"28676\" data-title=\"mariage-saint-paul-de-vence-25\" data-caption=\" \" data-envira-retina=\"https:\/\/www.lauriecornillon.com\/wp-content\/uploads\/sites\/5\/2022\/07\/mariage-saint-paul-de-vence-25.jpg\" data-thumb=\"https:\/\/www.lauriecornillon.com\/wp-content\/uploads\/sites\/5\/2022\/07\/mariage-saint-paul-de-vence-25-100x75_c.jpg\"  itemprop=\"contentUrl\" ><img decoding=\"async\" id=\"envira-gallery-image-28676\"  data-envirabox=\"28572\" tabindex=\"-1\" class=\"envira-gallery-image envira-gallery-image-25 \" data-envira-index=\"24\" src=\"https:\/\/www.lauriecornillon.com\/wp-content\/uploads\/sites\/5\/2022\/07\/mariage-saint-paul-de-vence-25-1024x683.jpg\" width=\"640\" height=\"480\" data-envira-src=\"https:\/\/www.lauriecornillon.com\/wp-content\/uploads\/sites\/5\/2022\/07\/mariage-saint-paul-de-vence-25-1024x683.jpg\" data-envira-gallery-id=\"28572\" data-envira-item-id=\"28676\" data-caption=\" \" data-title=\"mariage-saint-paul-de-vence-25\"  alt=\"\" title=\"mariage-saint-paul-de-vence-25\"  data-no-lazy=\"1\"  itemprop=\"thumbnailUrl\" data-envira-srcset=\"https:\/\/www.lauriecornillon.com\/wp-content\/uploads\/sites\/5\/2022\/07\/mariage-saint-paul-de-vence-25-1024x683.jpg 400w,https:\/\/www.lauriecornillon.com\/wp-content\/uploads\/sites\/5\/2022\/07\/mariage-saint-paul-de-vence-25-1024x683.jpg 2x\" srcset=\"https:\/\/www.lauriecornillon.com\/wp-content\/uploads\/sites\/5\/2022\/07\/mariage-saint-paul-de-vence-25.jpg, https:\/\/www.lauriecornillon.com\/wp-content\/uploads\/sites\/5\/2022\/07\/mariage-saint-paul-de-vence-25.jpg 2x\" \/><\/a><div class=\"envira-gallery-captioned-data envira-gallery-captioned-data-base\"><\/div><\/div><\/div><div id=\"envira-gallery-item-28680\" class=\"envira-gallery-item envira-gallery-item-26 enviratope-item\" style=\"padding-left: 1px; padding-bottom: 2px; padding-right: 1px;\"  itemscope itemtype=\"http:\/\/schema.org\/ImageObject\"><div class=\"envira-gallery-item-inner\"><div class=\"envira-gallery-position-overlay envira-gallery-top-left\"><\/div><div class=\"envira-gallery-position-overlay envira-gallery-top-right\"><\/div><div class=\"envira-gallery-position-overlay envira-gallery-bottom-left\"><\/div><div class=\"envira-gallery-position-overlay envira-gallery-bottom-right\"><\/div><a data-envirabox=\"28572\" href=\"https:\/\/www.lauriecornillon.com\/wp-content\/uploads\/sites\/5\/2022\/07\/mariage-saint-paul-de-vence-26.jpg\" class=\"envira-gallery-28572 envira-gallery-link \" title=\"mariage-saint-paul-de-vence-26\" data-envira-item-id=\"28680\" data-title=\"mariage-saint-paul-de-vence-26\" data-caption=\" \" data-envira-retina=\"https:\/\/www.lauriecornillon.com\/wp-content\/uploads\/sites\/5\/2022\/07\/mariage-saint-paul-de-vence-26.jpg\" data-thumb=\"https:\/\/www.lauriecornillon.com\/wp-content\/uploads\/sites\/5\/2022\/07\/mariage-saint-paul-de-vence-26-100x75_c.jpg\"  itemprop=\"contentUrl\" ><img decoding=\"async\" id=\"envira-gallery-image-28680\"  data-envirabox=\"28572\" tabindex=\"-1\" class=\"envira-gallery-image envira-gallery-image-26 \" data-envira-index=\"25\" src=\"https:\/\/www.lauriecornillon.com\/wp-content\/uploads\/sites\/5\/2022\/07\/mariage-saint-paul-de-vence-26-1024x683.jpg\" width=\"640\" height=\"480\" data-envira-src=\"https:\/\/www.lauriecornillon.com\/wp-content\/uploads\/sites\/5\/2022\/07\/mariage-saint-paul-de-vence-26-1024x683.jpg\" data-envira-gallery-id=\"28572\" data-envira-item-id=\"28680\" data-caption=\" \" data-title=\"mariage-saint-paul-de-vence-26\"  alt=\"\" title=\"mariage-saint-paul-de-vence-26\"  data-no-lazy=\"1\"  itemprop=\"thumbnailUrl\" data-envira-srcset=\"https:\/\/www.lauriecornillon.com\/wp-content\/uploads\/sites\/5\/2022\/07\/mariage-saint-paul-de-vence-26-1024x683.jpg 400w,https:\/\/www.lauriecornillon.com\/wp-content\/uploads\/sites\/5\/2022\/07\/mariage-saint-paul-de-vence-26-1024x683.jpg 2x\" srcset=\"https:\/\/www.lauriecornillon.com\/wp-content\/uploads\/sites\/5\/2022\/07\/mariage-saint-paul-de-vence-26.jpg, https:\/\/www.lauriecornillon.com\/wp-content\/uploads\/sites\/5\/2022\/07\/mariage-saint-paul-de-vence-26.jpg 2x\" \/><\/a><div class=\"envira-gallery-captioned-data envira-gallery-captioned-data-base\"><\/div><\/div><\/div><div id=\"envira-gallery-item-28685\" class=\"envira-gallery-item envira-gallery-item-27 enviratope-item\" style=\"padding-left: 1px; padding-bottom: 2px; padding-right: 1px;\"  itemscope itemtype=\"http:\/\/schema.org\/ImageObject\"><div class=\"envira-gallery-item-inner\"><div class=\"envira-gallery-position-overlay envira-gallery-top-left\"><\/div><div class=\"envira-gallery-position-overlay envira-gallery-top-right\"><\/div><div class=\"envira-gallery-position-overlay envira-gallery-bottom-left\"><\/div><div class=\"envira-gallery-position-overlay envira-gallery-bottom-right\"><\/div><a data-envirabox=\"28572\" href=\"https:\/\/www.lauriecornillon.com\/wp-content\/uploads\/sites\/5\/2022\/07\/mariage-saint-paul-de-vence-27.jpg\" class=\"envira-gallery-28572 envira-gallery-link \" title=\"mariage-saint-paul-de-vence-27\" data-envira-item-id=\"28685\" data-title=\"mariage-saint-paul-de-vence-27\" data-caption=\" \" data-envira-retina=\"https:\/\/www.lauriecornillon.com\/wp-content\/uploads\/sites\/5\/2022\/07\/mariage-saint-paul-de-vence-27.jpg\" data-thumb=\"https:\/\/www.lauriecornillon.com\/wp-content\/uploads\/sites\/5\/2022\/07\/mariage-saint-paul-de-vence-27-100x75_c.jpg\"  itemprop=\"contentUrl\" ><img decoding=\"async\" id=\"envira-gallery-image-28685\"  data-envirabox=\"28572\" tabindex=\"-1\" class=\"envira-gallery-image envira-gallery-image-27 \" data-envira-index=\"26\" src=\"https:\/\/www.lauriecornillon.com\/wp-content\/uploads\/sites\/5\/2022\/07\/mariage-saint-paul-de-vence-27-1024x683.jpg\" width=\"640\" height=\"480\" data-envira-src=\"https:\/\/www.lauriecornillon.com\/wp-content\/uploads\/sites\/5\/2022\/07\/mariage-saint-paul-de-vence-27-1024x683.jpg\" data-envira-gallery-id=\"28572\" data-envira-item-id=\"28685\" data-caption=\" \" data-title=\"mariage-saint-paul-de-vence-27\"  alt=\"\" title=\"mariage-saint-paul-de-vence-27\"  data-no-lazy=\"1\"  itemprop=\"thumbnailUrl\" data-envira-srcset=\"https:\/\/www.lauriecornillon.com\/wp-content\/uploads\/sites\/5\/2022\/07\/mariage-saint-paul-de-vence-27-1024x683.jpg 400w,https:\/\/www.lauriecornillon.com\/wp-content\/uploads\/sites\/5\/2022\/07\/mariage-saint-paul-de-vence-27-1024x683.jpg 2x\" srcset=\"https:\/\/www.lauriecornillon.com\/wp-content\/uploads\/sites\/5\/2022\/07\/mariage-saint-paul-de-vence-27.jpg, https:\/\/www.lauriecornillon.com\/wp-content\/uploads\/sites\/5\/2022\/07\/mariage-saint-paul-de-vence-27.jpg 2x\" \/><\/a><div class=\"envira-gallery-captioned-data envira-gallery-captioned-data-base\"><\/div><\/div><\/div><div id=\"envira-gallery-item-28690\" class=\"envira-gallery-item envira-gallery-item-28 enviratope-item\" style=\"padding-left: 1px; padding-bottom: 2px; padding-right: 1px;\"  itemscope itemtype=\"http:\/\/schema.org\/ImageObject\"><div class=\"envira-gallery-item-inner\"><div class=\"envira-gallery-position-overlay envira-gallery-top-left\"><\/div><div class=\"envira-gallery-position-overlay envira-gallery-top-right\"><\/div><div class=\"envira-gallery-position-overlay envira-gallery-bottom-left\"><\/div><div class=\"envira-gallery-position-overlay envira-gallery-bottom-right\"><\/div><a data-envirabox=\"28572\" href=\"https:\/\/www.lauriecornillon.com\/wp-content\/uploads\/sites\/5\/2022\/07\/mariage-saint-paul-de-vence-28.jpg\" class=\"envira-gallery-28572 envira-gallery-link \" title=\"mariage-saint-paul-de-vence-28\" data-envira-item-id=\"28690\" data-title=\"mariage-saint-paul-de-vence-28\" data-caption=\" \" data-envira-retina=\"https:\/\/www.lauriecornillon.com\/wp-content\/uploads\/sites\/5\/2022\/07\/mariage-saint-paul-de-vence-28.jpg\" data-thumb=\"https:\/\/www.lauriecornillon.com\/wp-content\/uploads\/sites\/5\/2022\/07\/mariage-saint-paul-de-vence-28-100x75_c.jpg\"  itemprop=\"contentUrl\" ><img decoding=\"async\" id=\"envira-gallery-image-28690\"  data-envirabox=\"28572\" tabindex=\"-1\" class=\"envira-gallery-image envira-gallery-image-28 \" data-envira-index=\"27\" src=\"https:\/\/www.lauriecornillon.com\/wp-content\/uploads\/sites\/5\/2022\/07\/mariage-saint-paul-de-vence-28-1024x683.jpg\" width=\"640\" height=\"480\" data-envira-src=\"https:\/\/www.lauriecornillon.com\/wp-content\/uploads\/sites\/5\/2022\/07\/mariage-saint-paul-de-vence-28-1024x683.jpg\" data-envira-gallery-id=\"28572\" data-envira-item-id=\"28690\" data-caption=\" \" data-title=\"mariage-saint-paul-de-vence-28\"  alt=\"\" title=\"mariage-saint-paul-de-vence-28\"  data-no-lazy=\"1\"  itemprop=\"thumbnailUrl\" data-envira-srcset=\"https:\/\/www.lauriecornillon.com\/wp-content\/uploads\/sites\/5\/2022\/07\/mariage-saint-paul-de-vence-28-1024x683.jpg 400w,https:\/\/www.lauriecornillon.com\/wp-content\/uploads\/sites\/5\/2022\/07\/mariage-saint-paul-de-vence-28-1024x683.jpg 2x\" srcset=\"https:\/\/www.lauriecornillon.com\/wp-content\/uploads\/sites\/5\/2022\/07\/mariage-saint-paul-de-vence-28.jpg, https:\/\/www.lauriecornillon.com\/wp-content\/uploads\/sites\/5\/2022\/07\/mariage-saint-paul-de-vence-28.jpg 2x\" \/><\/a><div class=\"envira-gallery-captioned-data envira-gallery-captioned-data-base\"><\/div><\/div><\/div><div id=\"envira-gallery-item-28696\" class=\"envira-gallery-item envira-gallery-item-29 enviratope-item\" style=\"padding-left: 1px; padding-bottom: 2px; padding-right: 1px;\"  itemscope itemtype=\"http:\/\/schema.org\/ImageObject\"><div class=\"envira-gallery-item-inner\"><div class=\"envira-gallery-position-overlay envira-gallery-top-left\"><\/div><div class=\"envira-gallery-position-overlay envira-gallery-top-right\"><\/div><div class=\"envira-gallery-position-overlay envira-gallery-bottom-left\"><\/div><div class=\"envira-gallery-position-overlay envira-gallery-bottom-right\"><\/div><a data-envirabox=\"28572\" href=\"https:\/\/www.lauriecornillon.com\/wp-content\/uploads\/sites\/5\/2022\/07\/mariage-saint-paul-de-vence-29.jpg\" class=\"envira-gallery-28572 envira-gallery-link \" title=\"mariage-saint-paul-de-vence-29\" data-envira-item-id=\"28696\" data-title=\"mariage-saint-paul-de-vence-29\" data-caption=\" \" data-envira-retina=\"https:\/\/www.lauriecornillon.com\/wp-content\/uploads\/sites\/5\/2022\/07\/mariage-saint-paul-de-vence-29.jpg\" data-thumb=\"https:\/\/www.lauriecornillon.com\/wp-content\/uploads\/sites\/5\/2022\/07\/mariage-saint-paul-de-vence-29-100x75_c.jpg\"  itemprop=\"contentUrl\" ><img decoding=\"async\" id=\"envira-gallery-image-28696\"  data-envirabox=\"28572\" tabindex=\"-1\" class=\"envira-gallery-image envira-gallery-image-29 \" data-envira-index=\"28\" src=\"https:\/\/www.lauriecornillon.com\/wp-content\/uploads\/sites\/5\/2022\/07\/mariage-saint-paul-de-vence-29-1024x683.jpg\" width=\"640\" height=\"480\" data-envira-src=\"https:\/\/www.lauriecornillon.com\/wp-content\/uploads\/sites\/5\/2022\/07\/mariage-saint-paul-de-vence-29-1024x683.jpg\" data-envira-gallery-id=\"28572\" data-envira-item-id=\"28696\" data-caption=\" \" data-title=\"mariage-saint-paul-de-vence-29\"  alt=\"\" title=\"mariage-saint-paul-de-vence-29\"  data-no-lazy=\"1\"  itemprop=\"thumbnailUrl\" data-envira-srcset=\"https:\/\/www.lauriecornillon.com\/wp-content\/uploads\/sites\/5\/2022\/07\/mariage-saint-paul-de-vence-29-1024x683.jpg 400w,https:\/\/www.lauriecornillon.com\/wp-content\/uploads\/sites\/5\/2022\/07\/mariage-saint-paul-de-vence-29-1024x683.jpg 2x\" srcset=\"https:\/\/www.lauriecornillon.com\/wp-content\/uploads\/sites\/5\/2022\/07\/mariage-saint-paul-de-vence-29.jpg, https:\/\/www.lauriecornillon.com\/wp-content\/uploads\/sites\/5\/2022\/07\/mariage-saint-paul-de-vence-29.jpg 2x\" \/><\/a><div class=\"envira-gallery-captioned-data envira-gallery-captioned-data-base\"><\/div><\/div><\/div><div id=\"envira-gallery-item-28701\" class=\"envira-gallery-item envira-gallery-item-30 enviratope-item\" style=\"padding-left: 1px; padding-bottom: 2px; padding-right: 1px;\"  itemscope itemtype=\"http:\/\/schema.org\/ImageObject\"><div class=\"envira-gallery-item-inner\"><div class=\"envira-gallery-position-overlay envira-gallery-top-left\"><\/div><div class=\"envira-gallery-position-overlay envira-gallery-top-right\"><\/div><div class=\"envira-gallery-position-overlay envira-gallery-bottom-left\"><\/div><div class=\"envira-gallery-position-overlay envira-gallery-bottom-right\"><\/div><a data-envirabox=\"28572\" href=\"https:\/\/www.lauriecornillon.com\/wp-content\/uploads\/sites\/5\/2022\/07\/mariage-saint-paul-de-vence-30.jpg\" class=\"envira-gallery-28572 envira-gallery-link \" title=\"mariage-saint-paul-de-vence-30\" data-envira-item-id=\"28701\" data-title=\"mariage-saint-paul-de-vence-30\" data-caption=\" \" data-envira-retina=\"https:\/\/www.lauriecornillon.com\/wp-content\/uploads\/sites\/5\/2022\/07\/mariage-saint-paul-de-vence-30.jpg\" data-thumb=\"https:\/\/www.lauriecornillon.com\/wp-content\/uploads\/sites\/5\/2022\/07\/mariage-saint-paul-de-vence-30-100x75_c.jpg\"  itemprop=\"contentUrl\" ><img decoding=\"async\" id=\"envira-gallery-image-28701\"  data-envirabox=\"28572\" tabindex=\"-1\" class=\"envira-gallery-image envira-gallery-image-30 \" data-envira-index=\"29\" src=\"https:\/\/www.lauriecornillon.com\/wp-content\/uploads\/sites\/5\/2022\/07\/mariage-saint-paul-de-vence-30-1024x683.jpg\" width=\"640\" height=\"480\" data-envira-src=\"https:\/\/www.lauriecornillon.com\/wp-content\/uploads\/sites\/5\/2022\/07\/mariage-saint-paul-de-vence-30-1024x683.jpg\" data-envira-gallery-id=\"28572\" data-envira-item-id=\"28701\" data-caption=\" \" data-title=\"mariage-saint-paul-de-vence-30\"  alt=\"\" title=\"mariage-saint-paul-de-vence-30\"  data-no-lazy=\"1\"  itemprop=\"thumbnailUrl\" data-envira-srcset=\"https:\/\/www.lauriecornillon.com\/wp-content\/uploads\/sites\/5\/2022\/07\/mariage-saint-paul-de-vence-30-1024x683.jpg 400w,https:\/\/www.lauriecornillon.com\/wp-content\/uploads\/sites\/5\/2022\/07\/mariage-saint-paul-de-vence-30-1024x683.jpg 2x\" srcset=\"https:\/\/www.lauriecornillon.com\/wp-content\/uploads\/sites\/5\/2022\/07\/mariage-saint-paul-de-vence-30.jpg, https:\/\/www.lauriecornillon.com\/wp-content\/uploads\/sites\/5\/2022\/07\/mariage-saint-paul-de-vence-30.jpg 2x\" \/><\/a><div class=\"envira-gallery-captioned-data envira-gallery-captioned-data-base\"><\/div><\/div><\/div><div id=\"envira-gallery-item-28706\" class=\"envira-gallery-item envira-gallery-item-31 enviratope-item\" style=\"padding-left: 1px; padding-bottom: 2px; padding-right: 1px;\"  itemscope itemtype=\"http:\/\/schema.org\/ImageObject\"><div class=\"envira-gallery-item-inner\"><div class=\"envira-gallery-position-overlay envira-gallery-top-left\"><\/div><div class=\"envira-gallery-position-overlay envira-gallery-top-right\"><\/div><div class=\"envira-gallery-position-overlay envira-gallery-bottom-left\"><\/div><div class=\"envira-gallery-position-overlay envira-gallery-bottom-right\"><\/div><a data-envirabox=\"28572\" href=\"https:\/\/www.lauriecornillon.com\/wp-content\/uploads\/sites\/5\/2022\/07\/mariage-saint-paul-de-vence-31.jpg\" class=\"envira-gallery-28572 envira-gallery-link \" title=\"mariage-saint-paul-de-vence-31\" data-envira-item-id=\"28706\" data-title=\"mariage-saint-paul-de-vence-31\" data-caption=\" \" data-envira-retina=\"https:\/\/www.lauriecornillon.com\/wp-content\/uploads\/sites\/5\/2022\/07\/mariage-saint-paul-de-vence-31.jpg\" data-thumb=\"https:\/\/www.lauriecornillon.com\/wp-content\/uploads\/sites\/5\/2022\/07\/mariage-saint-paul-de-vence-31-100x75_c.jpg\"  itemprop=\"contentUrl\" ><img decoding=\"async\" id=\"envira-gallery-image-28706\"  data-envirabox=\"28572\" tabindex=\"-1\" class=\"envira-gallery-image envira-gallery-image-31 \" data-envira-index=\"30\" src=\"https:\/\/www.lauriecornillon.com\/wp-content\/uploads\/sites\/5\/2022\/07\/mariage-saint-paul-de-vence-31-1024x683.jpg\" width=\"640\" height=\"480\" data-envira-src=\"https:\/\/www.lauriecornillon.com\/wp-content\/uploads\/sites\/5\/2022\/07\/mariage-saint-paul-de-vence-31-1024x683.jpg\" data-envira-gallery-id=\"28572\" data-envira-item-id=\"28706\" data-caption=\" \" data-title=\"mariage-saint-paul-de-vence-31\"  alt=\"\" title=\"mariage-saint-paul-de-vence-31\"  data-no-lazy=\"1\"  itemprop=\"thumbnailUrl\" data-envira-srcset=\"https:\/\/www.lauriecornillon.com\/wp-content\/uploads\/sites\/5\/2022\/07\/mariage-saint-paul-de-vence-31-1024x683.jpg 400w,https:\/\/www.lauriecornillon.com\/wp-content\/uploads\/sites\/5\/2022\/07\/mariage-saint-paul-de-vence-31-1024x683.jpg 2x\" srcset=\"https:\/\/www.lauriecornillon.com\/wp-content\/uploads\/sites\/5\/2022\/07\/mariage-saint-paul-de-vence-31.jpg, https:\/\/www.lauriecornillon.com\/wp-content\/uploads\/sites\/5\/2022\/07\/mariage-saint-paul-de-vence-31.jpg 2x\" \/><\/a><div class=\"envira-gallery-captioned-data envira-gallery-captioned-data-base\"><\/div><\/div><\/div><div id=\"envira-gallery-item-28711\" class=\"envira-gallery-item envira-gallery-item-32 enviratope-item\" style=\"padding-left: 1px; padding-bottom: 2px; padding-right: 1px;\"  itemscope itemtype=\"http:\/\/schema.org\/ImageObject\"><div class=\"envira-gallery-item-inner\"><div class=\"envira-gallery-position-overlay envira-gallery-top-left\"><\/div><div class=\"envira-gallery-position-overlay envira-gallery-top-right\"><\/div><div class=\"envira-gallery-position-overlay envira-gallery-bottom-left\"><\/div><div class=\"envira-gallery-position-overlay envira-gallery-bottom-right\"><\/div><a data-envirabox=\"28572\" href=\"https:\/\/www.lauriecornillon.com\/wp-content\/uploads\/sites\/5\/2022\/07\/mariage-saint-paul-de-vence-32.jpg\" class=\"envira-gallery-28572 envira-gallery-link \" title=\"mariage-saint-paul-de-vence-32\" data-envira-item-id=\"28711\" data-title=\"mariage-saint-paul-de-vence-32\" data-caption=\" \" data-envira-retina=\"https:\/\/www.lauriecornillon.com\/wp-content\/uploads\/sites\/5\/2022\/07\/mariage-saint-paul-de-vence-32.jpg\" data-thumb=\"https:\/\/www.lauriecornillon.com\/wp-content\/uploads\/sites\/5\/2022\/07\/mariage-saint-paul-de-vence-32-100x75_c.jpg\"  itemprop=\"contentUrl\" ><img decoding=\"async\" id=\"envira-gallery-image-28711\"  data-envirabox=\"28572\" tabindex=\"-1\" class=\"envira-gallery-image envira-gallery-image-32 \" data-envira-index=\"31\" src=\"https:\/\/www.lauriecornillon.com\/wp-content\/uploads\/sites\/5\/2022\/07\/mariage-saint-paul-de-vence-32-1024x683.jpg\" width=\"640\" height=\"480\" data-envira-src=\"https:\/\/www.lauriecornillon.com\/wp-content\/uploads\/sites\/5\/2022\/07\/mariage-saint-paul-de-vence-32-1024x683.jpg\" data-envira-gallery-id=\"28572\" data-envira-item-id=\"28711\" data-caption=\" \" data-title=\"mariage-saint-paul-de-vence-32\"  alt=\"\" title=\"mariage-saint-paul-de-vence-32\"  data-no-lazy=\"1\"  itemprop=\"thumbnailUrl\" data-envira-srcset=\"https:\/\/www.lauriecornillon.com\/wp-content\/uploads\/sites\/5\/2022\/07\/mariage-saint-paul-de-vence-32-1024x683.jpg 400w,https:\/\/www.lauriecornillon.com\/wp-content\/uploads\/sites\/5\/2022\/07\/mariage-saint-paul-de-vence-32-1024x683.jpg 2x\" srcset=\"https:\/\/www.lauriecornillon.com\/wp-content\/uploads\/sites\/5\/2022\/07\/mariage-saint-paul-de-vence-32.jpg, https:\/\/www.lauriecornillon.com\/wp-content\/uploads\/sites\/5\/2022\/07\/mariage-saint-paul-de-vence-32.jpg 2x\" \/><\/a><div class=\"envira-gallery-captioned-data envira-gallery-captioned-data-base\"><\/div><\/div><\/div><div id=\"envira-gallery-item-28716\" class=\"envira-gallery-item envira-gallery-item-33 enviratope-item\" style=\"padding-left: 1px; padding-bottom: 2px; padding-right: 1px;\"  itemscope itemtype=\"http:\/\/schema.org\/ImageObject\"><div class=\"envira-gallery-item-inner\"><div class=\"envira-gallery-position-overlay envira-gallery-top-left\"><\/div><div class=\"envira-gallery-position-overlay envira-gallery-top-right\"><\/div><div class=\"envira-gallery-position-overlay envira-gallery-bottom-left\"><\/div><div class=\"envira-gallery-position-overlay envira-gallery-bottom-right\"><\/div><a data-envirabox=\"28572\" href=\"https:\/\/www.lauriecornillon.com\/wp-content\/uploads\/sites\/5\/2022\/07\/mariage-saint-paul-de-vence-33.jpg\" class=\"envira-gallery-28572 envira-gallery-link \" title=\"mariage-saint-paul-de-vence-33\" data-envira-item-id=\"28716\" data-title=\"mariage-saint-paul-de-vence-33\" data-caption=\" \" data-envira-retina=\"https:\/\/www.lauriecornillon.com\/wp-content\/uploads\/sites\/5\/2022\/07\/mariage-saint-paul-de-vence-33.jpg\" data-thumb=\"https:\/\/www.lauriecornillon.com\/wp-content\/uploads\/sites\/5\/2022\/07\/mariage-saint-paul-de-vence-33-100x75_c.jpg\"  itemprop=\"contentUrl\" ><img decoding=\"async\" id=\"envira-gallery-image-28716\"  data-envirabox=\"28572\" tabindex=\"-1\" class=\"envira-gallery-image envira-gallery-image-33 \" data-envira-index=\"32\" src=\"https:\/\/www.lauriecornillon.com\/wp-content\/uploads\/sites\/5\/2022\/07\/mariage-saint-paul-de-vence-33-1024x683.jpg\" width=\"640\" height=\"480\" data-envira-src=\"https:\/\/www.lauriecornillon.com\/wp-content\/uploads\/sites\/5\/2022\/07\/mariage-saint-paul-de-vence-33-1024x683.jpg\" data-envira-gallery-id=\"28572\" data-envira-item-id=\"28716\" data-caption=\" \" data-title=\"mariage-saint-paul-de-vence-33\"  alt=\"\" title=\"mariage-saint-paul-de-vence-33\"  data-no-lazy=\"1\"  itemprop=\"thumbnailUrl\" data-envira-srcset=\"https:\/\/www.lauriecornillon.com\/wp-content\/uploads\/sites\/5\/2022\/07\/mariage-saint-paul-de-vence-33-1024x683.jpg 400w,https:\/\/www.lauriecornillon.com\/wp-content\/uploads\/sites\/5\/2022\/07\/mariage-saint-paul-de-vence-33-1024x683.jpg 2x\" srcset=\"https:\/\/www.lauriecornillon.com\/wp-content\/uploads\/sites\/5\/2022\/07\/mariage-saint-paul-de-vence-33.jpg, https:\/\/www.lauriecornillon.com\/wp-content\/uploads\/sites\/5\/2022\/07\/mariage-saint-paul-de-vence-33.jpg 2x\" \/><\/a><div class=\"envira-gallery-captioned-data envira-gallery-captioned-data-base\"><\/div><\/div><\/div><div id=\"envira-gallery-item-28722\" class=\"envira-gallery-item envira-gallery-item-34 enviratope-item\" style=\"padding-left: 1px; padding-bottom: 2px; padding-right: 1px;\"  itemscope itemtype=\"http:\/\/schema.org\/ImageObject\"><div class=\"envira-gallery-item-inner\"><div class=\"envira-gallery-position-overlay envira-gallery-top-left\"><\/div><div class=\"envira-gallery-position-overlay envira-gallery-top-right\"><\/div><div class=\"envira-gallery-position-overlay envira-gallery-bottom-left\"><\/div><div class=\"envira-gallery-position-overlay envira-gallery-bottom-right\"><\/div><a data-envirabox=\"28572\" href=\"https:\/\/www.lauriecornillon.com\/wp-content\/uploads\/sites\/5\/2022\/07\/mariage-saint-paul-de-vence-34.jpg\" class=\"envira-gallery-28572 envira-gallery-link \" title=\"mariage-saint-paul-de-vence-34\" data-envira-item-id=\"28722\" data-title=\"mariage-saint-paul-de-vence-34\" data-caption=\" \" data-envira-retina=\"https:\/\/www.lauriecornillon.com\/wp-content\/uploads\/sites\/5\/2022\/07\/mariage-saint-paul-de-vence-34.jpg\" data-thumb=\"https:\/\/www.lauriecornillon.com\/wp-content\/uploads\/sites\/5\/2022\/07\/mariage-saint-paul-de-vence-34-100x75_c.jpg\"  itemprop=\"contentUrl\" ><img decoding=\"async\" id=\"envira-gallery-image-28722\"  data-envirabox=\"28572\" tabindex=\"-1\" class=\"envira-gallery-image envira-gallery-image-34 \" data-envira-index=\"33\" src=\"https:\/\/www.lauriecornillon.com\/wp-content\/uploads\/sites\/5\/2022\/07\/mariage-saint-paul-de-vence-34-1024x683.jpg\" width=\"640\" height=\"480\" data-envira-src=\"https:\/\/www.lauriecornillon.com\/wp-content\/uploads\/sites\/5\/2022\/07\/mariage-saint-paul-de-vence-34-1024x683.jpg\" data-envira-gallery-id=\"28572\" data-envira-item-id=\"28722\" data-caption=\" \" data-title=\"mariage-saint-paul-de-vence-34\"  alt=\"\" title=\"mariage-saint-paul-de-vence-34\"  data-no-lazy=\"1\"  itemprop=\"thumbnailUrl\" data-envira-srcset=\"https:\/\/www.lauriecornillon.com\/wp-content\/uploads\/sites\/5\/2022\/07\/mariage-saint-paul-de-vence-34-1024x683.jpg 400w,https:\/\/www.lauriecornillon.com\/wp-content\/uploads\/sites\/5\/2022\/07\/mariage-saint-paul-de-vence-34-1024x683.jpg 2x\" srcset=\"https:\/\/www.lauriecornillon.com\/wp-content\/uploads\/sites\/5\/2022\/07\/mariage-saint-paul-de-vence-34.jpg, https:\/\/www.lauriecornillon.com\/wp-content\/uploads\/sites\/5\/2022\/07\/mariage-saint-paul-de-vence-34.jpg 2x\" \/><\/a><div class=\"envira-gallery-captioned-data envira-gallery-captioned-data-base\"><\/div><\/div><\/div><div id=\"envira-gallery-item-28726\" class=\"envira-gallery-item envira-gallery-item-35 enviratope-item\" style=\"padding-left: 1px; padding-bottom: 2px; padding-right: 1px;\"  itemscope itemtype=\"http:\/\/schema.org\/ImageObject\"><div class=\"envira-gallery-item-inner\"><div class=\"envira-gallery-position-overlay envira-gallery-top-left\"><\/div><div class=\"envira-gallery-position-overlay envira-gallery-top-right\"><\/div><div class=\"envira-gallery-position-overlay envira-gallery-bottom-left\"><\/div><div class=\"envira-gallery-position-overlay envira-gallery-bottom-right\"><\/div><a data-envirabox=\"28572\" href=\"https:\/\/www.lauriecornillon.com\/wp-content\/uploads\/sites\/5\/2022\/07\/mariage-saint-paul-de-vence-35.jpg\" class=\"envira-gallery-28572 envira-gallery-link \" title=\"mariage-saint-paul-de-vence-35\" data-envira-item-id=\"28726\" data-title=\"mariage-saint-paul-de-vence-35\" data-caption=\" \" data-envira-retina=\"https:\/\/www.lauriecornillon.com\/wp-content\/uploads\/sites\/5\/2022\/07\/mariage-saint-paul-de-vence-35.jpg\" data-thumb=\"https:\/\/www.lauriecornillon.com\/wp-content\/uploads\/sites\/5\/2022\/07\/mariage-saint-paul-de-vence-35-100x75_c.jpg\"  itemprop=\"contentUrl\" ><img decoding=\"async\" id=\"envira-gallery-image-28726\"  data-envirabox=\"28572\" tabindex=\"-1\" class=\"envira-gallery-image envira-gallery-image-35 \" data-envira-index=\"34\" src=\"https:\/\/www.lauriecornillon.com\/wp-content\/uploads\/sites\/5\/2022\/07\/mariage-saint-paul-de-vence-35-1024x683.jpg\" width=\"640\" height=\"480\" data-envira-src=\"https:\/\/www.lauriecornillon.com\/wp-content\/uploads\/sites\/5\/2022\/07\/mariage-saint-paul-de-vence-35-1024x683.jpg\" data-envira-gallery-id=\"28572\" data-envira-item-id=\"28726\" data-caption=\" \" data-title=\"mariage-saint-paul-de-vence-35\"  alt=\"\" title=\"mariage-saint-paul-de-vence-35\"  data-no-lazy=\"1\"  itemprop=\"thumbnailUrl\" data-envira-srcset=\"https:\/\/www.lauriecornillon.com\/wp-content\/uploads\/sites\/5\/2022\/07\/mariage-saint-paul-de-vence-35-1024x683.jpg 400w,https:\/\/www.lauriecornillon.com\/wp-content\/uploads\/sites\/5\/2022\/07\/mariage-saint-paul-de-vence-35-1024x683.jpg 2x\" srcset=\"https:\/\/www.lauriecornillon.com\/wp-content\/uploads\/sites\/5\/2022\/07\/mariage-saint-paul-de-vence-35.jpg, https:\/\/www.lauriecornillon.com\/wp-content\/uploads\/sites\/5\/2022\/07\/mariage-saint-paul-de-vence-35.jpg 2x\" \/><\/a><div class=\"envira-gallery-captioned-data envira-gallery-captioned-data-base\"><\/div><\/div><\/div><div id=\"envira-gallery-item-28731\" class=\"envira-gallery-item envira-gallery-item-36 enviratope-item\" style=\"padding-left: 1px; padding-bottom: 2px; padding-right: 1px;\"  itemscope itemtype=\"http:\/\/schema.org\/ImageObject\"><div class=\"envira-gallery-item-inner\"><div class=\"envira-gallery-position-overlay envira-gallery-top-left\"><\/div><div class=\"envira-gallery-position-overlay envira-gallery-top-right\"><\/div><div class=\"envira-gallery-position-overlay envira-gallery-bottom-left\"><\/div><div class=\"envira-gallery-position-overlay envira-gallery-bottom-right\"><\/div><a data-envirabox=\"28572\" href=\"https:\/\/www.lauriecornillon.com\/wp-content\/uploads\/sites\/5\/2022\/07\/mariage-saint-paul-de-vence-36.jpg\" class=\"envira-gallery-28572 envira-gallery-link \" title=\"mariage-saint-paul-de-vence-36\" data-envira-item-id=\"28731\" data-title=\"mariage-saint-paul-de-vence-36\" data-caption=\" \" data-envira-retina=\"https:\/\/www.lauriecornillon.com\/wp-content\/uploads\/sites\/5\/2022\/07\/mariage-saint-paul-de-vence-36.jpg\" data-thumb=\"https:\/\/www.lauriecornillon.com\/wp-content\/uploads\/sites\/5\/2022\/07\/mariage-saint-paul-de-vence-36-100x75_c.jpg\"  itemprop=\"contentUrl\" ><img decoding=\"async\" id=\"envira-gallery-image-28731\"  data-envirabox=\"28572\" tabindex=\"-1\" class=\"envira-gallery-image envira-gallery-image-36 \" data-envira-index=\"35\" src=\"https:\/\/www.lauriecornillon.com\/wp-content\/uploads\/sites\/5\/2022\/07\/mariage-saint-paul-de-vence-36-1024x683.jpg\" width=\"640\" height=\"480\" data-envira-src=\"https:\/\/www.lauriecornillon.com\/wp-content\/uploads\/sites\/5\/2022\/07\/mariage-saint-paul-de-vence-36-1024x683.jpg\" data-envira-gallery-id=\"28572\" data-envira-item-id=\"28731\" data-caption=\" \" data-title=\"mariage-saint-paul-de-vence-36\"  alt=\"\" title=\"mariage-saint-paul-de-vence-36\"  data-no-lazy=\"1\"  itemprop=\"thumbnailUrl\" data-envira-srcset=\"https:\/\/www.lauriecornillon.com\/wp-content\/uploads\/sites\/5\/2022\/07\/mariage-saint-paul-de-vence-36-1024x683.jpg 400w,https:\/\/www.lauriecornillon.com\/wp-content\/uploads\/sites\/5\/2022\/07\/mariage-saint-paul-de-vence-36-1024x683.jpg 2x\" srcset=\"https:\/\/www.lauriecornillon.com\/wp-content\/uploads\/sites\/5\/2022\/07\/mariage-saint-paul-de-vence-36.jpg, https:\/\/www.lauriecornillon.com\/wp-content\/uploads\/sites\/5\/2022\/07\/mariage-saint-paul-de-vence-36.jpg 2x\" \/><\/a><div class=\"envira-gallery-captioned-data envira-gallery-captioned-data-base\"><\/div><\/div><\/div><div id=\"envira-gallery-item-28735\" class=\"envira-gallery-item envira-gallery-item-37 enviratope-item\" style=\"padding-left: 1px; padding-bottom: 2px; padding-right: 1px;\"  itemscope itemtype=\"http:\/\/schema.org\/ImageObject\"><div class=\"envira-gallery-item-inner\"><div class=\"envira-gallery-position-overlay envira-gallery-top-left\"><\/div><div class=\"envira-gallery-position-overlay envira-gallery-top-right\"><\/div><div class=\"envira-gallery-position-overlay envira-gallery-bottom-left\"><\/div><div class=\"envira-gallery-position-overlay envira-gallery-bottom-right\"><\/div><a data-envirabox=\"28572\" href=\"https:\/\/www.lauriecornillon.com\/wp-content\/uploads\/sites\/5\/2022\/07\/mariage-saint-paul-de-vence-37.jpg\" class=\"envira-gallery-28572 envira-gallery-link \" title=\"mariage-saint-paul-de-vence-37\" data-envira-item-id=\"28735\" data-title=\"mariage-saint-paul-de-vence-37\" data-caption=\" \" data-envira-retina=\"https:\/\/www.lauriecornillon.com\/wp-content\/uploads\/sites\/5\/2022\/07\/mariage-saint-paul-de-vence-37.jpg\" data-thumb=\"https:\/\/www.lauriecornillon.com\/wp-content\/uploads\/sites\/5\/2022\/07\/mariage-saint-paul-de-vence-37-100x75_c.jpg\"  itemprop=\"contentUrl\" ><img decoding=\"async\" id=\"envira-gallery-image-28735\"  data-envirabox=\"28572\" tabindex=\"-1\" class=\"envira-gallery-image envira-gallery-image-37 \" data-envira-index=\"36\" src=\"https:\/\/www.lauriecornillon.com\/wp-content\/uploads\/sites\/5\/2022\/07\/mariage-saint-paul-de-vence-37-1024x683.jpg\" width=\"640\" height=\"480\" data-envira-src=\"https:\/\/www.lauriecornillon.com\/wp-content\/uploads\/sites\/5\/2022\/07\/mariage-saint-paul-de-vence-37-1024x683.jpg\" data-envira-gallery-id=\"28572\" data-envira-item-id=\"28735\" data-caption=\" \" data-title=\"mariage-saint-paul-de-vence-37\"  alt=\"\" title=\"mariage-saint-paul-de-vence-37\"  data-no-lazy=\"1\"  itemprop=\"thumbnailUrl\" data-envira-srcset=\"https:\/\/www.lauriecornillon.com\/wp-content\/uploads\/sites\/5\/2022\/07\/mariage-saint-paul-de-vence-37-1024x683.jpg 400w,https:\/\/www.lauriecornillon.com\/wp-content\/uploads\/sites\/5\/2022\/07\/mariage-saint-paul-de-vence-37-1024x683.jpg 2x\" srcset=\"https:\/\/www.lauriecornillon.com\/wp-content\/uploads\/sites\/5\/2022\/07\/mariage-saint-paul-de-vence-37.jpg, https:\/\/www.lauriecornillon.com\/wp-content\/uploads\/sites\/5\/2022\/07\/mariage-saint-paul-de-vence-37.jpg 2x\" \/><\/a><div class=\"envira-gallery-captioned-data envira-gallery-captioned-data-base\"><\/div><\/div><\/div><div id=\"envira-gallery-item-28740\" class=\"envira-gallery-item envira-gallery-item-38 enviratope-item\" style=\"padding-left: 1px; padding-bottom: 2px; padding-right: 1px;\"  itemscope itemtype=\"http:\/\/schema.org\/ImageObject\"><div class=\"envira-gallery-item-inner\"><div class=\"envira-gallery-position-overlay envira-gallery-top-left\"><\/div><div class=\"envira-gallery-position-overlay envira-gallery-top-right\"><\/div><div class=\"envira-gallery-position-overlay envira-gallery-bottom-left\"><\/div><div class=\"envira-gallery-position-overlay envira-gallery-bottom-right\"><\/div><a data-envirabox=\"28572\" href=\"https:\/\/www.lauriecornillon.com\/wp-content\/uploads\/sites\/5\/2022\/07\/mariage-saint-paul-de-vence-38.jpg\" class=\"envira-gallery-28572 envira-gallery-link \" title=\"mariage-saint-paul-de-vence-38\" data-envira-item-id=\"28740\" data-title=\"mariage-saint-paul-de-vence-38\" data-caption=\" \" data-envira-retina=\"https:\/\/www.lauriecornillon.com\/wp-content\/uploads\/sites\/5\/2022\/07\/mariage-saint-paul-de-vence-38.jpg\" data-thumb=\"https:\/\/www.lauriecornillon.com\/wp-content\/uploads\/sites\/5\/2022\/07\/mariage-saint-paul-de-vence-38-100x75_c.jpg\"  itemprop=\"contentUrl\" ><img decoding=\"async\" id=\"envira-gallery-image-28740\"  data-envirabox=\"28572\" tabindex=\"-1\" class=\"envira-gallery-image envira-gallery-image-38 \" data-envira-index=\"37\" src=\"https:\/\/www.lauriecornillon.com\/wp-content\/uploads\/sites\/5\/2022\/07\/mariage-saint-paul-de-vence-38-1024x683.jpg\" width=\"640\" height=\"480\" data-envira-src=\"https:\/\/www.lauriecornillon.com\/wp-content\/uploads\/sites\/5\/2022\/07\/mariage-saint-paul-de-vence-38-1024x683.jpg\" data-envira-gallery-id=\"28572\" data-envira-item-id=\"28740\" data-caption=\" \" data-title=\"mariage-saint-paul-de-vence-38\"  alt=\"\" title=\"mariage-saint-paul-de-vence-38\"  data-no-lazy=\"1\"  itemprop=\"thumbnailUrl\" data-envira-srcset=\"https:\/\/www.lauriecornillon.com\/wp-content\/uploads\/sites\/5\/2022\/07\/mariage-saint-paul-de-vence-38-1024x683.jpg 400w,https:\/\/www.lauriecornillon.com\/wp-content\/uploads\/sites\/5\/2022\/07\/mariage-saint-paul-de-vence-38-1024x683.jpg 2x\" srcset=\"https:\/\/www.lauriecornillon.com\/wp-content\/uploads\/sites\/5\/2022\/07\/mariage-saint-paul-de-vence-38.jpg, https:\/\/www.lauriecornillon.com\/wp-content\/uploads\/sites\/5\/2022\/07\/mariage-saint-paul-de-vence-38.jpg 2x\" \/><\/a><div class=\"envira-gallery-captioned-data envira-gallery-captioned-data-base\"><\/div><\/div><\/div><div id=\"envira-gallery-item-28743\" class=\"envira-gallery-item envira-gallery-item-39 enviratope-item\" style=\"padding-left: 1px; padding-bottom: 2px; padding-right: 1px;\"  itemscope itemtype=\"http:\/\/schema.org\/ImageObject\"><div class=\"envira-gallery-item-inner\"><div class=\"envira-gallery-position-overlay envira-gallery-top-left\"><\/div><div class=\"envira-gallery-position-overlay envira-gallery-top-right\"><\/div><div class=\"envira-gallery-position-overlay envira-gallery-bottom-left\"><\/div><div class=\"envira-gallery-position-overlay envira-gallery-bottom-right\"><\/div><a data-envirabox=\"28572\" href=\"https:\/\/www.lauriecornillon.com\/wp-content\/uploads\/sites\/5\/2022\/07\/mariage-saint-paul-de-vence-39.jpg\" class=\"envira-gallery-28572 envira-gallery-link \" title=\"mariage-saint-paul-de-vence-39\" data-envira-item-id=\"28743\" data-title=\"mariage-saint-paul-de-vence-39\" data-caption=\" \" data-envira-retina=\"https:\/\/www.lauriecornillon.com\/wp-content\/uploads\/sites\/5\/2022\/07\/mariage-saint-paul-de-vence-39.jpg\" data-thumb=\"https:\/\/www.lauriecornillon.com\/wp-content\/uploads\/sites\/5\/2022\/07\/mariage-saint-paul-de-vence-39-100x75_c.jpg\"  itemprop=\"contentUrl\" ><img decoding=\"async\" id=\"envira-gallery-image-28743\"  data-envirabox=\"28572\" tabindex=\"-1\" class=\"envira-gallery-image envira-gallery-image-39 \" data-envira-index=\"38\" src=\"https:\/\/www.lauriecornillon.com\/wp-content\/uploads\/sites\/5\/2022\/07\/mariage-saint-paul-de-vence-39-1024x683.jpg\" width=\"640\" height=\"480\" data-envira-src=\"https:\/\/www.lauriecornillon.com\/wp-content\/uploads\/sites\/5\/2022\/07\/mariage-saint-paul-de-vence-39-1024x683.jpg\" data-envira-gallery-id=\"28572\" data-envira-item-id=\"28743\" data-caption=\" \" data-title=\"mariage-saint-paul-de-vence-39\"  alt=\"\" title=\"mariage-saint-paul-de-vence-39\"  data-no-lazy=\"1\"  itemprop=\"thumbnailUrl\" data-envira-srcset=\"https:\/\/www.lauriecornillon.com\/wp-content\/uploads\/sites\/5\/2022\/07\/mariage-saint-paul-de-vence-39-1024x683.jpg 400w,https:\/\/www.lauriecornillon.com\/wp-content\/uploads\/sites\/5\/2022\/07\/mariage-saint-paul-de-vence-39-1024x683.jpg 2x\" srcset=\"https:\/\/www.lauriecornillon.com\/wp-content\/uploads\/sites\/5\/2022\/07\/mariage-saint-paul-de-vence-39.jpg, https:\/\/www.lauriecornillon.com\/wp-content\/uploads\/sites\/5\/2022\/07\/mariage-saint-paul-de-vence-39.jpg 2x\" \/><\/a><div class=\"envira-gallery-captioned-data envira-gallery-captioned-data-base\"><\/div><\/div><\/div><div id=\"envira-gallery-item-28748\" class=\"envira-gallery-item envira-gallery-item-40 enviratope-item\" style=\"padding-left: 1px; padding-bottom: 2px; padding-right: 1px;\"  itemscope itemtype=\"http:\/\/schema.org\/ImageObject\"><div class=\"envira-gallery-item-inner\"><div class=\"envira-gallery-position-overlay envira-gallery-top-left\"><\/div><div class=\"envira-gallery-position-overlay envira-gallery-top-right\"><\/div><div class=\"envira-gallery-position-overlay envira-gallery-bottom-left\"><\/div><div class=\"envira-gallery-position-overlay envira-gallery-bottom-right\"><\/div><a data-envirabox=\"28572\" href=\"https:\/\/www.lauriecornillon.com\/wp-content\/uploads\/sites\/5\/2022\/07\/mariage-saint-paul-de-vence-40.jpg\" class=\"envira-gallery-28572 envira-gallery-link \" title=\"mariage-saint-paul-de-vence-40\" data-envira-item-id=\"28748\" data-title=\"mariage-saint-paul-de-vence-40\" data-caption=\" \" data-envira-retina=\"https:\/\/www.lauriecornillon.com\/wp-content\/uploads\/sites\/5\/2022\/07\/mariage-saint-paul-de-vence-40.jpg\" data-thumb=\"https:\/\/www.lauriecornillon.com\/wp-content\/uploads\/sites\/5\/2022\/07\/mariage-saint-paul-de-vence-40-100x75_c.jpg\"  itemprop=\"contentUrl\" ><img decoding=\"async\" id=\"envira-gallery-image-28748\"  data-envirabox=\"28572\" tabindex=\"-1\" class=\"envira-gallery-image envira-gallery-image-40 \" data-envira-index=\"39\" src=\"https:\/\/www.lauriecornillon.com\/wp-content\/uploads\/sites\/5\/2022\/07\/mariage-saint-paul-de-vence-40-1024x683.jpg\" width=\"640\" height=\"480\" data-envira-src=\"https:\/\/www.lauriecornillon.com\/wp-content\/uploads\/sites\/5\/2022\/07\/mariage-saint-paul-de-vence-40-1024x683.jpg\" data-envira-gallery-id=\"28572\" data-envira-item-id=\"28748\" data-caption=\" \" data-title=\"mariage-saint-paul-de-vence-40\"  alt=\"\" title=\"mariage-saint-paul-de-vence-40\"  data-no-lazy=\"1\"  itemprop=\"thumbnailUrl\" data-envira-srcset=\"https:\/\/www.lauriecornillon.com\/wp-content\/uploads\/sites\/5\/2022\/07\/mariage-saint-paul-de-vence-40-1024x683.jpg 400w,https:\/\/www.lauriecornillon.com\/wp-content\/uploads\/sites\/5\/2022\/07\/mariage-saint-paul-de-vence-40-1024x683.jpg 2x\" srcset=\"https:\/\/www.lauriecornillon.com\/wp-content\/uploads\/sites\/5\/2022\/07\/mariage-saint-paul-de-vence-40.jpg, https:\/\/www.lauriecornillon.com\/wp-content\/uploads\/sites\/5\/2022\/07\/mariage-saint-paul-de-vence-40.jpg 2x\" \/><\/a><div class=\"envira-gallery-captioned-data envira-gallery-captioned-data-base\"><\/div><\/div><\/div><div id=\"envira-gallery-item-28753\" class=\"envira-gallery-item envira-gallery-item-41 enviratope-item\" style=\"padding-left: 1px; padding-bottom: 2px; padding-right: 1px;\"  itemscope itemtype=\"http:\/\/schema.org\/ImageObject\"><div class=\"envira-gallery-item-inner\"><div class=\"envira-gallery-position-overlay envira-gallery-top-left\"><\/div><div class=\"envira-gallery-position-overlay envira-gallery-top-right\"><\/div><div class=\"envira-gallery-position-overlay envira-gallery-bottom-left\"><\/div><div class=\"envira-gallery-position-overlay envira-gallery-bottom-right\"><\/div><a data-envirabox=\"28572\" href=\"https:\/\/www.lauriecornillon.com\/wp-content\/uploads\/sites\/5\/2022\/07\/mariage-saint-paul-de-vence-41.jpg\" class=\"envira-gallery-28572 envira-gallery-link \" title=\"mariage-saint-paul-de-vence-41\" data-envira-item-id=\"28753\" data-title=\"mariage-saint-paul-de-vence-41\" data-caption=\" \" data-envira-retina=\"https:\/\/www.lauriecornillon.com\/wp-content\/uploads\/sites\/5\/2022\/07\/mariage-saint-paul-de-vence-41.jpg\" data-thumb=\"https:\/\/www.lauriecornillon.com\/wp-content\/uploads\/sites\/5\/2022\/07\/mariage-saint-paul-de-vence-41-100x75_c.jpg\"  itemprop=\"contentUrl\" ><img decoding=\"async\" id=\"envira-gallery-image-28753\"  data-envirabox=\"28572\" tabindex=\"-1\" class=\"envira-gallery-image envira-gallery-image-41 \" data-envira-index=\"40\" src=\"https:\/\/www.lauriecornillon.com\/wp-content\/uploads\/sites\/5\/2022\/07\/mariage-saint-paul-de-vence-41-1024x683.jpg\" width=\"640\" height=\"480\" data-envira-src=\"https:\/\/www.lauriecornillon.com\/wp-content\/uploads\/sites\/5\/2022\/07\/mariage-saint-paul-de-vence-41-1024x683.jpg\" data-envira-gallery-id=\"28572\" data-envira-item-id=\"28753\" data-caption=\" \" data-title=\"mariage-saint-paul-de-vence-41\"  alt=\"\" title=\"mariage-saint-paul-de-vence-41\"  data-no-lazy=\"1\"  itemprop=\"thumbnailUrl\" data-envira-srcset=\"https:\/\/www.lauriecornillon.com\/wp-content\/uploads\/sites\/5\/2022\/07\/mariage-saint-paul-de-vence-41-1024x683.jpg 400w,https:\/\/www.lauriecornillon.com\/wp-content\/uploads\/sites\/5\/2022\/07\/mariage-saint-paul-de-vence-41-1024x683.jpg 2x\" srcset=\"https:\/\/www.lauriecornillon.com\/wp-content\/uploads\/sites\/5\/2022\/07\/mariage-saint-paul-de-vence-41.jpg, https:\/\/www.lauriecornillon.com\/wp-content\/uploads\/sites\/5\/2022\/07\/mariage-saint-paul-de-vence-41.jpg 2x\" \/><\/a><div class=\"envira-gallery-captioned-data envira-gallery-captioned-data-base\"><\/div><\/div><\/div><div id=\"envira-gallery-item-28757\" class=\"envira-gallery-item envira-gallery-item-42 enviratope-item\" style=\"padding-left: 1px; padding-bottom: 2px; padding-right: 1px;\"  itemscope itemtype=\"http:\/\/schema.org\/ImageObject\"><div class=\"envira-gallery-item-inner\"><div class=\"envira-gallery-position-overlay envira-gallery-top-left\"><\/div><div class=\"envira-gallery-position-overlay envira-gallery-top-right\"><\/div><div class=\"envira-gallery-position-overlay envira-gallery-bottom-left\"><\/div><div class=\"envira-gallery-position-overlay envira-gallery-bottom-right\"><\/div><a data-envirabox=\"28572\" href=\"https:\/\/www.lauriecornillon.com\/wp-content\/uploads\/sites\/5\/2022\/07\/mariage-saint-paul-de-vence-42.jpg\" class=\"envira-gallery-28572 envira-gallery-link \" title=\"mariage-saint-paul-de-vence-42\" data-envira-item-id=\"28757\" data-title=\"mariage-saint-paul-de-vence-42\" data-caption=\" \" data-envira-retina=\"https:\/\/www.lauriecornillon.com\/wp-content\/uploads\/sites\/5\/2022\/07\/mariage-saint-paul-de-vence-42.jpg\" data-thumb=\"https:\/\/www.lauriecornillon.com\/wp-content\/uploads\/sites\/5\/2022\/07\/mariage-saint-paul-de-vence-42-100x75_c.jpg\"  itemprop=\"contentUrl\" ><img decoding=\"async\" id=\"envira-gallery-image-28757\"  data-envirabox=\"28572\" tabindex=\"-1\" class=\"envira-gallery-image envira-gallery-image-42 \" data-envira-index=\"41\" src=\"https:\/\/www.lauriecornillon.com\/wp-content\/uploads\/sites\/5\/2022\/07\/mariage-saint-paul-de-vence-42-683x1024.jpg\" width=\"640\" height=\"480\" data-envira-src=\"https:\/\/www.lauriecornillon.com\/wp-content\/uploads\/sites\/5\/2022\/07\/mariage-saint-paul-de-vence-42-683x1024.jpg\" data-envira-gallery-id=\"28572\" data-envira-item-id=\"28757\" data-caption=\" \" data-title=\"mariage-saint-paul-de-vence-42\"  alt=\"\" title=\"mariage-saint-paul-de-vence-42\"  data-no-lazy=\"1\"  itemprop=\"thumbnailUrl\" data-envira-srcset=\"https:\/\/www.lauriecornillon.com\/wp-content\/uploads\/sites\/5\/2022\/07\/mariage-saint-paul-de-vence-42-683x1024.jpg 400w,https:\/\/www.lauriecornillon.com\/wp-content\/uploads\/sites\/5\/2022\/07\/mariage-saint-paul-de-vence-42-683x1024.jpg 2x\" srcset=\"https:\/\/www.lauriecornillon.com\/wp-content\/uploads\/sites\/5\/2022\/07\/mariage-saint-paul-de-vence-42.jpg, https:\/\/www.lauriecornillon.com\/wp-content\/uploads\/sites\/5\/2022\/07\/mariage-saint-paul-de-vence-42.jpg 2x\" \/><\/a><div class=\"envira-gallery-captioned-data envira-gallery-captioned-data-base\"><\/div><\/div><\/div><div id=\"envira-gallery-item-28769\" class=\"envira-gallery-item envira-gallery-item-43 enviratope-item\" style=\"padding-left: 1px; padding-bottom: 2px; padding-right: 1px;\"  itemscope itemtype=\"http:\/\/schema.org\/ImageObject\"><div class=\"envira-gallery-item-inner\"><div class=\"envira-gallery-position-overlay envira-gallery-top-left\"><\/div><div class=\"envira-gallery-position-overlay envira-gallery-top-right\"><\/div><div class=\"envira-gallery-position-overlay envira-gallery-bottom-left\"><\/div><div class=\"envira-gallery-position-overlay envira-gallery-bottom-right\"><\/div><a data-envirabox=\"28572\" href=\"https:\/\/www.lauriecornillon.com\/wp-content\/uploads\/sites\/5\/2022\/07\/mariage-saint-paul-de-vence-44.jpg\" class=\"envira-gallery-28572 envira-gallery-link \" title=\"mariage-saint-paul-de-vence-44\" data-envira-item-id=\"28769\" data-title=\"mariage-saint-paul-de-vence-44\" data-caption=\" \" data-envira-retina=\"https:\/\/www.lauriecornillon.com\/wp-content\/uploads\/sites\/5\/2022\/07\/mariage-saint-paul-de-vence-44.jpg\" data-thumb=\"https:\/\/www.lauriecornillon.com\/wp-content\/uploads\/sites\/5\/2022\/07\/mariage-saint-paul-de-vence-44-100x75_c.jpg\"  itemprop=\"contentUrl\" ><img decoding=\"async\" id=\"envira-gallery-image-28769\"  data-envirabox=\"28572\" tabindex=\"-1\" class=\"envira-gallery-image envira-gallery-image-43 \" data-envira-index=\"42\" src=\"https:\/\/www.lauriecornillon.com\/wp-content\/uploads\/sites\/5\/2022\/07\/mariage-saint-paul-de-vence-44-1024x683.jpg\" width=\"640\" height=\"480\" data-envira-src=\"https:\/\/www.lauriecornillon.com\/wp-content\/uploads\/sites\/5\/2022\/07\/mariage-saint-paul-de-vence-44-1024x683.jpg\" data-envira-gallery-id=\"28572\" data-envira-item-id=\"28769\" data-caption=\" \" data-title=\"mariage-saint-paul-de-vence-44\"  alt=\"\" title=\"mariage-saint-paul-de-vence-44\"  data-no-lazy=\"1\"  itemprop=\"thumbnailUrl\" data-envira-srcset=\"https:\/\/www.lauriecornillon.com\/wp-content\/uploads\/sites\/5\/2022\/07\/mariage-saint-paul-de-vence-44-1024x683.jpg 400w,https:\/\/www.lauriecornillon.com\/wp-content\/uploads\/sites\/5\/2022\/07\/mariage-saint-paul-de-vence-44-1024x683.jpg 2x\" srcset=\"https:\/\/www.lauriecornillon.com\/wp-content\/uploads\/sites\/5\/2022\/07\/mariage-saint-paul-de-vence-44.jpg, https:\/\/www.lauriecornillon.com\/wp-content\/uploads\/sites\/5\/2022\/07\/mariage-saint-paul-de-vence-44.jpg 2x\" \/><\/a><div class=\"envira-gallery-captioned-data envira-gallery-captioned-data-base\"><\/div><\/div><\/div><div id=\"envira-gallery-item-28774\" class=\"envira-gallery-item envira-gallery-item-44 enviratope-item\" style=\"padding-left: 1px; padding-bottom: 2px; padding-right: 1px;\"  itemscope itemtype=\"http:\/\/schema.org\/ImageObject\"><div class=\"envira-gallery-item-inner\"><div class=\"envira-gallery-position-overlay envira-gallery-top-left\"><\/div><div class=\"envira-gallery-position-overlay envira-gallery-top-right\"><\/div><div class=\"envira-gallery-position-overlay envira-gallery-bottom-left\"><\/div><div class=\"envira-gallery-position-overlay envira-gallery-bottom-right\"><\/div><a data-envirabox=\"28572\" href=\"https:\/\/www.lauriecornillon.com\/wp-content\/uploads\/sites\/5\/2022\/07\/mariage-saint-paul-de-vence-45.jpg\" class=\"envira-gallery-28572 envira-gallery-link \" title=\"mariage-saint-paul-de-vence-45\" data-envira-item-id=\"28774\" data-title=\"mariage-saint-paul-de-vence-45\" data-caption=\" \" data-envira-retina=\"https:\/\/www.lauriecornillon.com\/wp-content\/uploads\/sites\/5\/2022\/07\/mariage-saint-paul-de-vence-45.jpg\" data-thumb=\"https:\/\/www.lauriecornillon.com\/wp-content\/uploads\/sites\/5\/2022\/07\/mariage-saint-paul-de-vence-45-100x75_c.jpg\"  itemprop=\"contentUrl\" ><img decoding=\"async\" id=\"envira-gallery-image-28774\"  data-envirabox=\"28572\" tabindex=\"-1\" class=\"envira-gallery-image envira-gallery-image-44 \" data-envira-index=\"43\" src=\"https:\/\/www.lauriecornillon.com\/wp-content\/uploads\/sites\/5\/2022\/07\/mariage-saint-paul-de-vence-45-1024x683.jpg\" width=\"640\" height=\"480\" data-envira-src=\"https:\/\/www.lauriecornillon.com\/wp-content\/uploads\/sites\/5\/2022\/07\/mariage-saint-paul-de-vence-45-1024x683.jpg\" data-envira-gallery-id=\"28572\" data-envira-item-id=\"28774\" data-caption=\" \" data-title=\"mariage-saint-paul-de-vence-45\"  alt=\"\" title=\"mariage-saint-paul-de-vence-45\"  data-no-lazy=\"1\"  itemprop=\"thumbnailUrl\" data-envira-srcset=\"https:\/\/www.lauriecornillon.com\/wp-content\/uploads\/sites\/5\/2022\/07\/mariage-saint-paul-de-vence-45-1024x683.jpg 400w,https:\/\/www.lauriecornillon.com\/wp-content\/uploads\/sites\/5\/2022\/07\/mariage-saint-paul-de-vence-45-1024x683.jpg 2x\" srcset=\"https:\/\/www.lauriecornillon.com\/wp-content\/uploads\/sites\/5\/2022\/07\/mariage-saint-paul-de-vence-45.jpg, https:\/\/www.lauriecornillon.com\/wp-content\/uploads\/sites\/5\/2022\/07\/mariage-saint-paul-de-vence-45.jpg 2x\" \/><\/a><div class=\"envira-gallery-captioned-data envira-gallery-captioned-data-base\"><\/div><\/div><\/div><div id=\"envira-gallery-item-28779\" class=\"envira-gallery-item envira-gallery-item-45 enviratope-item\" style=\"padding-left: 1px; padding-bottom: 2px; padding-right: 1px;\"  itemscope itemtype=\"http:\/\/schema.org\/ImageObject\"><div class=\"envira-gallery-item-inner\"><div class=\"envira-gallery-position-overlay envira-gallery-top-left\"><\/div><div class=\"envira-gallery-position-overlay envira-gallery-top-right\"><\/div><div class=\"envira-gallery-position-overlay envira-gallery-bottom-left\"><\/div><div class=\"envira-gallery-position-overlay envira-gallery-bottom-right\"><\/div><a data-envirabox=\"28572\" href=\"https:\/\/www.lauriecornillon.com\/wp-content\/uploads\/sites\/5\/2022\/07\/mariage-saint-paul-de-vence-46.jpg\" class=\"envira-gallery-28572 envira-gallery-link \" title=\"mariage-saint-paul-de-vence-46\" data-envira-item-id=\"28779\" data-title=\"mariage-saint-paul-de-vence-46\" data-caption=\" \" data-envira-retina=\"https:\/\/www.lauriecornillon.com\/wp-content\/uploads\/sites\/5\/2022\/07\/mariage-saint-paul-de-vence-46.jpg\" data-thumb=\"https:\/\/www.lauriecornillon.com\/wp-content\/uploads\/sites\/5\/2022\/07\/mariage-saint-paul-de-vence-46-100x75_c.jpg\"  itemprop=\"contentUrl\" ><img decoding=\"async\" id=\"envira-gallery-image-28779\"  data-envirabox=\"28572\" tabindex=\"-1\" class=\"envira-gallery-image envira-gallery-image-45 \" data-envira-index=\"44\" src=\"https:\/\/www.lauriecornillon.com\/wp-content\/uploads\/sites\/5\/2022\/07\/mariage-saint-paul-de-vence-46-1024x683.jpg\" width=\"640\" height=\"480\" data-envira-src=\"https:\/\/www.lauriecornillon.com\/wp-content\/uploads\/sites\/5\/2022\/07\/mariage-saint-paul-de-vence-46-1024x683.jpg\" data-envira-gallery-id=\"28572\" data-envira-item-id=\"28779\" data-caption=\" \" data-title=\"mariage-saint-paul-de-vence-46\"  alt=\"\" title=\"mariage-saint-paul-de-vence-46\"  data-no-lazy=\"1\"  itemprop=\"thumbnailUrl\" data-envira-srcset=\"https:\/\/www.lauriecornillon.com\/wp-content\/uploads\/sites\/5\/2022\/07\/mariage-saint-paul-de-vence-46-1024x683.jpg 400w,https:\/\/www.lauriecornillon.com\/wp-content\/uploads\/sites\/5\/2022\/07\/mariage-saint-paul-de-vence-46-1024x683.jpg 2x\" srcset=\"https:\/\/www.lauriecornillon.com\/wp-content\/uploads\/sites\/5\/2022\/07\/mariage-saint-paul-de-vence-46.jpg, https:\/\/www.lauriecornillon.com\/wp-content\/uploads\/sites\/5\/2022\/07\/mariage-saint-paul-de-vence-46.jpg 2x\" \/><\/a><div class=\"envira-gallery-captioned-data envira-gallery-captioned-data-base\"><\/div><\/div><\/div><div id=\"envira-gallery-item-28784\" class=\"envira-gallery-item envira-gallery-item-46 enviratope-item\" style=\"padding-left: 1px; padding-bottom: 2px; padding-right: 1px;\"  itemscope itemtype=\"http:\/\/schema.org\/ImageObject\"><div class=\"envira-gallery-item-inner\"><div class=\"envira-gallery-position-overlay envira-gallery-top-left\"><\/div><div class=\"envira-gallery-position-overlay envira-gallery-top-right\"><\/div><div class=\"envira-gallery-position-overlay envira-gallery-bottom-left\"><\/div><div class=\"envira-gallery-position-overlay envira-gallery-bottom-right\"><\/div><a data-envirabox=\"28572\" href=\"https:\/\/www.lauriecornillon.com\/wp-content\/uploads\/sites\/5\/2022\/07\/mariage-saint-paul-de-vence-47.jpg\" class=\"envira-gallery-28572 envira-gallery-link \" title=\"mariage-saint-paul-de-vence-47\" data-envira-item-id=\"28784\" data-title=\"mariage-saint-paul-de-vence-47\" data-caption=\" \" data-envira-retina=\"https:\/\/www.lauriecornillon.com\/wp-content\/uploads\/sites\/5\/2022\/07\/mariage-saint-paul-de-vence-47.jpg\" data-thumb=\"https:\/\/www.lauriecornillon.com\/wp-content\/uploads\/sites\/5\/2022\/07\/mariage-saint-paul-de-vence-47-100x75_c.jpg\"  itemprop=\"contentUrl\" ><img decoding=\"async\" id=\"envira-gallery-image-28784\"  data-envirabox=\"28572\" tabindex=\"-1\" class=\"envira-gallery-image envira-gallery-image-46 \" data-envira-index=\"45\" src=\"https:\/\/www.lauriecornillon.com\/wp-content\/uploads\/sites\/5\/2022\/07\/mariage-saint-paul-de-vence-47-1024x683.jpg\" width=\"640\" height=\"480\" data-envira-src=\"https:\/\/www.lauriecornillon.com\/wp-content\/uploads\/sites\/5\/2022\/07\/mariage-saint-paul-de-vence-47-1024x683.jpg\" data-envira-gallery-id=\"28572\" data-envira-item-id=\"28784\" data-caption=\" \" data-title=\"mariage-saint-paul-de-vence-47\"  alt=\"\" title=\"mariage-saint-paul-de-vence-47\"  data-no-lazy=\"1\"  itemprop=\"thumbnailUrl\" data-envira-srcset=\"https:\/\/www.lauriecornillon.com\/wp-content\/uploads\/sites\/5\/2022\/07\/mariage-saint-paul-de-vence-47-1024x683.jpg 400w,https:\/\/www.lauriecornillon.com\/wp-content\/uploads\/sites\/5\/2022\/07\/mariage-saint-paul-de-vence-47-1024x683.jpg 2x\" srcset=\"https:\/\/www.lauriecornillon.com\/wp-content\/uploads\/sites\/5\/2022\/07\/mariage-saint-paul-de-vence-47.jpg, https:\/\/www.lauriecornillon.com\/wp-content\/uploads\/sites\/5\/2022\/07\/mariage-saint-paul-de-vence-47.jpg 2x\" \/><\/a><div class=\"envira-gallery-captioned-data envira-gallery-captioned-data-base\"><\/div><\/div><\/div><\/div><\/div><noscript><\/noscript><\/div><\/div><\/div><div class=\"et_pb_section_3 et_pb_section et_section_regular et_block_section\"><div class=\"et_pb_row_3 et_pb_row et_block_row\"><div class=\"et_pb_column_4 et_pb_column et_pb_column_4_4 et-last-child et_block_column et_pb_css_mix_blend_mode_passthrough\"><div class=\"et_pb_module et_pb_button_module_wrapper et_pb_button_0_wrapper\"><a class=\"et_pb_button_0 et_pb_button et_pb_bg_layout_light et_pb_module et_block_module\" href=\"https:\/\/www.lauriecornillon.com\/contact\/\">Me contacter<\/a><\/div><\/div><\/div><\/div>\n","protected":false},"excerpt":{"rendered":"","protected":false},"author":1,"featured_media":28784,"comment_status":"closed","ping_status":"open","sticky":false,"template":"","format":"standard","meta":{"footnotes":""},"categories":[62,9,63],"tags":[],"class_list":["post-29047","post","type-post","status-publish","format-standard","has-post-thumbnail","hentry","category-extraits-de-mariage","category-mariage","category-tous"],"_links":{"self":[{"href":"https:\/\/www.lauriecornillon.com\/en\/wp-json\/wp\/v2\/posts\/29047","targetHints":{"allow":["GET"]}}],"collection":[{"href":"https:\/\/www.lauriecornillon.com\/en\/wp-json\/wp\/v2\/posts"}],"about":[{"href":"https:\/\/www.lauriecornillon.com\/en\/wp-json\/wp\/v2\/types\/post"}],"author":[{"embeddable":true,"href":"https:\/\/www.lauriecornillon.com\/en\/wp-json\/wp\/v2\/users\/1"}],"replies":[{"embeddable":true,"href":"https:\/\/www.lauriecornillon.com\/en\/wp-json\/wp\/v2\/comments?post=29047"}],"version-history":[{"count":0,"href":"https:\/\/www.lauriecornillon.com\/en\/wp-json\/wp\/v2\/posts\/29047\/revisions"}],"wp:featuredmedia":[{"embeddable":true,"href":"https:\/\/www.lauriecornillon.com\/en\/wp-json\/wp\/v2\/media\/28784"}],"wp:attachment":[{"href":"https:\/\/www.lauriecornillon.com\/en\/wp-json\/wp\/v2\/media?parent=29047"}],"wp:term":[{"taxonomy":"category","embeddable":true,"href":"https:\/\/www.lauriecornillon.com\/en\/wp-json\/wp\/v2\/categories?post=29047"},{"taxonomy":"post_tag","embeddable":true,"href":"https:\/\/www.lauriecornillon.com\/en\/wp-json\/wp\/v2\/tags?post=29047"}],"curies":[{"name":"wp","href":"https:\/\/api.w.org\/{rel}","templated":true}]}}