{"id":18446,"date":"2021-05-27T16:57:01","date_gmt":"2021-05-27T14:57:01","guid":{"rendered":"https:\/\/www.lauriecornillon.com\/?page_id=18446"},"modified":"2026-03-04T13:58:21","modified_gmt":"2026-03-04T12:58:21","slug":"fotografo-di-compleanno","status":"publish","type":"post","link":"https:\/\/www.lauriecornillon.com\/it\/photographe-anniversaire\/","title":{"rendered":"Fotografo di compleanno"},"content":{"rendered":"<div class=\"et_pb_section_0 et_pb_section et_section_specialty et_pb_gutters3 et_block_section\"><div class=\"et_pb_row et_block_row\">\r\n<div class=\"et_pb_column_0 et_pb_column et_pb_column_single et_pb_column_1_2 et_block_column et_pb_css_mix_blend_mode_passthrough\">\r\n<div class=\"et_pb_text_0 et_pb_text et_pb_bg_layout_light et_pb_module et_block_module\"><div class=\"et_pb_text_inner\"><h1>Fotografo di compleanno a Nizza, Mentone e nelle Alpi Marittime<\/h1>\n<p>&nbsp;<\/p>\n<p style=\"text-align: justify;\">Un fotografo professionista per la vostra festa di compleanno a Nizza o a <a href=\"https:\/\/www.lauriecornillon.com\/it\/fotografo-di-matrimonio-2\/\">Mentone<\/a> \u00e8 uno dei migliori regali che possiate fare alla vostra famiglia. I ricordi durano per sempre e questo giorno non dovrebbe fare eccezione! Volete che i preziosi ricordi della vostra famiglia siano conservati per gli anni a venire. Quindi cosa c'\u00e8 di meglio che rivolgersi a un professionista? Un occhio creativo combinato con una tecnica sapiente per catturare tutti quei momenti preziosi - fidatevi!<br \/> <em><\/em><\/p>\n<\/div><\/div>\r\n<\/div>\r\n\r\n<div class=\"et_pb_column_1 et_pb_column et_pb_specialty_column et_pb_column_1_2 et-last-child et_block_column et_pb_css_mix_blend_mode_passthrough\">\r\n<div class=\"et_pb_row_inner_0 et_pb_row_inner et_block_row\">\r\n<div class=\"et_pb_column_inner_0 et_pb_column_inner et_pb_column et_pb_column_4_4 et-last-child et_block_column et_pb_css_mix_blend_mode_passthrough\">\r\n<div class=\"et_pb_image_0 et_pb_image et_animated et_pb_module et_block_module\"><span class=\"et_pb_image_wrap\"><img decoding=\"async\" data-src=\"https:\/\/www.lauriecornillon.com\/wp-content\/uploads\/sites\/5\/2021\/05\/photographe-anniversaire-repas.jpg\" width=\"2560\" height=\"1708\" data-srcset=\"https:\/\/www.lauriecornillon.com\/wp-content\/uploads\/sites\/5\/2021\/05\/photographe-anniversaire-repas.jpg 2560w, https:\/\/www.lauriecornillon.com\/wp-content\/uploads\/sites\/5\/2021\/05\/photographe-anniversaire-repas-1280x854.jpg 1280w, https:\/\/www.lauriecornillon.com\/wp-content\/uploads\/sites\/5\/2021\/05\/photographe-anniversaire-repas-980x654.jpg 980w, https:\/\/www.lauriecornillon.com\/wp-content\/uploads\/sites\/5\/2021\/05\/photographe-anniversaire-repas-480x320.jpg 480w\" data-sizes=\"auto\" class=\"wp-image-18468 lazyload\" title=\"fotografo-anniversario-pranzo\" src=\"data:image\/svg+xml;base64,PHN2ZyB3aWR0aD0iMSIgaGVpZ2h0PSIxIiB4bWxucz0iaHR0cDovL3d3dy53My5vcmcvMjAwMC9zdmciPjwvc3ZnPg==\" style=\"--smush-placeholder-width: 2560px; --smush-placeholder-aspect-ratio: 2560\/1708;\" data-original-sizes=\"(min-width: 0px) and (max-width: 480px) 480px, (min-width: 481px) and (max-width: 980px) 980px, (min-width: 981px) and (max-width: 1280px) 1280px, (min-width: 1281px) 2560px, 100vw\" \/><\/span><\/div>\r\n\r\n<div class=\"et_pb_image_1 et_pb_image et_animated et_pb_module et_block_module\"><span class=\"et_pb_image_wrap\"><img decoding=\"async\" data-src=\"https:\/\/www.lauriecornillon.com\/wp-content\/uploads\/sites\/5\/2021\/05\/photographe-anniversaire-spontane.jpg\" width=\"2560\" height=\"1708\" data-srcset=\"https:\/\/www.lauriecornillon.com\/wp-content\/uploads\/sites\/5\/2021\/05\/photographe-anniversaire-spontane.jpg 2560w, https:\/\/www.lauriecornillon.com\/wp-content\/uploads\/sites\/5\/2021\/05\/photographe-anniversaire-spontane-1280x854.jpg 1280w, https:\/\/www.lauriecornillon.com\/wp-content\/uploads\/sites\/5\/2021\/05\/photographe-anniversaire-spontane-980x654.jpg 980w, https:\/\/www.lauriecornillon.com\/wp-content\/uploads\/sites\/5\/2021\/05\/photographe-anniversaire-spontane-480x320.jpg 480w\" data-sizes=\"auto\" class=\"wp-image-18470 lazyload\" title=\"compleanno-fotografo-spontane\" src=\"data:image\/svg+xml;base64,PHN2ZyB3aWR0aD0iMSIgaGVpZ2h0PSIxIiB4bWxucz0iaHR0cDovL3d3dy53My5vcmcvMjAwMC9zdmciPjwvc3ZnPg==\" style=\"--smush-placeholder-width: 2560px; --smush-placeholder-aspect-ratio: 2560\/1708;\" data-original-sizes=\"(min-width: 0px) and (max-width: 480px) 480px, (min-width: 481px) and (max-width: 980px) 980px, (min-width: 981px) and (max-width: 1280px) 1280px, (min-width: 1281px) 2560px, 100vw\" \/><\/span><\/div>\r\n<\/div>\r\n<\/div>\r\n<\/div>\r\n<\/div><\/div>\r\n\r\n<div class=\"et_pb_section_1 et_pb_section et_section_regular et_block_section\">\r\n<div class=\"et_pb_row_0 et_pb_row et_block_row\">\r\n<div class=\"et_pb_column_2 et_pb_column et_pb_column_4_4 et-last-child et_block_column et_pb_css_mix_blend_mode_passthrough\">\r\n<div class=\"et_pb_text_1 et_pb_text et_pb_bg_layout_light et_pb_module et_block_module\"><div class=\"et_pb_text_inner\"><p style=\"text-align: center;\" class=\"police\">Perch\u00e9 affidarsi a un fotografo professionista per le feste di compleanno nelle Alpi Marittime?<\/p>\n<\/div><\/div>\r\n<\/div>\r\n<\/div>\r\n\r\n<div class=\"et_pb_row_1 et_pb_row et_block_row\">\r\n<div class=\"et_pb_column_3 et_pb_column et_pb_column_1_2 et_block_column et_pb_css_mix_blend_mode_passthrough\">\r\n<div class=\"et_pb_text_2 et_pb_text et_pb_bg_layout_light et_pb_module et_block_module\"><div class=\"et_pb_text_inner\"><div class=\"w-custom-heading\" style=\"text-align: justify;\">\n<p>Ci sono due motivi principali per ingaggiare un fotografo per una festa di compleanno. Il primo \u00e8 che potete godervi la festa da soli! Non volete perdervi momenti preziosi con la vostra famiglia correndo in giro a fotografarli e perdendo nel frattempo scatti chiave. I bambini si muovono velocemente e catturare i loro momenti pu\u00f2 essere una sfida con una semplice fotocamera del telefono, ma non con qualcuno specializzato nel creare immagini di alta qualit\u00e0 che catturino le emozioni con una fotocamera professionale.<\/p>\n<\/div>\n<\/div><\/div>\r\n<\/div>\r\n\r\n<div class=\"et_pb_column_4 et_pb_column et_pb_column_1_2 et-last-child et_block_column et_pb_css_mix_blend_mode_passthrough\">\r\n<div class=\"et_pb_text_3 et_pb_text et_pb_bg_layout_light et_pb_module et_block_module\"><div class=\"et_pb_text_inner\"><div class=\"w-custom-heading\" style=\"text-align: justify;\">\n<p>Il secondo motivo \u00e8 la qualit\u00e0: le foto scattate da un telefono possono andare bene per i social network, ma non vanno bene per la stampa. Se volete creare delle immagini per la vostra casa che durino per tutta la vita, affidatevi a un fotografo professionista di compleanno a Monaco, Nizza o <a href=\"https:\/\/www.lauriecornillon.com\/it\/fotografo-di-matrimonio-2\/\">Mentone<\/a> \u00e8 la scelta migliore! La mia esperienza nel fotografare ricevimenti di nozze e feste di compleanno mi permette di fornirvi risultati coerenti, degni di un'opera d'arte che sarete orgogliosi di appendere alle vostre pareti e condividere con i vostri amici.<\/p>\n<\/div>\n<\/div><\/div>\r\n<\/div>\r\n<\/div>\r\n<\/div>\r\n\r\n<div class=\"et_pb_section_2 et_pb_section et_section_regular et_block_section\">\r\n<div class=\"et_pb_row_2 et_pb_row et_block_row\">\r\n<div class=\"et_pb_column_5 et_pb_column et_pb_column_4_4 et-last-child et_block_column et_pb_css_mix_blend_mode_passthrough\">\r\n<div class=\"et_pb_text_4 et_pb_text et_pb_bg_layout_light et_pb_module et_block_module\"><div class=\"et_pb_text_inner\"><h2 style=\"text-align: center;\" class=\"police\">Il vostro fotografo per feste di compleanno a Nizza<\/h2>\n<\/div><\/div>\r\n\r\n<div class=\"et_pb_text_5 et_pb_text et_pb_bg_layout_light et_pb_module et_block_module\"><div class=\"et_pb_text_inner\"><p style=\"text-align: justify;\">La fotografia di una festa di compleanno deve essere pi\u00f9 di una semplice foto. Si tratta dei vostri ricordi catturati per sempre, ed \u00e8 per questo che volete avere il miglior fotografo possibile per il vostro evento, che lavorer\u00e0 con voi su ci\u00f2 che render\u00e0 l'evento speciale per voi. Ricordate, non sono qui solo per scattare foto, sono qui per catturare quei momenti in cui condividete la vostra vita insieme, quindi godetevi ogni secondo.<\/p>\n<p style=\"text-align: justify;\">Come fotografo di feste di compleanno nelle Alpi Marittime, mi assicuro di documentare il vostro evento e di realizzare il servizio fotografico che fa per voi. Catturo ogni momento e lavoro a feste di compleanno di tutte le dimensioni, dai baby shower ai compleanni importanti per gli adulti! Quando si tratta di fotografare bambini o ragazzi, potete fidarvi di me: so come catturare al meglio quei momenti preziosi che accadono cos\u00ec rapidamente.<\/p>\n<\/div><\/div>\r\n<\/div>\r\n<\/div>\r\n\r\n<div class=\"et_pb_row_3 et_pb_row et_block_row\">\r\n<div class=\"et_pb_column_6 et_pb_column et_pb_column_1_3 et_block_column et_pb_css_mix_blend_mode_passthrough\">\r\n<div class=\"et_pb_image_2 et_pb_image et_pb_module et_block_module\"><span class=\"et_pb_image_wrap\"><img decoding=\"async\" data-src=\"https:\/\/www.lauriecornillon.com\/wp-content\/uploads\/sites\/5\/2024\/04\/anniversaire-1.jpg\" width=\"1001\" height=\"1500\" data-srcset=\"https:\/\/www.lauriecornillon.com\/wp-content\/uploads\/sites\/5\/2024\/04\/anniversaire-1.jpg 1001w, https:\/\/www.lauriecornillon.com\/wp-content\/uploads\/sites\/5\/2024\/04\/anniversaire-1-980x1469.jpg 980w, https:\/\/www.lauriecornillon.com\/wp-content\/uploads\/sites\/5\/2024\/04\/anniversaire-1-480x719.jpg 480w\" data-sizes=\"auto\" class=\"wp-image-31177 lazyload\" title=\"compleanno-3\" alt=\"Fotografo di compleanno\" src=\"data:image\/svg+xml;base64,PHN2ZyB3aWR0aD0iMSIgaGVpZ2h0PSIxIiB4bWxucz0iaHR0cDovL3d3dy53My5vcmcvMjAwMC9zdmciPjwvc3ZnPg==\" style=\"--smush-placeholder-width: 1001px; --smush-placeholder-aspect-ratio: 1001\/1500;\" data-original-sizes=\"(min-width: 0px) and (max-width: 480px) 480px, (min-width: 481px) and (max-width: 980px) 980px, (min-width: 981px) 1001px, 100vw\" \/><\/span><\/div>\r\n<\/div>\r\n\r\n<div class=\"et_pb_column_7 et_pb_column et_pb_column_1_3 et_block_column et_pb_css_mix_blend_mode_passthrough\">\r\n<div class=\"et_pb_image_3 et_pb_image et_pb_module et_block_module\"><span class=\"et_pb_image_wrap\"><img decoding=\"async\" data-src=\"https:\/\/www.lauriecornillon.com\/wp-content\/uploads\/sites\/5\/2024\/04\/anniversaire-4.jpg\" width=\"1001\" height=\"1500\" data-srcset=\"https:\/\/www.lauriecornillon.com\/wp-content\/uploads\/sites\/5\/2024\/04\/anniversaire-4.jpg 1001w, https:\/\/www.lauriecornillon.com\/wp-content\/uploads\/sites\/5\/2024\/04\/anniversaire-4-980x1469.jpg 980w, https:\/\/www.lauriecornillon.com\/wp-content\/uploads\/sites\/5\/2024\/04\/anniversaire-4-480x719.jpg 480w\" data-sizes=\"auto\" class=\"wp-image-31176 lazyload\" title=\"Fotografia di matrimonio Antibes\" alt=\"Fotografo di compleanno\" src=\"data:image\/svg+xml;base64,PHN2ZyB3aWR0aD0iMSIgaGVpZ2h0PSIxIiB4bWxucz0iaHR0cDovL3d3dy53My5vcmcvMjAwMC9zdmciPjwvc3ZnPg==\" style=\"--smush-placeholder-width: 1001px; --smush-placeholder-aspect-ratio: 1001\/1500;\" data-original-sizes=\"(min-width: 0px) and (max-width: 480px) 480px, (min-width: 481px) and (max-width: 980px) 980px, (min-width: 981px) 1001px, 100vw\" \/><\/span><\/div>\r\n<\/div>\r\n\r\n<div class=\"et_pb_column_8 et_pb_column et_pb_column_1_3 et-last-child et_block_column et_pb_css_mix_blend_mode_passthrough\">\r\n<div class=\"et_pb_image_4 et_pb_image et_pb_module et_block_module\"><span class=\"et_pb_image_wrap\"><img decoding=\"async\" data-src=\"https:\/\/www.lauriecornillon.com\/wp-content\/uploads\/sites\/5\/2024\/04\/anniversaire-2.jpg\" width=\"1001\" height=\"1500\" data-srcset=\"https:\/\/www.lauriecornillon.com\/wp-content\/uploads\/sites\/5\/2024\/04\/anniversaire-2.jpg 1001w, https:\/\/www.lauriecornillon.com\/wp-content\/uploads\/sites\/5\/2024\/04\/anniversaire-2-980x1469.jpg 980w, https:\/\/www.lauriecornillon.com\/wp-content\/uploads\/sites\/5\/2024\/04\/anniversaire-2-480x719.jpg 480w\" data-sizes=\"auto\" class=\"wp-image-31178 lazyload\" title=\"compleanno-2\" alt=\"Fotografo di compleanno Costa Azzurra\" src=\"data:image\/svg+xml;base64,PHN2ZyB3aWR0aD0iMSIgaGVpZ2h0PSIxIiB4bWxucz0iaHR0cDovL3d3dy53My5vcmcvMjAwMC9zdmciPjwvc3ZnPg==\" style=\"--smush-placeholder-width: 1001px; --smush-placeholder-aspect-ratio: 1001\/1500;\" data-original-sizes=\"(min-width: 0px) and (max-width: 480px) 480px, (min-width: 481px) and (max-width: 980px) 980px, (min-width: 981px) 1001px, 100vw\" \/><\/span><\/div>\r\n<\/div>\r\n<\/div>\r\n<\/div>\r\n\r\n<div class=\"et_pb_section_3 et_pb_section et_section_regular et_block_section\">\r\n<div class=\"et_pb_row_4 et_pb_row et_block_row\">\r\n<div class=\"et_pb_column_9 et_pb_column et_pb_column_4_4 et-last-child et_block_column et_pb_css_mix_blend_mode_passthrough\">\r\n<div class=\"et_pb_text_6 et_pb_text et_pb_bg_layout_light et_pb_module et_block_module\"><div class=\"et_pb_text_inner\"><h2 style=\"text-align: center;\" class=\"police\">Ricordi perfetti di questo grande momento a Mentone<\/h2>\n<\/div><\/div>\r\n\r\n<div class=\"et_pb_text_7 et_pb_text et_pb_bg_layout_light et_pb_module et_block_module\"><div class=\"et_pb_text_inner\"><p style=\"text-align: justify;\">La fotografia per le feste di compleanno rende onore al protagonista dell'evento e a coloro che si sono impegnati per organizzarlo. Creare ricordi per tutti coloro che partecipano alla festa di compleanno \u00e8 una delle componenti pi\u00f9 importanti di un evento di successo. Immaginate quanto sareste delusi se tutti i vostri sforzi non venissero apprezzati e dimenticati qualche mese dopo!<\/p>\n<p style=\"text-align: justify;\">Un ottimo modo per assicurarsi che questo non accada \u00e8 assumere un fotografo che possa catturare tutti quei piccoli dettagli in modo da ricordarli per sempre! Catturo tutti i piccoli dettagli della vostra festa, compresi la torta, il cibo e le decorazioni.<\/p>\n<p style=\"text-align: justify;\">Le immagini sono parte integrante della nostra vita e dei nostri ricordi. Non c'\u00e8 niente di pi\u00f9 importante che conservare i momenti migliori per poterli guardare con gioia negli anni a venire.<\/p>\n<\/div><\/div>\r\n<\/div>\r\n<\/div>\r\n<\/div>\r\n\r\n<div class=\"et_pb_section_4 et_pb_section et_section_regular et_block_section\">\r\n<div class=\"et_pb_row_5 et_pb_row et_block_row\">\r\n<div class=\"et_pb_column_10 et_pb_column et_pb_column_4_4 et-last-child et_block_column et_pb_css_mix_blend_mode_passthrough\">\r\n<div class=\"et_pb_text_8 et_pb_text et_pb_bg_layout_light et_pb_module et_block_module\"><div class=\"et_pb_text_inner\"><h2 style=\"text-align: center;\" class=\"police\">Una grande esperienza nella fotografia di compleanno nelle Alpi Marittime<\/h2>\n<\/div><\/div>\r\n\r\n<div class=\"et_pb_text_9 et_pb_text et_pb_bg_layout_light et_pb_module et_block_module\"><div class=\"et_pb_text_inner\"><p style=\"text-align: justify;\">Un compleanno \u00e8 la scusa perfetta per festeggiare! Posso adattarmi al vostro evento: dalle foto con gli amici o la famiglia in un ambiente intimo durante una festa di compleanno a casa vostra, alle foto di festa in un ristorante di alto livello in citt\u00e0. <a href=\"https:\/\/www.lauriecornillon.com\/it\/fotografo-di-matrimonio-cote-azur\/\">Costa Azzurra<\/a>.<\/p>\n<p style=\"text-align: justify;\">Sono specializzata nella fotografia di famiglia e di feste, grandi o piccole, con amici e persone care - catturando le risate e le emozioni sul posto per ricordi indimenticabili. Conservate il ricordo di questo evento immortalandolo con fotografie eccezionali.<\/p>\n<p style=\"text-align: justify;\">Che si tratti di una piccola festa o di una grande festa con la famiglia e gli amici, l'atmosfera naturale della serata, le decorazioni, l'effusione della gioia e dell'amore tra i propri cari: con una fotografa professionista rinomata per il suo lavoro nelle Alpi Marittime, non perderete nemmeno un dettaglio per assicurarvi che le vostre foto siano perfette!<\/p>\n<\/div><\/div>\r\n\r\n<div class=\"et_pb_image_5 et_pb_image et_pb_module et_block_module\"><span class=\"et_pb_image_wrap\"><img decoding=\"async\" data-src=\"https:\/\/www.lauriecornillon.com\/wp-content\/uploads\/sites\/5\/2024\/04\/anniversaire-5.jpg\" alt=\"Fotografo di feste di compleanno\" width=\"1500\" height=\"1001\" data-srcset=\"https:\/\/www.lauriecornillon.com\/wp-content\/uploads\/sites\/5\/2024\/04\/anniversaire-5.jpg 1500w, https:\/\/www.lauriecornillon.com\/wp-content\/uploads\/sites\/5\/2024\/04\/anniversaire-5-1280x854.jpg 1280w, https:\/\/www.lauriecornillon.com\/wp-content\/uploads\/sites\/5\/2024\/04\/anniversaire-5-980x654.jpg 980w, https:\/\/www.lauriecornillon.com\/wp-content\/uploads\/sites\/5\/2024\/04\/anniversaire-5-480x320.jpg 480w\" data-sizes=\"auto\" class=\"wp-image-31179 lazyload\" title=\"fotografo-famiglia-compleanno\" src=\"data:image\/svg+xml;base64,PHN2ZyB3aWR0aD0iMSIgaGVpZ2h0PSIxIiB4bWxucz0iaHR0cDovL3d3dy53My5vcmcvMjAwMC9zdmciPjwvc3ZnPg==\" style=\"--smush-placeholder-width: 1500px; --smush-placeholder-aspect-ratio: 1500\/1001;\" data-original-sizes=\"(min-width: 0px) and (max-width: 480px) 480px, (min-width: 481px) and (max-width: 980px) 980px, (min-width: 981px) and (max-width: 1280px) 1280px, (min-width: 1281px) 1500px, 100vw\" \/><\/span><\/div>\r\n<\/div>\r\n<\/div>\r\n<\/div>\r\n\r\n<div class=\"et_pb_section_5 et_pb_section et_section_regular et_block_section\">\r\n<div class=\"et_pb_row_6 et_pb_row et_block_row\">\r\n<div class=\"et_pb_column_11 et_pb_column et_pb_column_4_4 et-last-child et_block_column et_pb_css_mix_blend_mode_passthrough\">\r\n<div class=\"et_pb_text_10 et_pb_text et_pb_bg_layout_light et_pb_module et_block_module\"><div class=\"et_pb_text_inner\"><h2 style=\"text-align: center;\" class=\"police\"><span>Un servizio completo per un servizio fotografico di compleanno unico<\/span><\/h2>\n<\/div><\/div>\r\n<\/div>\r\n<\/div>\r\n\r\n<div class=\"et_pb_row_7 et_pb_row et_block_row\">\r\n<div class=\"et_pb_column_12 et_pb_column et_pb_column_4_4 et-last-child et_block_column et_pb_css_mix_blend_mode_passthrough\">\r\n<div class=\"et_pb_text_11 et_pb_text et_pb_bg_layout_light et_pb_module et_block_module\"><div class=\"et_pb_text_inner\"><p style=\"text-align: justify;\">Che vogliate fare un regalo a sorpresa a un membro della vostra famiglia o immortalare il compleanno di una persona a voi cara, vi offro un servizio completo e adatto alle vostre esigenze. Posso immortalare il primo compleanno del vostro bambino, feste di compleanno per giovani adulti e ricevimenti su larga scala per festeggiare i compleanni dei vostri genitori. A seconda dell'andamento della festa di compleanno <a href=\"https:\/\/www.lauriecornillon.com\/it\/\">Nizza<\/a>Offro due tipi di servizi a Mentone o nelle Alpi Marittime.<\/p>\n<\/div><\/div>\r\n<\/div>\r\n<\/div>\r\n\r\n<div class=\"et_pb_row_8 et_pb_row et_block_row\">\r\n<div class=\"et_pb_column_13 et_pb_column et_pb_column_1_2 et_block_column et_pb_css_mix_blend_mode_passthrough\">\r\n<div class=\"et_pb_text_12 et_pb_text et_pb_bg_layout_light et_pb_module et_block_module\"><div class=\"et_pb_text_inner\"><p style=\"text-align: center;\">Sessione di famiglia<\/p>\n<\/div><\/div>\r\n\r\n<div class=\"et_pb_text_13 et_pb_text et_pb_bg_layout_light et_pb_module et_block_module\"><div class=\"et_pb_text_inner\"><p style=\"text-align: center;\"><span>Una sessione fotografica di famiglia per immortalare i ritratti dei membri della vostra famiglia e offrire cos\u00ec bellissimi ricordi di questa ricorrenza. Le fotografie vengono consegnate in HD, ritoccate e sublimate.<\/span><\/p>\n<p style=\"text-align: center;\"><span><\/span><\/p>\n<\/div><\/div>\r\n<\/div>\r\n\r\n<div class=\"et_pb_column_14 et_pb_column et_pb_column_1_2 et-last-child et_block_column et_pb_css_mix_blend_mode_passthrough\">\r\n<div class=\"et_pb_text_14 et_pb_text et_pb_bg_layout_light et_pb_module et_block_module\"><div class=\"et_pb_text_inner\"><p style=\"text-align: center;\">Rapporto fotografico<\/p>\n<\/div><\/div>\r\n\r\n<div class=\"et_pb_text_15 et_pb_text et_pb_bg_layout_light et_pb_module et_block_module\"><div class=\"et_pb_text_inner\"><p style=\"text-align: center;\"><span>Un reportage fotografico completo del compleanno, del pranzo e della festa con foto naturali dell'evento e ritratti di famiglia. Non c'\u00e8 limite al numero di foto che potete scattare e saranno consegnate in HD, ritoccate e migliorate.<\/span><\/p>\n<\/div><\/div>\r\n<\/div>\r\n<\/div>\r\n\r\n<div class=\"et_pb_row_9 et_pb_row et_block_row\">\r\n<div class=\"et_pb_column_15 et_pb_column et_pb_column_4_4 et-last-child et_block_column et_pb_css_mix_blend_mode_passthrough\">\r\n<div class=\"et_pb_image_6 et_pb_image et_pb_module et_block_module\"><span class=\"et_pb_image_wrap\"><img decoding=\"async\" data-src=\"https:\/\/www.lauriecornillon.com\/wp-content\/uploads\/sites\/5\/2022\/07\/photographe-bapteme-cote-azur-90.jpg\" width=\"2500\" height=\"1668\" data-srcset=\"https:\/\/www.lauriecornillon.com\/wp-content\/uploads\/sites\/5\/2022\/07\/photographe-bapteme-cote-azur-90.jpg 2500w, https:\/\/www.lauriecornillon.com\/wp-content\/uploads\/sites\/5\/2022\/07\/photographe-bapteme-cote-azur-90-1280x854.jpg 1280w, https:\/\/www.lauriecornillon.com\/wp-content\/uploads\/sites\/5\/2022\/07\/photographe-bapteme-cote-azur-90-980x654.jpg 980w, https:\/\/www.lauriecornillon.com\/wp-content\/uploads\/sites\/5\/2022\/07\/photographe-bapteme-cote-azur-90-480x320.jpg 480w\" data-sizes=\"auto\" class=\"wp-image-29345 lazyload\" title=\"fotografo-battesimo-cote-azur-90\" src=\"data:image\/svg+xml;base64,PHN2ZyB3aWR0aD0iMSIgaGVpZ2h0PSIxIiB4bWxucz0iaHR0cDovL3d3dy53My5vcmcvMjAwMC9zdmciPjwvc3ZnPg==\" style=\"--smush-placeholder-width: 2500px; --smush-placeholder-aspect-ratio: 2500\/1668;\" data-original-sizes=\"(min-width: 0px) and (max-width: 480px) 480px, (min-width: 481px) and (max-width: 980px) 980px, (min-width: 981px) and (max-width: 1280px) 1280px, (min-width: 1281px) 2500px, 100vw\" \/><\/span><\/div>\r\n<\/div>\r\n<\/div>\r\n<\/div>\r\n\r\n<div class=\"et_pb_section_6 et_pb_section et_section_regular et_block_section\">\r\n<div class=\"et_pb_row_10 et_pb_row et_block_row\">\r\n<div class=\"et_pb_column_16 et_pb_column et_pb_column_4_4 et-last-child et_block_column et_pb_css_mix_blend_mode_passthrough\">\r\n<div class=\"et_pb_text_16 et_pb_text et_pb_bg_layout_light et_pb_module et_block_module\"><div class=\"et_pb_text_inner\"><h2 style=\"text-align: center;\" class=\"police\">Contatta il tuo fotografo di compleanno<\/h2>\n<\/div><\/div>\r\n\r\n<div class=\"et_pb_text_17 et_pb_text et_pb_bg_layout_light et_pb_module et_block_module\"><div class=\"et_pb_text_inner\"><p style=\"text-align: justify;\">Sono lieta di offrirvi servizi fotografici di compleanno di alta qualit\u00e0 che garantiranno ai vostri figli e nipoti, nipoti o cugini, un'eredit\u00e0 fotografica nel corso degli anni! Per molte famiglie catturo ricordi meravigliosi che conserveranno per sempre.<\/p>\n<p style=\"text-align: justify;\">Conosco le famiglie con cui lavoro, in modo da poter creare bellissime foto che riflettano la storia e la personalit\u00e0 della vostra famiglia! Chiamatemi o inviatemi un messaggio per parlarmi di voi, della storia fotografica di compleanno che avete in mente e del numero di persone coinvolte. Non vedo l'ora di raccontare la vostra storia in immagini.<\/p>\n<\/div><\/div>\r\n\r\n<div class=\"et_pb_module et_pb_button_module_wrapper et_pb_button_0_wrapper\"><a class=\"et_pb_button_0 et_pb_button et_pb_bg_layout_light et_pb_module et_block_module\" href=\"\/it\/contatto\/\">Contattatemi<\/a><\/div>\r\n<\/div>\r\n<\/div>\r\n<\/div>","protected":false},"excerpt":{"rendered":"","protected":false},"author":3,"featured_media":31179,"comment_status":"closed","ping_status":"closed","sticky":false,"template":"","format":"standard","meta":{"footnotes":""},"categories":[63],"tags":[],"class_list":["post-18446","post","type-post","status-publish","format-standard","has-post-thumbnail","hentry","category-tous"],"_links":{"self":[{"href":"https:\/\/www.lauriecornillon.com\/it\/wp-json\/wp\/v2\/posts\/18446","targetHints":{"allow":["GET"]}}],"collection":[{"href":"https:\/\/www.lauriecornillon.com\/it\/wp-json\/wp\/v2\/posts"}],"about":[{"href":"https:\/\/www.lauriecornillon.com\/it\/wp-json\/wp\/v2\/types\/post"}],"author":[{"embeddable":true,"href":"https:\/\/www.lauriecornillon.com\/it\/wp-json\/wp\/v2\/users\/3"}],"replies":[{"embeddable":true,"href":"https:\/\/www.lauriecornillon.com\/it\/wp-json\/wp\/v2\/comments?post=18446"}],"version-history":[{"count":0,"href":"https:\/\/www.lauriecornillon.com\/it\/wp-json\/wp\/v2\/posts\/18446\/revisions"}],"wp:featuredmedia":[{"embeddable":true,"href":"https:\/\/www.lauriecornillon.com\/it\/wp-json\/wp\/v2\/media\/31179"}],"wp:attachment":[{"href":"https:\/\/www.lauriecornillon.com\/it\/wp-json\/wp\/v2\/media?parent=18446"}],"wp:term":[{"taxonomy":"category","embeddable":true,"href":"https:\/\/www.lauriecornillon.com\/it\/wp-json\/wp\/v2\/categories?post=18446"},{"taxonomy":"post_tag","embeddable":true,"href":"https:\/\/www.lauriecornillon.com\/it\/wp-json\/wp\/v2\/tags?post=18446"}],"curies":[{"name":"wp","href":"https:\/\/api.w.org\/{rel}","templated":true}]}}